{"id":291808,"date":"2025-08-02T17:18:11","date_gmt":"2025-08-02T17:18:11","guid":{"rendered":"https:\/\/www.europesays.com\/fr\/291808\/"},"modified":"2025-08-02T17:18:11","modified_gmt":"2025-08-02T17:18:11","slug":"lyon-sincline-dune-courte-tete-face-au-bayern-munich-dans-un-match-de-gala-olise-inscrit-un-double","status":"publish","type":"post","link":"https:\/\/www.europesays.com\/fr\/291808\/","title":{"rendered":"Lyon s\u2019incline d\u2019une courte t\u00eate face au Bayern Munich dans un match de gala, Olise inscrit un doubl\u00e9"},"content":{"rendered":"<p>Invaincu lors de ses quatre premiers matches de pr\u00e9saison, l\u2019OL a \u00e9t\u00e9 battu 2-1 sur la pelouse de l\u2019Allianz Arena.<\/p>\n<p class=\"fig-paragraph\">Il y avait du beau monde sur la pelouse de l\u2019Allianz Arena de Munich ce samedi. L\u2019Olympique lyonnais avait rendez-vous avec le Bayern et\u00a0<a href=\"http:\/\/www.lefigaro.fr\/sports\/football\/transferts\/mercato-le-gros-coup-du-bayern-munich-qui-s-offre-luis-diaz-20250730\" data-fig-type=\"NewsFlash\" data-gtm-custom-categorie=\"navigation\" data-gtm-custom-action=\"crossclick\" data-gtm-custom-label=\"Contextuel\" data-gtm-event=\"customEventSPE\" data-fig-domain=\"LEFIGARO\" rel=\"nofollow noopener\" target=\"_blank\">sa nouvelle recrue star Luis Diaz<\/a>\u00a0pour son cinqui\u00e8me match de pr\u00e9saison. Invaincu avec aucun but encaiss\u00e9 jusque-l\u00e0,\u00a0<a href=\"http:\/\/www.lefigaro.fr\/sports\/football\/transferts\/morton-de-liverpool-a-lyon-caleta-car-fait-ses-valises-newcastle-pret-a-casser-sa-tirelire-pour-sesko-les-5-infos-mercato-du-jour-20250802\" data-fig-type=\"NewsFlash\" data-gtm-custom-categorie=\"navigation\" data-gtm-custom-action=\"crossclick\" data-gtm-custom-label=\"Contextuel\" data-gtm-event=\"customEventSPE\" data-fig-domain=\"LEFIGARO\" rel=\"nofollow noopener\" target=\"_blank\">le club rhodanien<\/a>\u00a0s\u2019est inclin\u00e9 2-1 malgr\u00e9 une premi\u00e8re mi-temps int\u00e9ressante et un Khalis Merah qui continue de briller du haut de ses 18 ans.<\/p>\n<p class=\"fig-paragraph\">C\u00f4t\u00e9 bavarois, c\u2019est un autre fran\u00e7ais qui s\u2019est charg\u00e9 du spectacle en inscrivant un doubl\u00e9 en 10 minutes\u00a0:\u00a0<a href=\"http:\/\/www.lefigaro.fr\/sports\/football\/allemagne\/foot-le-francais-olise-elu-meilleur-joueur-de-la-saison-du-bayern-20250728\" data-fig-type=\"NewsFlash\" data-gtm-custom-categorie=\"navigation\" data-gtm-custom-action=\"crossclick\" data-gtm-custom-label=\"Contextuel\" data-gtm-event=\"customEventSPE\" data-fig-domain=\"LEFIGARO\" rel=\"nofollow noopener\" target=\"_blank\">Michael Olise<\/a>. L\u2019ailier de 23 ans a d\u2019abord converti un penalty \u00e0 la 53e minute avant de mystifier Remy Descamps d\u2019une frappe du gauche \u00e0 l\u2019entr\u00e9e de la surface (62e). Le jeune attaquant Alejandro Gomes Rodriguez a r\u00e9duit l\u2019\u00e9cart sur son premier ballon \u00e0 la 83e minute.<\/p>\n","protected":false},"excerpt":{"rendered":"Invaincu lors de ses quatre premiers matches de pr\u00e9saison, l\u2019OL a \u00e9t\u00e9 battu 2-1 sur la pelouse de&hellip;\n","protected":false},"author":2,"featured_media":291809,"comment_status":"","ping_status":"","sticky":false,"template":"","format":"standard","meta":{"footnotes":""},"categories":[1889],"tags":[1111,11,2430,4782,1777,674,1011,27,2428,4785,12,978,25],"class_list":{"0":"post-291808","1":"post","2":"type-post","3":"status-publish","4":"format-standard","5":"has-post-thumbnail","7":"category-lyon","8":"tag-actu","9":"tag-actualites","10":"tag-auvergne-rhone-alpes","11":"tag-bayern-munich","12":"tag-eu","13":"tag-europe","14":"tag-fr","15":"tag-france","16":"tag-lyon","17":"tag-michael-olise","18":"tag-news","19":"tag-olympique-lyonnais","20":"tag-republique-francaise"},"share_on_mastodon":{"url":"https:\/\/pubeurope.com\/@fr\/114960315350570941","error":""},"_links":{"self":[{"href":"https:\/\/www.europesays.com\/fr\/wp-json\/wp\/v2\/posts\/291808","targetHints":{"allow":["GET"]}}],"collection":[{"href":"https:\/\/www.europesays.com\/fr\/wp-json\/wp\/v2\/posts"}],"about":[{"href":"https:\/\/www.europesays.com\/fr\/wp-json\/wp\/v2\/types\/post"}],"author":[{"embeddable":true,"href":"https:\/\/www.europesays.com\/fr\/wp-json\/wp\/v2\/users\/2"}],"replies":[{"embeddable":true,"href":"https:\/\/www.europesays.com\/fr\/wp-json\/wp\/v2\/comments?post=291808"}],"version-history":[{"count":0,"href":"https:\/\/www.europesays.com\/fr\/wp-json\/wp\/v2\/posts\/291808\/revisions"}],"wp:featuredmedia":[{"embeddable":true,"href":"https:\/\/www.europesays.com\/fr\/wp-json\/wp\/v2\/media\/291809"}],"wp:attachment":[{"href":"https:\/\/www.europesays.com\/fr\/wp-json\/wp\/v2\/media?parent=291808"}],"wp:term":[{"taxonomy":"category","embeddable":true,"href":"https:\/\/www.europesays.com\/fr\/wp-json\/wp\/v2\/categories?post=291808"},{"taxonomy":"post_tag","embeddable":true,"href":"https:\/\/www.europesays.com\/fr\/wp-json\/wp\/v2\/tags?post=291808"}],"curies":[{"name":"wp","href":"https:\/\/api.w.org\/{rel}","templated":true}]}}