{"id":291812,"date":"2025-08-02T17:21:12","date_gmt":"2025-08-02T17:21:12","guid":{"rendered":"https:\/\/www.europesays.com\/fr\/291812\/"},"modified":"2025-08-02T17:21:12","modified_gmt":"2025-08-02T17:21:12","slug":"les-premiers-jours-en-france-de-mariia-nazarenko-venue-dukraine","status":"publish","type":"post","link":"https:\/\/www.europesays.com\/fr\/291812\/","title":{"rendered":"les premiers jours en France de Mariia Nazarenko, venue d\u2019Ukraine"},"content":{"rendered":"<p>                         <img loading=\"lazy\" decoding=\"async\" src=\"https:\/\/www.europesays.com\/fr\/wp-content\/uploads\/2025\/08\/9a410b8_upload-1-q3hdeaasy3kw-exile-mariia-007.jpg\" alt=\"Mariia Nazarenko habite d\u00e9sormais une chambre de bonne, dans le 16\u1d49\u00a0arrondissement de Paris. Il lui arrive de revenir \u00e0 M\u00e9nilmontant (20\u1d49), comme en ce jour de mai 2025. C\u2019est dans ce quartier populaire qu\u2019elle s\u2019\u00e9tait install\u00e9e, \u00e0 son arriv\u00e9e en France. Elle y est rest\u00e9e attach\u00e9e.\"   width=\"664\" height=\"443\"\/>    Mariia Nazarenko habite d\u00e9sormais une chambre de bonne, dans le 16\u1d49\u00a0arrondissement de Paris. Il lui arrive de revenir \u00e0 M\u00e9nilmontant (20\u1d49), comme en ce jour de mai 2025. C\u2019est dans ce quartier populaire qu\u2019elle s\u2019\u00e9tait install\u00e9e, \u00e0 son arriv\u00e9e en France. Elle y est rest\u00e9e attach\u00e9e.  DARIA SVERTILOVA POUR \u00ab\u00a0LE MONDE\u00a0\u00bb                 <\/p>\n<p class=\"article__paragraph  \">\u00ab\u00a0Je devais partir trois jours. Qui sont devenus trois ans. Le 21\u00a0f\u00e9vrier\u00a02022, veille de la guerre [l\u2019invasion de l\u2019Ukraine par la Russie], nous volons avec mon conjoint vers Madrid pour un week-end en amoureux. Mon fils de 17\u00a0ans est rest\u00e9 en Ukraine. La guerre, je n\u2019y crois pas\u00a0; m\u00eame Zelensky, \u00e0 l\u2019\u00e9poque, faisait des blagues, nous disant que le mois de mai serait, comme toujours chez nous, celui des barbecues. Je me souviens me promener dans les rues de Madrid ce jour-l\u00e0, et \u00eatre prise de panique en lisant les nouvelles. Comme si l\u2019anxi\u00e9t\u00e9 m\u2019avait soudainement rattrap\u00e9e. Dans la nuit, un ami nous appelle\u00a0: il est sous les bombes \u00e0 Kiev. Mon fils et ma m\u00e8re aussi.<\/p>\n<p class=\"article__paragraph  \">Tout devient alors irr\u00e9el\u00a0; j\u2019erre comme un zombie dans la capitale espagnole, \u00e0 checker l\u2019actualit\u00e9 toutes les trois minutes sur mon t\u00e9l\u00e9phone, \u00e0 \u00e9clater en sanglots d\u00e8s que je vois un drapeau ukrainien, \u00e0 essayer de convaincre les miens de quitter Kiev. Mais les bombes pleuvent, tout est si dangereux\u2026<\/p>\n<p class=\"reading-mode-only \"><strong>Il vous reste 85.49% de cet article \u00e0 lire. La suite est r\u00e9serv\u00e9e aux abonn\u00e9s.<\/strong><\/p>\n","protected":false},"excerpt":{"rendered":"Mariia Nazarenko habite d\u00e9sormais une chambre de bonne, dans le 16\u1d49\u00a0arrondissement de Paris. Il lui arrive de revenir&hellip;\n","protected":false},"author":2,"featured_media":291813,"comment_status":"","ping_status":"","sticky":false,"template":"","format":"standard","meta":{"footnotes":""},"categories":[1888],"tags":[1111,1928,11,1927,1777,674,1011,27,12,1926,626,1925,25],"class_list":{"0":"post-291812","1":"post","2":"type-post","3":"status-publish","4":"format-standard","5":"has-post-thumbnail","7":"category-paris","8":"tag-actu","9":"tag-actu-paris","10":"tag-actualites","11":"tag-actualites-paris","12":"tag-eu","13":"tag-europe","14":"tag-fr","15":"tag-france","16":"tag-news","17":"tag-news-paris","18":"tag-paris","19":"tag-paris-news","20":"tag-republique-francaise"},"share_on_mastodon":{"url":"https:\/\/pubeurope.com\/@fr\/114960327611627147","error":""},"_links":{"self":[{"href":"https:\/\/www.europesays.com\/fr\/wp-json\/wp\/v2\/posts\/291812","targetHints":{"allow":["GET"]}}],"collection":[{"href":"https:\/\/www.europesays.com\/fr\/wp-json\/wp\/v2\/posts"}],"about":[{"href":"https:\/\/www.europesays.com\/fr\/wp-json\/wp\/v2\/types\/post"}],"author":[{"embeddable":true,"href":"https:\/\/www.europesays.com\/fr\/wp-json\/wp\/v2\/users\/2"}],"replies":[{"embeddable":true,"href":"https:\/\/www.europesays.com\/fr\/wp-json\/wp\/v2\/comments?post=291812"}],"version-history":[{"count":0,"href":"https:\/\/www.europesays.com\/fr\/wp-json\/wp\/v2\/posts\/291812\/revisions"}],"wp:featuredmedia":[{"embeddable":true,"href":"https:\/\/www.europesays.com\/fr\/wp-json\/wp\/v2\/media\/291813"}],"wp:attachment":[{"href":"https:\/\/www.europesays.com\/fr\/wp-json\/wp\/v2\/media?parent=291812"}],"wp:term":[{"taxonomy":"category","embeddable":true,"href":"https:\/\/www.europesays.com\/fr\/wp-json\/wp\/v2\/categories?post=291812"},{"taxonomy":"post_tag","embeddable":true,"href":"https:\/\/www.europesays.com\/fr\/wp-json\/wp\/v2\/tags?post=291812"}],"curies":[{"name":"wp","href":"https:\/\/api.w.org\/{rel}","templated":true}]}}