{"id":291814,"date":"2025-08-02T17:22:23","date_gmt":"2025-08-02T17:22:23","guid":{"rendered":"https:\/\/www.europesays.com\/fr\/291814\/"},"modified":"2025-08-02T17:22:23","modified_gmt":"2025-08-02T17:22:23","slug":"hector-fort-dans-le-viseur","status":"publish","type":"post","link":"https:\/\/www.europesays.com\/fr\/291814\/","title":{"rendered":"Hector Fort dans le viseur ?"},"content":{"rendered":"<p class=\"date\">\n                                                            Mathieu Warnier, Media365 : publi\u00e9 le vendredi 01 ao\u00fbt 2025 \u00e0 20h50\n                                                    <\/p>\n<p>En qu\u00eate d&rsquo;un renfort en d\u00e9fense avant le d\u00e9but de la saison de Ligue 1, le Paris FC aurait des vues sur le jeune joueur du FC Barcelone Hector Fort, avec le club blaugrana enclin \u00e0 s&rsquo;en s\u00e9parer.<\/p>\n<p>Le Paris FC continue le renforcement de son effectif. De retour en Ligue 1 cette saison apr\u00e8s 46 ans d&rsquo;absence, le club de la capitale entend bien s&rsquo;installer dans l&rsquo;\u00e9lite et dimensionne son groupe \u00e0 cette fin. Apr\u00e8s avoir d\u00e9j\u00e0 fait signer Moses Simon, Thibault De Smet ou encore Otavio, <a href=\"https:\/\/sports.orange.fr\/football\/ligue-1\/paris-fc\/article\/paris-fc-ferracci-veut-s-inspirer-du-barca-exclu-CNT000002jE84E.html\" rel=\"nofollow noopener\" target=\"_blank\">le club pr\u00e9sid\u00e9 par Pierre Ferracci<\/a> ne semble pas encore rassasi\u00e9. En effet, St\u00e9phane Gilli souhaiterait un renfort au poste de lat\u00e9ral droit et a d&rsquo;ores-et-d\u00e9j\u00e0 cibl\u00e9 l&rsquo;ancien capitaine de Rennes Hamari Traor\u00e9. Toutefois, les discussions avec la Real Sociedad tardent \u00e0 se finaliser et le PFC envisage d&rsquo;autres solutions si cette piste devait \u00e9chouer. Ainsi, selon les informations du quotidien L&rsquo;Equipe, c&rsquo;est vers un joueur \u00e9voluant \u00e9galement en Espagne que les regards parisiens se tourneraient et plus pr\u00e9cis\u00e9ment vers&#8230; le FC Barcelone. Align\u00e9 \u00e0 20 reprises par Hansi Flick la saison pass\u00e9e toutes comp\u00e9titions confondues apr\u00e8s avoir jou\u00e9 dix matchs lors de l&rsquo;exercice 2023-2024, Hector Fort pourrait changer d&rsquo;air afin de gagner en temps de jeu et en exp\u00e9rience.<\/p>\n<p>Hector Fort vu comme une solution de secours<\/p>\n<p>Ainsi, le Paris FC aurait d\u00e9j\u00e0 pris des renseignements aupr\u00e8s de son homologue catalan concernant la situation du natif de Barcelone. Ce qui intervient alors que le quotidien catalan Sport a r\u00e9cemment \u00e9voqu\u00e9 la volont\u00e9 du club blaugrana de se s\u00e9parer de son jeune lat\u00e9ral droit alors que ce dernier n&rsquo;a visiblement pas la confiance de son entra\u00eeneur. En effet, Hansi Flick compte sur Jules Kound\u00e9 comme titulaire indiscutable \u00e0 ce poste avec Eric Garcia comme doublure en cas d&rsquo;absence de l&rsquo;international fran\u00e7ais. Pour le Paris FC, l&rsquo;arriv\u00e9e d&rsquo;un joueur comme Hector Fort, si <a href=\"https:\/\/sports.orange.fr\/football\/mercato\/article\/paris-fc-accord-trouve-avec-la-real-sociedad-pour-h-traore-CNT000002jO40e.html\" rel=\"nofollow noopener\" target=\"_blank\">la piste prioritaire menant \u00e0 Hamari Traor\u00e9<\/a> devait se muer en impasse d&rsquo;ici la fin du mercato estival, viendrait renforcer un secteur de jeu potentiellement limit\u00e9. En effet, Sofiane Alakouch n&rsquo;a pas encore repris la comp\u00e9tition apr\u00e8s avoir subi en f\u00e9vrier dernier une rechute de la rupture des ligaments crois\u00e9s d&rsquo;un genou subie initialement en d\u00e9cembre 2023. Ce qui laisse le seul Mathys Touraine comme solution pour St\u00e9phane Gilli.<\/p>\n","protected":false},"excerpt":{"rendered":"Mathieu Warnier, Media365 : publi\u00e9 le vendredi 01 ao\u00fbt 2025 \u00e0 20h50 En qu\u00eate d&rsquo;un renfort en d\u00e9fense&hellip;\n","protected":false},"author":2,"featured_media":291815,"comment_status":"","ping_status":"","sticky":false,"template":"","format":"standard","meta":{"footnotes":""},"categories":[1888],"tags":[1111,1928,11,1927,1777,674,1011,27,12,1926,626,1925,25],"class_list":{"0":"post-291814","1":"post","2":"type-post","3":"status-publish","4":"format-standard","5":"has-post-thumbnail","7":"category-paris","8":"tag-actu","9":"tag-actu-paris","10":"tag-actualites","11":"tag-actualites-paris","12":"tag-eu","13":"tag-europe","14":"tag-fr","15":"tag-france","16":"tag-news","17":"tag-news-paris","18":"tag-paris","19":"tag-paris-news","20":"tag-republique-francaise"},"share_on_mastodon":{"url":"https:\/\/pubeurope.com\/@fr\/114960331160490069","error":""},"_links":{"self":[{"href":"https:\/\/www.europesays.com\/fr\/wp-json\/wp\/v2\/posts\/291814","targetHints":{"allow":["GET"]}}],"collection":[{"href":"https:\/\/www.europesays.com\/fr\/wp-json\/wp\/v2\/posts"}],"about":[{"href":"https:\/\/www.europesays.com\/fr\/wp-json\/wp\/v2\/types\/post"}],"author":[{"embeddable":true,"href":"https:\/\/www.europesays.com\/fr\/wp-json\/wp\/v2\/users\/2"}],"replies":[{"embeddable":true,"href":"https:\/\/www.europesays.com\/fr\/wp-json\/wp\/v2\/comments?post=291814"}],"version-history":[{"count":0,"href":"https:\/\/www.europesays.com\/fr\/wp-json\/wp\/v2\/posts\/291814\/revisions"}],"wp:featuredmedia":[{"embeddable":true,"href":"https:\/\/www.europesays.com\/fr\/wp-json\/wp\/v2\/media\/291815"}],"wp:attachment":[{"href":"https:\/\/www.europesays.com\/fr\/wp-json\/wp\/v2\/media?parent=291814"}],"wp:term":[{"taxonomy":"category","embeddable":true,"href":"https:\/\/www.europesays.com\/fr\/wp-json\/wp\/v2\/categories?post=291814"},{"taxonomy":"post_tag","embeddable":true,"href":"https:\/\/www.europesays.com\/fr\/wp-json\/wp\/v2\/tags?post=291814"}],"curies":[{"name":"wp","href":"https:\/\/api.w.org\/{rel}","templated":true}]}}