{"id":291816,"date":"2025-08-02T17:23:12","date_gmt":"2025-08-02T17:23:12","guid":{"rendered":"https:\/\/www.europesays.com\/fr\/291816\/"},"modified":"2025-08-02T17:23:12","modified_gmt":"2025-08-02T17:23:12","slug":"de-la-fumee-au-dessus-de-lincinerateur-de-creteil-une-operation-courante-et-sans-danger","status":"publish","type":"post","link":"https:\/\/www.europesays.com\/fr\/291816\/","title":{"rendered":"De la fum\u00e9e au-dessus de l\u2019incin\u00e9rateur de Cr\u00e9teil\u00a0: une op\u00e9ration \u00ab\u00a0courante\u00a0\u00bb et sans danger"},"content":{"rendered":"<p class=\"paragraph text_align_left lp-f-body-02\">Si, depuis votre voiture sur <a href=\"https:\/\/www.leparisien.fr\/val-de-marne-94\/val-de-marne-il-faut-que-les-troncons-de-la86-et-de-la6-soient-a-nouveau-classes-points-noirs-du-bruit-11-03-2025-Q3373GCC5BFFLINF6IFRC34JIE.php\" target=\"_self\" rel=\"noopener\">l\u2019A86 <\/a>ou au d\u00e9tour d\u2019une promenade autour du <a href=\"https:\/\/www.leparisien.fr\/val-de-marne-94\/suis-moi-on-change-de-spot-plongee-dans-les-secrets-de-la-peche-qui-les-rend-tous-mordus-15-07-2025-4ZFOTOQ62JDYNHAGYSBIPJIC3M.php\" target=\"_self\" rel=\"noopener\">lac de Cr\u00e9teil<\/a>, vous apercevez un large panache blanc s\u2019\u00e9lever dans le ciel, inutile de s\u2019alarmer. On est loin de l\u2019\u00e9pisode de <a href=\"https:\/\/www.leparisien.fr\/val-de-marne-94\/val-de-marne-coup-de-chaud-a-lincinerateur-de-creteil-des-personnes-evacuees-29-02-2024-JIDJESXFCNG2FJCEUGMKXCALXQ.php\" target=\"_self\" rel=\"noopener\">surchauffe et du risque d\u2019explosion<\/a> de f\u00e9vrier\u00a02024.Dans le cadre de la mise en service de la troisi\u00e8me ligne d\u2019incin\u00e9ration de l\u2019usine Valo\u2019Marne, un vaste nettoyage des circuits est en cours.<\/p>\n<p class=\"paragraph text_align_left lp-f-body-02\">Programm\u00e9es \u00e0 9\u00a0heures et \u00e0 17\u00a0heures, pour une dur\u00e9e de cinq minutes, ces op\u00e9rations \u00ab\u00a0chasse vapeur\u00a0\u00bb entra\u00eenent l\u2019apparition \u00ab\u00a0d\u2019un panache de vapeur blanche\u00a0\u00bb accompagn\u00e9e d\u2019un bruit \u00ab\u00a0sourd temporaire d\u00fb \u00e0 la lib\u00e9ration de la vapeur\u00a0\u00bb, selon le Smitduvm (syndicat mixte intercommunal de traitement des d\u00e9chets urbains du Val-de-Marne). L\u2019op\u00e9ration va durer plusieurs semaines \u00ab\u00a0jusqu\u2019\u00e0 atteindre le niveau de propret\u00e9 des circuits requis\u00a0\u00bb.<\/p>\n","protected":false},"excerpt":{"rendered":"Si, depuis votre voiture sur l\u2019A86 ou au d\u00e9tour d\u2019une promenade autour du lac de Cr\u00e9teil, vous apercevez&hellip;\n","protected":false},"author":2,"featured_media":291817,"comment_status":"","ping_status":"","sticky":false,"template":"","format":"standard","meta":{"footnotes":""},"categories":[1888],"tags":[11,1777,674,1011,27,1944,12,626,25,1125],"class_list":{"0":"post-291816","1":"post","2":"type-post","3":"status-publish","4":"format-standard","5":"has-post-thumbnail","7":"category-paris","8":"tag-actualites","9":"tag-eu","10":"tag-europe","11":"tag-fr","12":"tag-france","13":"tag-ma-ville","14":"tag-news","15":"tag-paris","16":"tag-republique-francaise","17":"tag-val-de-marne"},"share_on_mastodon":{"url":"https:\/\/pubeurope.com\/@fr\/114960335188300703","error":""},"_links":{"self":[{"href":"https:\/\/www.europesays.com\/fr\/wp-json\/wp\/v2\/posts\/291816","targetHints":{"allow":["GET"]}}],"collection":[{"href":"https:\/\/www.europesays.com\/fr\/wp-json\/wp\/v2\/posts"}],"about":[{"href":"https:\/\/www.europesays.com\/fr\/wp-json\/wp\/v2\/types\/post"}],"author":[{"embeddable":true,"href":"https:\/\/www.europesays.com\/fr\/wp-json\/wp\/v2\/users\/2"}],"replies":[{"embeddable":true,"href":"https:\/\/www.europesays.com\/fr\/wp-json\/wp\/v2\/comments?post=291816"}],"version-history":[{"count":0,"href":"https:\/\/www.europesays.com\/fr\/wp-json\/wp\/v2\/posts\/291816\/revisions"}],"wp:featuredmedia":[{"embeddable":true,"href":"https:\/\/www.europesays.com\/fr\/wp-json\/wp\/v2\/media\/291817"}],"wp:attachment":[{"href":"https:\/\/www.europesays.com\/fr\/wp-json\/wp\/v2\/media?parent=291816"}],"wp:term":[{"taxonomy":"category","embeddable":true,"href":"https:\/\/www.europesays.com\/fr\/wp-json\/wp\/v2\/categories?post=291816"},{"taxonomy":"post_tag","embeddable":true,"href":"https:\/\/www.europesays.com\/fr\/wp-json\/wp\/v2\/tags?post=291816"}],"curies":[{"name":"wp","href":"https:\/\/api.w.org\/{rel}","templated":true}]}}