{"id":291823,"date":"2025-08-02T17:27:10","date_gmt":"2025-08-02T17:27:10","guid":{"rendered":"https:\/\/www.europesays.com\/fr\/291823\/"},"modified":"2025-08-02T17:27:10","modified_gmt":"2025-08-02T17:27:10","slug":"en-pleine-saison-des-ouragans-les-revirements-des-etats-unis-en-matiere-de-cooperation-meteorologique-sement-le-trouble-dans-les-caraibes","status":"publish","type":"post","link":"https:\/\/www.europesays.com\/fr\/291823\/","title":{"rendered":"En pleine saison des ouragans, les revirements des Etats-Unis en mati\u00e8re de coop\u00e9ration m\u00e9t\u00e9orologique s\u00e8ment le trouble dans les Cara\u00efbes"},"content":{"rendered":"<p>                         <img loading=\"lazy\" decoding=\"async\" src=\"https:\/\/www.europesays.com\/fr\/wp-content\/uploads\/2025\/08\/2de1b8b_upload-1-jdkunpncvchp-2025-05-30t214723z-614312546-rc2gsea8jv1l-rtrmadp-3-usa-weather-hurric.jpeg\" alt=\"Centre national des ouragans de l\u2019Agence am\u00e9ricaine d\u2019observation oc\u00e9anique et atmosph\u00e9rique (NOAA) \u00e0 Miami, en Floride, aux Etats-Unis, le 30\u00a0mai 2025.\"   width=\"664\" height=\"443\"\/>    Centre national des ouragans de l\u2019Agence am\u00e9ricaine d\u2019observation oc\u00e9anique et atmosph\u00e9rique (NOAA) \u00e0 Miami, en Floride, aux Etats-Unis, le 30\u00a0mai 2025.  MARCO BELLO \/ REUTERS                 <\/p>\n<p class=\"article__paragraph  \">Pour les m\u00e9t\u00e9orologues d\u2019Am\u00e9rique du Nord et des Cara\u00efbes, c\u2019est le d\u00e9nouement inesp\u00e9r\u00e9 d\u2019un angoissant feuilleton qui les aura tenus en haleine durant plus d\u2019un mois\u00a0: le gouvernement am\u00e9ricain est revenu, au dernier moment, sur une d\u00e9cision potentiellement lourde de cons\u00e9quences en mati\u00e8re de surveillance des ouragans, alors que la saison cyclonique bat son plein dans l\u2019Atlantique Nord.<\/p>\n<p class=\"article__paragraph  \">Les donn\u00e9es collect\u00e9es par trois satellites militaires am\u00e9ricains, \u00e9quip\u00e9s de capteurs micro-ondes \u00e0 tr\u00e8s haute r\u00e9solution permettant un suivi pr\u00e9cis des ph\u00e9nom\u00e8nes cycloniques, continueront d\u2019\u00eatre mises \u00e0 la disposition des services m\u00e9t\u00e9orologiques apr\u00e8s la date butoir du 31\u00a0juillet. La transmission des donn\u00e9es du Defense Meteorological Satellite Program (programme de satellites m\u00e9t\u00e9orologiques de la d\u00e9fense) \u00ab\u00a0ne sera pas interrompue\u00a0\u00bb, a annonc\u00e9 la marine am\u00e9ricaine dans un communiqu\u00e9 laconique dat\u00e9 du mercredi 30\u00a0juillet.<\/p>\n<p class=\"article__paragraph  \">A la fin de juin, l\u2019Agence am\u00e9ricaine d\u2019observation oc\u00e9anique et atmosph\u00e9rique (NOAA) \u2013 organisme sous la tutelle du gouvernement f\u00e9d\u00e9ral \u2013 avait sem\u00e9 la consternation parmi les scientifiques en annon\u00e7ant soudainement la fin du partage de ces donn\u00e9es satellitaires qu\u2019elle recueille en partenariat avec le d\u00e9partement de la d\u00e9fense. Le Pentagone avait invoqu\u00e9 de vagues questions de \u00ab\u00a0cybers\u00e9curit\u00e9\u00a0\u00bb pour justifier cette d\u00e9cision, qui devait prendre effet le 30\u00a0juin, avant qu\u2019un sursis d\u2019un mois ne soit par la suite accord\u00e9. Et ce, alors que la saison cyclonique commence sa p\u00e9riode la plus intense, qui correspond habituellement aux mois d\u2019ao\u00fbt et septembre dans l\u2019Atlantique Nord, les Cara\u00efbes et le golfe du Mexique.<\/p>\n<p class=\"reading-mode-only \"><strong>Il vous reste 65.66% de cet article \u00e0 lire. La suite est r\u00e9serv\u00e9e aux abonn\u00e9s.<\/strong><\/p>\n","protected":false},"excerpt":{"rendered":"Centre national des ouragans de l\u2019Agence am\u00e9ricaine d\u2019observation oc\u00e9anique et atmosph\u00e9rique (NOAA) \u00e0 Miami, en Floride, aux Etats-Unis,&hellip;\n","protected":false},"author":2,"featured_media":291824,"comment_status":"","ping_status":"","sticky":false,"template":"","format":"standard","meta":{"footnotes":""},"categories":[1589],"tags":[11,73,1866,12,1864,1865,1863,308],"class_list":{"0":"post-291823","1":"post","2":"type-post","3":"status-publish","4":"format-standard","5":"has-post-thumbnail","7":"category-etats-unis","8":"tag-actualites","9":"tag-etats-unis","10":"tag-etats-unis-damerique","11":"tag-news","12":"tag-united-states","13":"tag-united-states-of-america","14":"tag-us","15":"tag-usa"},"share_on_mastodon":{"url":"https:\/\/pubeurope.com\/@fr\/114960350867690852","error":""},"_links":{"self":[{"href":"https:\/\/www.europesays.com\/fr\/wp-json\/wp\/v2\/posts\/291823","targetHints":{"allow":["GET"]}}],"collection":[{"href":"https:\/\/www.europesays.com\/fr\/wp-json\/wp\/v2\/posts"}],"about":[{"href":"https:\/\/www.europesays.com\/fr\/wp-json\/wp\/v2\/types\/post"}],"author":[{"embeddable":true,"href":"https:\/\/www.europesays.com\/fr\/wp-json\/wp\/v2\/users\/2"}],"replies":[{"embeddable":true,"href":"https:\/\/www.europesays.com\/fr\/wp-json\/wp\/v2\/comments?post=291823"}],"version-history":[{"count":0,"href":"https:\/\/www.europesays.com\/fr\/wp-json\/wp\/v2\/posts\/291823\/revisions"}],"wp:featuredmedia":[{"embeddable":true,"href":"https:\/\/www.europesays.com\/fr\/wp-json\/wp\/v2\/media\/291824"}],"wp:attachment":[{"href":"https:\/\/www.europesays.com\/fr\/wp-json\/wp\/v2\/media?parent=291823"}],"wp:term":[{"taxonomy":"category","embeddable":true,"href":"https:\/\/www.europesays.com\/fr\/wp-json\/wp\/v2\/categories?post=291823"},{"taxonomy":"post_tag","embeddable":true,"href":"https:\/\/www.europesays.com\/fr\/wp-json\/wp\/v2\/tags?post=291823"}],"curies":[{"name":"wp","href":"https:\/\/api.w.org\/{rel}","templated":true}]}}