{"id":291825,"date":"2025-08-02T17:28:14","date_gmt":"2025-08-02T17:28:14","guid":{"rendered":"https:\/\/www.europesays.com\/fr\/291825\/"},"modified":"2025-08-02T17:28:14","modified_gmt":"2025-08-02T17:28:14","slug":"il-empoisonnait-des-enfants-avec-des-bonbons-aux-sedatifs-dans-un-camp-de-vacances-2","status":"publish","type":"post","link":"https:\/\/www.europesays.com\/fr\/291825\/","title":{"rendered":"Il empoisonnait des enfants avec des bonbons aux s\u00e9datifs dans un camp de vacances"},"content":{"rendered":"<p>Dans un camp de vacances du centre de <a data-i13n=\"cpos:1;pos:1\" href=\"https:\/\/www.20minutes.fr\/dossier\/angleterre?at_medium=RSS%20feed&amp;at_campaign=ynews&amp;utm_source=yahoo&amp;utm_medium=rss&amp;utm_campaign=news_feed&amp;utm_content=in_article_link\" rel=\"nofollow noopener\" target=\"_blank\" data-ylk=\"slk:l\u2019Angleterre;cpos:1;pos:1;elm:context_link;itc:0;sec:content-canvas\" class=\"link \">l\u2019Angleterre<\/a>, un homme de 76 ans est soup\u00e7onn\u00e9 d\u2019avoir empoisonn\u00e9 des enfants avec des bonbons m\u00e9lang\u00e9s \u00e0 des s\u00e9datifs. Le tribunal de <a data-i13n=\"cpos:2;pos:1\" href=\"https:\/\/www.20minutes.fr\/dossier\/leicester?at_medium=RSS%20feed&amp;at_campaign=ynews&amp;utm_source=yahoo&amp;utm_medium=rss&amp;utm_campaign=news_feed&amp;utm_content=in_article_link\" rel=\"nofollow noopener\" target=\"_blank\" data-ylk=\"slk:Leicester;cpos:2;pos:1;elm:context_link;itc:0;sec:content-canvas\" class=\"link \">Leicester<\/a>, devant lequel il a comparu bri\u00e8vement ce samedi, a d\u00e9cid\u00e9 de l\u2019inculper et de le placer en d\u00e9tention provisoire.<\/p>\n<p>John Ruben, qui r\u00e9side pr\u00e8s de Nottingham, a \u00e9t\u00e9 \u00e9crou\u00e9 dans l\u2019attente d\u2019une prochaine audience le 29 ao\u00fbt. Le parquet avait annonc\u00e9 la veille l\u2019inculpation de cet homme, pour actes de cruaut\u00e9 envers trois jeunes gar\u00e7ons participant au camp de vacances.<\/p>\n<p>Il aurait utilis\u00e9 pour cela des bonbons m\u00e9lang\u00e9s \u00e0 des s\u00e9datifs, a-t-il \u00e9t\u00e9 indiqu\u00e9 lors de l\u2019audience selon l\u2019agence britannique PA. Les faits se sont produits dans un camp de vacances situ\u00e9 \u00e0 Stathern, dans le Leicestershire, organis\u00e9 entre le 25 et le 29 juillet.<\/p>\n<p>Huit enfants emmen\u00e9s \u00e0 l\u2019h\u00f4pital<\/p>\n<p>La police locale a dit avoir \u00e9t\u00e9 inform\u00e9e dimanche que plusieurs enfants h\u00e9berg\u00e9s au Stathern Lodge, une ancienne ferme r\u00e9nov\u00e9e, \u00ab ne se sentaient pas bien \u00bb.<\/p>\n<p>Huit enfants, des gar\u00e7ons \u00e2g\u00e9s de huit \u00e0 11 ans, et un adulte ont \u00e9t\u00e9 emmen\u00e9s \u00e0 l\u2019h\u00f4pital \u00ab par pr\u00e9caution \u00bb, mais tous ont \u00e9t\u00e9 autoris\u00e9s \u00e0 sortir par la suite, avait-elle indiqu\u00e9. John Ruben, a lui \u00e9t\u00e9 arr\u00eat\u00e9 lundi soir dans un pub situ\u00e9 \u00e0 proximit\u00e9.<\/p>\n<p>La police des polices, l\u2019IOPC, a indiqu\u00e9 enqu\u00eater sur la mani\u00e8re dont les forces de l\u2019ordre locales ont g\u00e9r\u00e9 cet incident. \u00ab L\u2019enqu\u00eate d\u00e9terminera s\u2019il y a eu des manquements [\u2026] qui ont entra\u00een\u00e9 un retard dans la r\u00e9ponse de la police du (&#8230;)<\/p>\n<p><a data-i13n=\"cpos:3;pos:1\" href=\"https:\/\/www.20minutes.fr\/monde\/royaume-uni\/4166401-20250802-royaume-uni-empoisonnait-enfants-bonbons-sedatifs-camp-vacances?at_medium=RSS%20feed&amp;at_campaign=ynews&amp;utm_source=yahoo&amp;utm_medium=rss&amp;utm_campaign=news_feed&amp;utm_content=read_more_link\" rel=\"nofollow noopener\" target=\"_blank\" data-ylk=\"slk:Lire la suite sur 20minutes;cpos:3;pos:1;elm:context_link;itc:0;sec:content-canvas\" class=\"link \">Lire la suite sur 20minutes<\/a><\/p>\n<p>\u00c0 lire aussi :<br \/><a data-i13n=\"cpos:4;pos:1\" href=\"https:\/\/www.20minutes.fr\/monde\/angleterre\/4159139-20250618-royaume-uni-mere-quatre-enfants-instructeur-meurent-lors-bapteme-parachute?at_medium=RSS%20feed&amp;at_campaign=ynews&amp;utm_source=yahoo&amp;utm_medium=rss&amp;utm_campaign=news_feed&amp;utm_content=related_content_link\" rel=\"nofollow noopener\" target=\"_blank\" data-ylk=\"slk:Royaume-Uni : Une m\u00e8re de quatre enfants et son instructeur meurent lors d\u2019un bapt\u00eame en parachute;cpos:4;pos:1;elm:context_link;itc:0;sec:content-canvas\" class=\"link \">Royaume-Uni : Une m\u00e8re de quatre enfants et son instructeur meurent lors d\u2019un bapt\u00eame en parachute<\/a><br \/><a data-i13n=\"cpos:5;pos:1\" href=\"https:\/\/www.20minutes.fr\/justice\/4153767-20250515-chanteur-chris-brown-arrete-royaume-uni-soupconne-coups-blessures?at_medium=RSS%20feed&amp;at_campaign=ynews&amp;utm_source=yahoo&amp;utm_medium=rss&amp;utm_campaign=news_feed&amp;utm_content=related_content_link\" rel=\"nofollow noopener\" target=\"_blank\" data-ylk=\"slk:Arr\u00eat\u00e9 au Royaume-Uni, le chanteur Chris Brown a \u00e9t\u00e9 inculp\u00e9 pour \u00ab coups et blessures volontaires \u00bb;cpos:5;pos:1;elm:context_link;itc:0;sec:content-canvas\" class=\"link \">Arr\u00eat\u00e9 au Royaume-Uni, le chanteur Chris Brown a \u00e9t\u00e9 inculp\u00e9 pour \u00ab coups et blessures volontaires \u00bb<\/a><\/p>\n","protected":false},"excerpt":{"rendered":"Dans un camp de vacances du centre de l\u2019Angleterre, un homme de 76 ans est soup\u00e7onn\u00e9 d\u2019avoir empoisonn\u00e9&hellip;\n","protected":false},"author":2,"featured_media":291826,"comment_status":"","ping_status":"","sticky":false,"template":"","format":"standard","meta":{"footnotes":""},"categories":[1588],"tags":[11,43211,1719,1777,674,3160,43212,12,43210,473,1853,1851,1850,1852],"class_list":{"0":"post-291825","1":"post","2":"type-post","3":"status-publish","4":"format-standard","5":"has-post-thumbnail","7":"category-royaume-uni","8":"tag-actualites","9":"tag-bapteme-en-parachute","10":"tag-enfants","11":"tag-eu","12":"tag-europe","13":"tag-forces-de-lordre","14":"tag-john-ruben","15":"tag-news","16":"tag-police-des-polices","17":"tag-royaume-uni","18":"tag-royaume-uni-de-grande-bretagne-et-dirlande-du-nord","19":"tag-uk","20":"tag-united-kingdom","21":"tag-united-kingdom-of-great-britain-and-northern-ireland"},"share_on_mastodon":{"url":"https:\/\/pubeurope.com\/@fr\/114960354943135228","error":""},"_links":{"self":[{"href":"https:\/\/www.europesays.com\/fr\/wp-json\/wp\/v2\/posts\/291825","targetHints":{"allow":["GET"]}}],"collection":[{"href":"https:\/\/www.europesays.com\/fr\/wp-json\/wp\/v2\/posts"}],"about":[{"href":"https:\/\/www.europesays.com\/fr\/wp-json\/wp\/v2\/types\/post"}],"author":[{"embeddable":true,"href":"https:\/\/www.europesays.com\/fr\/wp-json\/wp\/v2\/users\/2"}],"replies":[{"embeddable":true,"href":"https:\/\/www.europesays.com\/fr\/wp-json\/wp\/v2\/comments?post=291825"}],"version-history":[{"count":0,"href":"https:\/\/www.europesays.com\/fr\/wp-json\/wp\/v2\/posts\/291825\/revisions"}],"wp:featuredmedia":[{"embeddable":true,"href":"https:\/\/www.europesays.com\/fr\/wp-json\/wp\/v2\/media\/291826"}],"wp:attachment":[{"href":"https:\/\/www.europesays.com\/fr\/wp-json\/wp\/v2\/media?parent=291825"}],"wp:term":[{"taxonomy":"category","embeddable":true,"href":"https:\/\/www.europesays.com\/fr\/wp-json\/wp\/v2\/categories?post=291825"},{"taxonomy":"post_tag","embeddable":true,"href":"https:\/\/www.europesays.com\/fr\/wp-json\/wp\/v2\/tags?post=291825"}],"curies":[{"name":"wp","href":"https:\/\/api.w.org\/{rel}","templated":true}]}}