{"id":291842,"date":"2025-08-02T17:36:19","date_gmt":"2025-08-02T17:36:19","guid":{"rendered":"https:\/\/www.europesays.com\/fr\/291842\/"},"modified":"2025-08-02T17:36:19","modified_gmt":"2025-08-02T17:36:19","slug":"maya-boudreau-une-grande-force-au-volleyball","status":"publish","type":"post","link":"https:\/\/www.europesays.com\/fr\/291842\/","title":{"rendered":"Maya Boudreau, une grande force au volleyball"},"content":{"rendered":"<p class=\"sc-jbo7hw-7 bDkRIk\">Maya Boudreau est l\u2019une des plus jeunes athl\u00e8tes \u00e0 faire partie de l\u2019\u00e9quipe de volleyball du Nouveau-Brunswick qui va repr\u00e9senter la province aux Jeux du Canada cet \u00e9t\u00e9. <\/p>\n<p class=\"sc-jbo7hw-7 bDkRIk\">Quand j\u2019ai appris que j\u2019ai fait l\u2019\u00e9quipe du Nouveau-Brunswick, j\u2019\u00e9tais tellement excit\u00e9e d\u2019avoir l\u2019exp\u00e9rience de repr\u00e9senter ma province, se r\u00e9jouit-elle.<\/p>\n<p class=\"sc-jbo7hw-7 bDkRIk\">\u00c0 17\u00a0ans, Maya a r\u00e9ussi \u00e0 faire sa place dans l\u2019\u00e9quipe des moins de 19\u00a0ans. Elle n\u2019est pas intimid\u00e9e par la situation, elle y voit plut\u00f4t une belle occasion d\u2019am\u00e9liorer son jeu. <\/p>\n<p class=\"sc-jbo7hw-7 bDkRIk\">\u00catre la plus jeune sur l\u2019\u00e9quipe du Nouveau-Brunswick, \u00e7a me donne l\u2019opportunit\u00e9 d\u2019apprendre des autres joueuses plus vieilles, dit-elle.<\/p>\n<p><img decoding=\"async\" alt=\"Jeune femme qui effectue une attaque devant un filet de volleyball.\" class=\"absolute left-0 top-0 size-full object-cover transition-opacity ease-out print:relative html-dark:brightness-[.8]\" loading=\"lazy\" src=\"https:\/\/www.europesays.com\/fr\/wp-content\/uploads\/2025\/08\/maya_boudreau_volley_ball_moncton.jpg\"\/>Ouvrir en mode plein \u00e9cran<\/p>\n<p class=\"sc-ic6be9-2 kYrgAK\">Maya Boudreau est une joueuse de centre au volleyball. <\/p>\n<p class=\"sc-ic6be9-1 cJJtvJ text-gray600 light:text-gray600 dark:text-gray400\">Photo : Rachel Gauvin<\/p>\n<p class=\"sc-jbo7hw-7 bDkRIk\">La jeune fille de 1,85 m\u00e8tre (6\u00a0pi 1\u00a0po) est une joueuse dynamique qui apporte une belle \u00e9nergie dans l\u2019\u00e9quipe selon son entra\u00eeneuse. <\/p>\n<p class=\"sc-jbo7hw-7 bDkRIk\">Maya, c\u2019est une joueuse de centre. C\u2019est une joueuse qui prend de la place sur le terrain. Elle a un bloc solide. C\u2019est s\u00fbr qu\u2019elle va amener une belle \u00e9nergie \u00e0 notre \u00e9quipe. On est vraiment chanceuses de l\u2019avoir avec nous autres, dit Joline No\u00ebl, entra\u00eeneuse de volleyball f\u00e9minin de l\u2019Universit\u00e9 de Moncton et de l\u2019\u00e9quipe du Nouveau-Brunswick pour les Jeux du Canada. <\/p>\n<p><img decoding=\"async\" alt=\"Les deux personnes souriantes devant un filet de volleyball. \" class=\"absolute left-0 top-0 size-full object-cover transition-opacity ease-out print:relative html-dark:brightness-[.8]\" loading=\"lazy\" src=\"https:\/\/www.europesays.com\/fr\/wp-content\/uploads\/2025\/08\/joline_noel_maya_boudreau_volley_ball.jpg\"\/>Ouvrir en mode plein \u00e9cran<\/p>\n<p class=\"sc-ic6be9-2 kYrgAK\">Joline No\u00ebl, entra\u00eeneuse de l&rsquo;\u00e9quipe f\u00e9minine de volleyball du Nouveau-Brunswick, et la joueuse Maya Boudreau.<\/p>\n<p class=\"sc-ic6be9-1 cJJtvJ text-gray600 light:text-gray600 dark:text-gray400\">Photo : Rachel Gauvin<\/p>\n<p class=\"sc-jbo7hw-7 bDkRIk\">Joline No\u00ebl a aussi particip\u00e9 aux Jeux du Canada comme athl\u00e8te au volleyball en 2009. Elle comprend que c\u2019est un moment important pour les jeunes filles qu\u2019elle entra\u00eene aujourd\u2019hui.<\/p>\n<p class=\"sc-jbo7hw-7 bDkRIk\">C&rsquo;est une exp\u00e9rience incomparable. C\u2019est s\u00fbr que c\u2019est une exp\u00e9rience que tu vis une fois dans ta vie. Puis il faut vraiment profiter de chaque jour et comp\u00e9titionner au maximum. <\/p>\n<p class=\"sc-jbo7hw-7 bDkRIk\">C\u2019est le message qu\u2019elle donne \u00e0 ses jeunes prot\u00e9g\u00e9es cette ann\u00e9e.<\/p>\n<p>Le Nouveau-Brunswick pourrait surprendre<\/p>\n<p class=\"sc-jbo7hw-7 bDkRIk\">Le volleyball f\u00e9minin prend de l\u2019ampleur au Nouveau-Brunswick. Il y a plusieurs clubs de volleyball de plus en plus comp\u00e9titifs dans la province. <\/p>\n<p class=\"sc-jbo7hw-7 bDkRIk\">D\u2019ann\u00e9e en ann\u00e9e, on voit des \u00e9quipes s\u2019ajouter dans la province, m\u00eame ici au tournoi qu\u2019on fait \u00e0 l\u2019Universit\u00e9 de Moncton. Il y a toujours une liste d\u2019attente, m\u00eame aux provinciaux. Le nombre d&rsquo;\u00e9quipes est toujours de plus en plus \u00e9lev\u00e9. Le sport se d\u00e9veloppe vraiment, a pu constater Joline No\u00ebl dans les derni\u00e8res ann\u00e9es.<\/p>\n<p><img decoding=\"async\" alt=\"L'\u00e9quipe rassembl\u00e9e sur deux rangs dans un gymnase.\" class=\"absolute left-0 top-0 size-full object-cover transition-opacity ease-out print:relative html-dark:brightness-[.8]\" loading=\"lazy\" src=\"https:\/\/www.europesays.com\/fr\/wp-content\/uploads\/2025\/08\/equipe_nb_volley_jeux_canada.jpg\"\/>Ouvrir en mode plein \u00e9cran<\/p>\n<p class=\"sc-ic6be9-2 kYrgAK\">L&rsquo;\u00e9quipe f\u00e9minine de volleyball qui va repr\u00e9senter le Nouveau-Brunswick aux Jeux du Canada. Maya Boudreau porte le num\u00e9ro 6.<\/p>\n<p class=\"sc-ic6be9-1 cJJtvJ text-gray600 light:text-gray600 dark:text-gray400\">Photo : Contribution : Stacey Beaman<\/p>\n<p class=\"sc-jbo7hw-7 bDkRIk\">L&rsquo;entra\u00eeneuse est convaincue que l\u2019\u00e9quipe qu\u2019elle a mise sur pied va pouvoir comp\u00e9titionner avec toutes les provinces. <\/p>\n<p class=\"sc-jbo7hw-7 bDkRIk\">C\u2019est s\u00fbr qu\u2019on a une \u00e9quipe de calibre. On a de grandes filles dans notre \u00e9quipe. On a une des \u00e9quipes les plus grandes que la province n\u2019a jamais eue. Donc, on a une bonne chance de comp\u00e9titionner aux Jeux, croit-elle.<\/p>\n<p class=\"sc-jbo7hw-7 bDkRIk\">Maya Boudreau aussi croit qu\u2019elle et ses \u00e9quipi\u00e8res pourraient causer une surprise \u00e0 Terre-Neuve cette ann\u00e9e.<\/p>\n<p class=\"sc-jbo7hw-7 bDkRIk\">Comme une plus petite province, on est souvent vu comme des underdogs et je pense qu\u2019on peut certainement comp\u00e9titionner avec les plus grosses \u00e9quipes si on joue en \u00e9quipe et qu\u2019on communique. On a nos forces et je pense qu\u2019on a nos chances, croit la volleyeuse.<\/p>\n<p><img decoding=\"async\" alt=\"Jeune fille en noire qui fait une attaque au volley-ball\" class=\"absolute left-0 top-0 size-full object-cover transition-opacity ease-out print:relative html-dark:brightness-[.8]\" loading=\"lazy\" src=\"https:\/\/www.europesays.com\/fr\/wp-content\/uploads\/2025\/08\/volley_ball_maya_boudreau.jpg\"\/>Ouvrir en mode plein \u00e9cran<\/p>\n<p class=\"sc-ic6be9-2 kYrgAK\">Maya Boudreau joue au centre sur le terrain de volleyball. Son entra\u00eeneuse l&rsquo;a d\u00e9crit comme une joueuse puissante \u00e0 l&rsquo;attaque. <\/p>\n<p class=\"sc-ic6be9-1 cJJtvJ text-gray600 light:text-gray600 dark:text-gray400\">Photo : Rachel Gauvin<\/p>\n<p class=\"sc-jbo7hw-7 bDkRIk\">Maya Boudreau a bien l\u2019intention de savourer chaque moment des Jeux du Canada qui auront lieu au mois d\u2019ao\u00fbt \u00e0 Saint-Jean, \u00e0 Terre-Neuve-et-Labrador. En septembre, la jeune fille sera de retour en classe en 12e\u00a0ann\u00e9e \u00e0 l\u2019\u00e9cole l\u2019Odyss\u00e9e \u00e0 Moncton.  Elle a bien l\u2019intention de poursuivre son sport apr\u00e8s son secondaire. <\/p>\n<p class=\"sc-jbo7hw-7 bDkRIk\">Je planifie de jouer au postsecondaire, probablement \u00e0 l\u2019Universit\u00e9 de Moncton.<\/p>\n<p class=\"sc-jbo7hw-7 bDkRIk\">Joline No\u00ebl suit la progression de Maya depuis plusieurs ann\u00e9es d\u00e9j\u00e0. Elle est convaincue qu\u2019elle aura une belle carri\u00e8re universitaire. <\/p>\n<p class=\"sc-jbo7hw-7 bDkRIk\">Les universit\u00e9s vont avoir un \u0153il sur Maya. C\u2019est une joueuse de calibre dans notre r\u00e9gion, c\u2019est certain.<\/p>\n<p class=\"sc-jbo7hw-7 bDkRIk\">Le Nouveau-Brunswick avait termin\u00e9 au huiti\u00e8me rang en volleyball f\u00e9minin aux derniers Jeux d\u2019\u00e9t\u00e9 du Canada \u00e0 Niagara en 2022. La province avait r\u00e9ussi \u00e0 remporter une m\u00e9daille de bronze au volleyball f\u00e9minin aux Jeux de 2017 \u00e0 Winnipeg.<\/p>\n","protected":false},"excerpt":{"rendered":"Maya Boudreau est l\u2019une des plus jeunes athl\u00e8tes \u00e0 faire partie de l\u2019\u00e9quipe de volleyball du Nouveau-Brunswick qui&hellip;\n","protected":false},"author":2,"featured_media":291843,"comment_status":"","ping_status":"","sticky":false,"template":"","format":"standard","meta":{"footnotes":""},"categories":[1417],"tags":[1011,27,60,1470,1469],"class_list":{"0":"post-291842","1":"post","2":"type-post","3":"status-publish","4":"format-standard","5":"has-post-thumbnail","7":"category-volley","8":"tag-fr","9":"tag-france","10":"tag-sports","11":"tag-volley","12":"tag-volleyball"},"share_on_mastodon":{"url":"https:\/\/pubeurope.com\/@fr\/114960387004208405","error":""},"_links":{"self":[{"href":"https:\/\/www.europesays.com\/fr\/wp-json\/wp\/v2\/posts\/291842","targetHints":{"allow":["GET"]}}],"collection":[{"href":"https:\/\/www.europesays.com\/fr\/wp-json\/wp\/v2\/posts"}],"about":[{"href":"https:\/\/www.europesays.com\/fr\/wp-json\/wp\/v2\/types\/post"}],"author":[{"embeddable":true,"href":"https:\/\/www.europesays.com\/fr\/wp-json\/wp\/v2\/users\/2"}],"replies":[{"embeddable":true,"href":"https:\/\/www.europesays.com\/fr\/wp-json\/wp\/v2\/comments?post=291842"}],"version-history":[{"count":0,"href":"https:\/\/www.europesays.com\/fr\/wp-json\/wp\/v2\/posts\/291842\/revisions"}],"wp:featuredmedia":[{"embeddable":true,"href":"https:\/\/www.europesays.com\/fr\/wp-json\/wp\/v2\/media\/291843"}],"wp:attachment":[{"href":"https:\/\/www.europesays.com\/fr\/wp-json\/wp\/v2\/media?parent=291842"}],"wp:term":[{"taxonomy":"category","embeddable":true,"href":"https:\/\/www.europesays.com\/fr\/wp-json\/wp\/v2\/categories?post=291842"},{"taxonomy":"post_tag","embeddable":true,"href":"https:\/\/www.europesays.com\/fr\/wp-json\/wp\/v2\/tags?post=291842"}],"curies":[{"name":"wp","href":"https:\/\/api.w.org\/{rel}","templated":true}]}}