{"id":291846,"date":"2025-08-02T17:38:13","date_gmt":"2025-08-02T17:38:13","guid":{"rendered":"https:\/\/www.europesays.com\/fr\/291846\/"},"modified":"2025-08-02T17:38:13","modified_gmt":"2025-08-02T17:38:13","slug":"atp-toronto-nick-hale-directeur-du-masters-1000-de-toronto-sur-labsence-de-sinner-alcaraz-et-djokovic-nous-sommes-evidemment-decus-de-ces-retraits-et-nous-allons-discuter-de-la-maniere-dam","status":"publish","type":"post","link":"https:\/\/www.europesays.com\/fr\/291846\/","title":{"rendered":"ATP &#8211; Toronto > Nick Hale (directeur du Masters 1000 de Toronto) sur l&rsquo;absence de Sinner, Alcaraz et Djokovic : \u00ab\u00a0Nous sommes \u00e9videmment d\u00e9\u00e7us de ces retraits et nous allons discuter de la mani\u00e8re d&rsquo;am\u00e9liorer la situation\u00a0\u00bb"},"content":{"rendered":"<p>Lorsqu\u2019on est direc\u00adteur d\u2019un tournoi aussi impor\u00adtant qu\u2019un Masters 1000 et que quatre des six meilleurs joueurs du monde sont absents, \u00e0 savoir Jannik Sinner, Carlos Alcaraz, Jack Draper et Novak Djokovic, cela pose forc\u00e9\u00adment ques\u00adtion d\u2019au\u00adtant que les bles\u00adsures ne sont pas en\u00a0cause.\u00a0<\/p>\n<p>Interrog\u00e9 \u00e0 ce sujet par les m\u00e9dias locaux, Nick Hale, patron du tournoi de Toronto, a forc\u00e9\u00adment regrett\u00e9 ces forfaits tout en assu\u00adrant qu\u2019une discus\u00adsion allait avoir lieu avec Andrea Gaudenzi, boss de l\u2019ATP et \u00e0 l\u2019ori\u00adgine du chan\u00adge\u00adment de format des Masters 1000.\u00a0<\/p>\n<p><strong>\u00ab\u202fNous sommes \u00e9videm\u00adment d\u00e9\u00e7us de ces retraits, mais nous avons parl\u00e9 aux joueurs. Nous avons parl\u00e9 au circuit. Andrea, le direc\u00adteur g\u00e9n\u00e9ral de l\u2019ATP, vient cette semaine et nous allons discuter avec lui de la mani\u00e8re d\u2019am\u00e9\u00adliorer la situa\u00adtion. Il s\u2019agit d\u2019un nouveau mod\u00e8le de 12 jours, nous allons donc travailler sur le processus, mais nous sommes tr\u00e8s satis\u00adfaits \u00e0 ce jour, et nous conti\u00adnue\u00adrons \u00e0 nous d\u00e9ve\u00adlopper au fur et \u00e0 mesure.\u202f\u00bb<\/strong><\/p>\n<p class=\"post-published-date\" style=\"color: silver; font-size: 75%; text-align: left;\">Publi\u00e9 le samedi 2 ao\u00fbt 2025 \u00e0 17:57<\/p>\n","protected":false},"excerpt":{"rendered":"Lorsqu\u2019on est direc\u00adteur d\u2019un tournoi aussi impor\u00adtant qu\u2019un Masters 1000 et que quatre des six meilleurs joueurs du&hellip;\n","protected":false},"author":2,"featured_media":161705,"comment_status":"","ping_status":"","sticky":false,"template":"","format":"standard","meta":{"footnotes":""},"categories":[1415],"tags":[1744,105,4388,1011,27,2127,60,1467],"class_list":{"0":"post-291846","1":"post","2":"type-post","3":"status-publish","4":"format-standard","5":"has-post-thumbnail","7":"category-tennis","8":"tag-alcaraz","9":"tag-djokovic","10":"tag-draper","11":"tag-fr","12":"tag-france","13":"tag-sinner","14":"tag-sports","15":"tag-tennis"},"share_on_mastodon":{"url":"https:\/\/pubeurope.com\/@fr\/114960394144585587","error":""},"_links":{"self":[{"href":"https:\/\/www.europesays.com\/fr\/wp-json\/wp\/v2\/posts\/291846","targetHints":{"allow":["GET"]}}],"collection":[{"href":"https:\/\/www.europesays.com\/fr\/wp-json\/wp\/v2\/posts"}],"about":[{"href":"https:\/\/www.europesays.com\/fr\/wp-json\/wp\/v2\/types\/post"}],"author":[{"embeddable":true,"href":"https:\/\/www.europesays.com\/fr\/wp-json\/wp\/v2\/users\/2"}],"replies":[{"embeddable":true,"href":"https:\/\/www.europesays.com\/fr\/wp-json\/wp\/v2\/comments?post=291846"}],"version-history":[{"count":0,"href":"https:\/\/www.europesays.com\/fr\/wp-json\/wp\/v2\/posts\/291846\/revisions"}],"wp:featuredmedia":[{"embeddable":true,"href":"https:\/\/www.europesays.com\/fr\/wp-json\/wp\/v2\/media\/161705"}],"wp:attachment":[{"href":"https:\/\/www.europesays.com\/fr\/wp-json\/wp\/v2\/media?parent=291846"}],"wp:term":[{"taxonomy":"category","embeddable":true,"href":"https:\/\/www.europesays.com\/fr\/wp-json\/wp\/v2\/categories?post=291846"},{"taxonomy":"post_tag","embeddable":true,"href":"https:\/\/www.europesays.com\/fr\/wp-json\/wp\/v2\/tags?post=291846"}],"curies":[{"name":"wp","href":"https:\/\/api.w.org\/{rel}","templated":true}]}}