{"id":291849,"date":"2025-08-02T17:40:13","date_gmt":"2025-08-02T17:40:13","guid":{"rendered":"https:\/\/www.europesays.com\/fr\/291849\/"},"modified":"2025-08-02T17:40:13","modified_gmt":"2025-08-02T17:40:13","slug":"motogp-2027-aprilia-se-prepare-a-la-revolution-technique-et-sinteresse-au-moto3","status":"publish","type":"post","link":"https:\/\/www.europesays.com\/fr\/291849\/","title":{"rendered":"MotoGP 2027 : Aprilia se pr\u00e9pare \u00e0 la r\u00e9volution technique &#8230; et s&rsquo;int\u00e9resse au Moto3 !"},"content":{"rendered":"<p><strong>Alors que le MotoGP se pr\u00e9pare \u00e0 une r\u00e9volution<br \/>\ntechnique majeure en 2027, Aprilia ajuste ses priorit\u00e9s en<br \/>\ncoulisses. Le constructeur italien, qui a r\u00e9cemment connu une<br \/>\nprofonde r\u00e9organisation de son \u00e9quipe MotoGP, anticipe d\u00e9j\u00e0 les<br \/>\nprochaines \u00e9tapes, tant pour la cat\u00e9gorie reine que pour la future<br \/>\nMoto3. Au c\u0153ur de cette mutation, Fabiano Sterlacchini, nouveau<br \/>\ndirecteur technique de la marque, partage sa vision et ses<br \/>\nambitions.<\/strong><\/p>\n<p>Apr\u00e8s les d\u00e9parts d\u2019<strong>Aleix Espargar\u00f3<\/strong> et de<br \/>\n<strong>Maverick Vi\u00f1ales<\/strong>, remplac\u00e9s par le duo plus jeune<br \/>\net aff\u00fbt\u00e9 compos\u00e9 de <a href=\"https:\/\/www.paddock-gp.com\/motogp-daniele-romagnoli-jorge-martin-et-marco-bezzecchi-ne-sont-pas-les-meilleurs-amis-mais-il-y-a-un-respect-professionnel-profond\/\" rel=\"nofollow noopener\" target=\"_blank\"><br \/>\n<strong>Marco Bezzecchi<\/strong><\/a> et <strong>Jorge<br \/>\nMartin<\/strong>, Aprilia a v\u00e9cu un d\u00e9but de saison 2025 mouvement\u00e9.<br \/>\nD\u00e8s les premiers essais \u00e0 Sepang, <a href=\"https:\/\/www.paddock-gp.com\/motogp-jorge-martin-se-souvient-de-brno-ma-frequence-cardiaque-nest-jamais-descendue-en-dessous-de-195-pendant-la-course-de-brno-cest-enorme\/\" rel=\"nofollow noopener\" target=\"_blank\"><br \/>\n<strong>Jorge Martin<\/strong><\/a>, nouveau champion du monde, a<br \/>\nlourdement chut\u00e9, bouleversant le programme. Mais la suite a montr\u00e9<br \/>\nla r\u00e9silience de Noale : <strong>Bezzecchi<\/strong> s\u2019est<br \/>\nrapidement impos\u00e9 comme un outsider solide en championnat \u2013<br \/>\nactuellement quatri\u00e8me \u2013 tandis que <strong>Martin<\/strong> a sign\u00e9<br \/>\nun retour remarqu\u00e9 \u00e0 <strong>Brno<\/strong>.<\/p>\n<p>Cette capacit\u00e9 \u00e0 rebondir, <strong>Sterlacchini<\/strong><br \/>\nl\u2019attribue au travail acharn\u00e9 de son \u00e9quipe d\u2019ing\u00e9nieurs : \u00ab<br \/>\nnous avons r\u00e9ussi \u00e0 faire \u00e9voluer la moto en continu. Le<br \/>\nd\u00e9veloppement avance bien \u00bb, confie-t-il \u00e0 <a href=\"https:\/\/www.speedweek.com\/motogp\/news\/239169\/Fabiano-Sterlacchini-Moto3-Projekt-wuerde-ihn-reizen.html\" rel=\"nofollow noopener\" target=\"_blank\"><br \/>\nSpeedweek<\/a>. Mais l\u2019Italien a d\u00e9j\u00e0 l\u2019esprit tourn\u00e9 vers 2027, une<br \/>\nann\u00e9e charni\u00e8re o\u00f9 les r\u00e8gles du MotoGP seront redessin\u00e9es. La<br \/>\ncylindr\u00e9e passera de 1000 \u00e0 850 cc, les dispositifs de r\u00e9glage de<br \/>\nhauteur de suspension seront interdits et l\u2019a\u00e9rodynamique sera<br \/>\ndrastiquement limit\u00e9e. Autre bouleversement : l\u2019arriv\u00e9e de<br \/>\n<strong>Pirelli<\/strong> comme fournisseur unique de<br \/>\npneumatiques.<\/p>\n<p><img decoding=\"async\" class=\"aligncenter\" src=\"https:\/\/www.europesays.com\/fr\/wp-content\/uploads\/2025\/08\/c1d5e17f35254a90ae812b5bbd9abaa5.jpg\" alt=\"Marco Bezzecchi avec le directeur technique d'Aprilia, Fabiano Sterlacchini\"\/><\/p>\n<p><strong>\u00ab\u00a0Le nouveau Moto3<br \/>\nserait un d\u00e9fi technique passionnant pour<br \/>\nAprilia\u00a0\u00bb<\/strong><\/p>\n<p>Pour <strong>Aprilia<\/strong>, cela signifie qu\u2019un nouveau<br \/>\nprototype doit na\u00eetre. Et ce travail est d\u00e9j\u00e0 en cours. \u00ab Le<br \/>\nmoteur est compl\u00e8tement diff\u00e9rent. Nous avons commenc\u00e9 \u00e0 plancher<br \/>\ndessus. <strong>Les premiers tests sont pr\u00e9vus fin 2025<\/strong>,<br \/>\net nous viserons un prototype complet d\u2019ici le premier semestre<br \/>\n2026 \u00bb, d\u00e9taille <strong>Sterlacchini<\/strong>.<\/p>\n<p>Mais ce n\u2019est pas tout. \u00c0 l\u2019horizon <strong>2028<\/strong>, la<br \/>\nplus petite des cat\u00e9gories Grand Prix, la Moto3, vivra, elle aussi,<br \/>\nsa r\u00e9volution. Le format actuel dispara\u00eetra, au profit d\u2019un mod\u00e8le<br \/>\nunique \u00e0 deux cylindres de 500 cc, <strong>fourni par un seul<br \/>\nconstructeur s\u00e9lectionn\u00e9<\/strong>. Honda, KTM et Yamaha ont d\u00e9j\u00e0<br \/>\nmontr\u00e9 leur int\u00e9r\u00eat. Et <strong>Aprilia<\/strong> ?<\/p>\n<p><a href=\"https:\/\/www.paddock-gp.com\/motogp-fabiano-sterlacchini-a-decouvert-un-autre-marco-bezzecchi-cela-a-ete-une-bonne-surprise\/\" rel=\"nofollow noopener\" target=\"_blank\"><br \/>\n<strong>Sterlacchini<\/strong><\/a> reste prudent. Pour l\u2019heure, \u00ab<br \/>\n95 % de son temps est consacr\u00e9 au MotoGP \u00bb. Mais il<br \/>\nn\u2019exclut rien : \u00ab si l\u2019entreprise d\u00e9cide d\u2019y aller, je suis<br \/>\npr\u00eat \u00e0 apporter mon exp\u00e9rience. \u00bb Et l\u2019id\u00e9e semble le s\u00e9duire<br \/>\n: \u00ab ce serait un d\u00e9fi technique passionnant. En Moto3,<br \/>\non est confront\u00e9 \u00e0 des situations tr\u00e8s diff\u00e9rentes du MotoGP. La<br \/>\nd\u00e9pendance aux conditions de piste est bien plus forte. Sur des<br \/>\ncircuits comme Spielberg, les moteurs tournent \u00e0 la limite. En<br \/>\nMotoGP, c\u2019est 20 \u00e0 25 % du temps, en Moto3, on est \u00e0 80 %. C\u2019est<br \/>\ntrois fois plus. \u00bb<\/p>\n<p>Pour <strong>Sterlacchini<\/strong>, ce serait une nouvelle<br \/>\naventure, un terrain d\u2019innovation stimulant \u2013 et peut-\u00eatre un moyen<br \/>\npour <strong>Aprilia<\/strong> de renforcer sa pr\u00e9sence dans les<br \/>\ncat\u00e9gories inf\u00e9rieures. Car dans cette p\u00e9riode de transition<br \/>\nr\u00e9glementaire, chaque constructeur joue gros, autant sur la piste<br \/>\nque dans les d\u00e9cisions strat\u00e9giques \u00e0 venir.<\/p>\n<p><img decoding=\"async\" class=\"aligncenter\" src=\"https:\/\/www.europesays.com\/fr\/wp-content\/uploads\/2025\/08\/34f752b3fe10497c96b45e602a66617f.jpg\" alt=\"Jorge Martin\"\/><\/p>\n","protected":false},"excerpt":{"rendered":"Alors que le MotoGP se pr\u00e9pare \u00e0 une r\u00e9volution technique majeure en 2027, Aprilia ajuste ses priorit\u00e9s en&hellip;\n","protected":false},"author":2,"featured_media":291850,"comment_status":"","ping_status":"","sticky":false,"template":"","format":"standard","meta":{"footnotes":""},"categories":[1413],"tags":[1011,27,1457,1456,60],"class_list":{"0":"post-291849","1":"post","2":"type-post","3":"status-publish","4":"format-standard","5":"has-post-thumbnail","7":"category-moto","8":"tag-fr","9":"tag-france","10":"tag-moto","11":"tag-motocycle","12":"tag-sports"},"share_on_mastodon":{"url":"https:\/\/pubeurope.com\/@fr\/114960401960953037","error":""},"_links":{"self":[{"href":"https:\/\/www.europesays.com\/fr\/wp-json\/wp\/v2\/posts\/291849","targetHints":{"allow":["GET"]}}],"collection":[{"href":"https:\/\/www.europesays.com\/fr\/wp-json\/wp\/v2\/posts"}],"about":[{"href":"https:\/\/www.europesays.com\/fr\/wp-json\/wp\/v2\/types\/post"}],"author":[{"embeddable":true,"href":"https:\/\/www.europesays.com\/fr\/wp-json\/wp\/v2\/users\/2"}],"replies":[{"embeddable":true,"href":"https:\/\/www.europesays.com\/fr\/wp-json\/wp\/v2\/comments?post=291849"}],"version-history":[{"count":0,"href":"https:\/\/www.europesays.com\/fr\/wp-json\/wp\/v2\/posts\/291849\/revisions"}],"wp:featuredmedia":[{"embeddable":true,"href":"https:\/\/www.europesays.com\/fr\/wp-json\/wp\/v2\/media\/291850"}],"wp:attachment":[{"href":"https:\/\/www.europesays.com\/fr\/wp-json\/wp\/v2\/media?parent=291849"}],"wp:term":[{"taxonomy":"category","embeddable":true,"href":"https:\/\/www.europesays.com\/fr\/wp-json\/wp\/v2\/categories?post=291849"},{"taxonomy":"post_tag","embeddable":true,"href":"https:\/\/www.europesays.com\/fr\/wp-json\/wp\/v2\/tags?post=291849"}],"curies":[{"name":"wp","href":"https:\/\/api.w.org\/{rel}","templated":true}]}}