{"id":291851,"date":"2025-08-02T17:41:15","date_gmt":"2025-08-02T17:41:15","guid":{"rendered":"https:\/\/www.europesays.com\/fr\/291851\/"},"modified":"2025-08-02T17:41:15","modified_gmt":"2025-08-02T17:41:15","slug":"ferrari-devrait-probablement-changer-de-pilote","status":"publish","type":"post","link":"https:\/\/www.europesays.com\/fr\/291851\/","title":{"rendered":"Ferrari \u00ab\u00a0devrait probablement changer de pilote\u00a0\u00bb"},"content":{"rendered":"<p>Alors que <a href=\"https:\/\/fr.motorsport.com\/driver\/charles-leclerc\/109632\/\" target=\"_blank\" rel=\"noopener\">Charles Leclerc<\/a> a surpris tout le monde avec sa pole position\u00a0presque sortie de nulle part, la surprise \u00e9tait plus terne de l&rsquo;autre c\u00f4t\u00e9 du garage. <a href=\"https:\/\/fr.motorsport.com\/driver\/lewis-hamilton\/76878\/\" target=\"_blank\" rel=\"noopener\">Lewis Hamilton<\/a> a, pour la troisi\u00e8me fois cons\u00e9cutive &#8211; en comptant le sprint de Belgique &#8211; rat\u00e9 la Q3. Un constat douloureux, alors que l&rsquo;on est t\u00e9moin des difficult\u00e9s du septuple champion du monde au volant de sa SF-25, qu&rsquo;il ne parvient ni \u00e0 dompter, ni \u00e0 comprendre.<\/p>\n<p>Les qualifications du Grand Prix de Hongrie se pr\u00e9sentaient mal pour la Scuderia au premier abord, c&rsquo;est pourquoi la pole de Leclerc \u00e9tait si inattendue. Dixi\u00e8me en Q1, Hamilton a tant bien que mal essay\u00e9 de survivre en Q2. Alors que son co\u00e9quipier parvenait de justesse \u00e0 se qualifier pour la troisi\u00e8me phase de la s\u00e9ance, le Britannique \u00e9chouait en 12e place, sauv\u00e9 d&rsquo;une position par le chrono supprim\u00e9 de <a href=\"https:\/\/fr.motorsport.com\/driver\/kimi-antonelli\/947765\/\" target=\"_blank\" rel=\"noopener\">Kimi Antonelli<\/a>.<\/p>\n<blockquote>\n<p>L&rsquo;\u00e9quipe n&rsquo;a aucun probl\u00e8me, la voiture est en pole, donc on devrait probablement changer de pilote.<\/p>\n<\/blockquote>\n<p>Quand il a appris son \u00e9limination, Hamilton a exprim\u00e9 ces mots \u00e0 la radio : \u00ab\u00a0\u00c0 chaque fois, \u00e0 chaque fois&#8230;\u00a0\u00bb\u00a0Questionn\u00e9 par Sky Sports sur ce \u00e0 quoi il faisait r\u00e9f\u00e9rence, il a r\u00e9pondu de mani\u00e8re tr\u00e8s br\u00e8ve : \u00ab\u00a0Oh, c&rsquo;est moi, \u00e0 chaque fois. Ouais, inutile, compl\u00e8tement inutile.\u00a0\u00bb<\/p>\n<p>Lorsqu&rsquo;on lui a demand\u00e9 s&rsquo;il avait des r\u00e9ponses \u00e0 ses questions et si l&rsquo;\u00e9quipe travaillait pour tenter de l&rsquo;aider au mieux, le pilote <a href=\"https:\/\/fr.motorsport.com\/team\/ferrari\/615\/\" target=\"_blank\" rel=\"noopener\">Ferrari<\/a> a imm\u00e9diatement rench\u00e9ri en ne m\u00e2chant pas ses mots, visiblement agac\u00e9 et encore sous le coup de l&rsquo;adr\u00e9naline : \u00ab\u00a0L&rsquo;\u00e9quipe n&rsquo;a aucun probl\u00e8me, la voiture est en pole, donc on devrait probablement changer de pilote.\u00a0\u00bb<\/p>\n<p>Alors que le circuit du Hungaroring est comme un second Silverstone pour Hamilton, puisqu&rsquo;il y d\u00e9tient le record du plus grand nombre de victoires avec huit succ\u00e8s, le Britannique a pr\u00e9cis\u00e9 que \u00ab\u00a0pas une seule fois ce week-end\u00a0\u00bb il n&rsquo;avait eu le sentiment de pouvoir viser un meilleur r\u00e9sultat.<\/p>\n<p>Il a tout de m\u00eame reconnu que les qualifications avaient \u00e9t\u00e9 \u00ab\u00a0incroyables pour l&rsquo;\u00e9quipe\u00a0\u00bb, la pole de Leclerc \u00e9tant une surprise apr\u00e8s que <a href=\"https:\/\/fr.motorsport.com\/team\/mclaren\/609\/\" target=\"_blank\" rel=\"noopener\">McLaren<\/a> a domin\u00e9 toutes les s\u00e9ances jusqu&rsquo;\u00e0 la Q3, t\u00e9moin \u00ab\u00a0de gros progr\u00e8s\u00a0\u00bb pour Ferrari.<\/p>\n<p style=\"text-align: right;\">Avec Ed Hardy<\/p>\n<p>Lire aussi :<\/p>\n<p>Dans cet article<\/p>\n<p>Soyez le premier inform\u00e9 et souscrivez aux alertes mails pour recevoir les infos en temps r\u00e9el<\/p>\n<p>    S&rsquo;abonner aux alertes de news<\/p>\n","protected":false},"excerpt":{"rendered":"Alors que Charles Leclerc a surpris tout le monde avec sa pole position\u00a0presque sortie de nulle part, la&hellip;\n","protected":false},"author":2,"featured_media":291852,"comment_status":"","ping_status":"","sticky":false,"template":"","format":"standard","meta":{"footnotes":""},"categories":[1412],"tags":[1451,2251,1452,1453,1454,1455,1011,27,21746,42060,1975,60],"class_list":{"0":"post-291851","1":"post","2":"type-post","3":"status-publish","4":"format-standard","5":"has-post-thumbnail","7":"category-f1","8":"tag-f1","9":"tag-ferrari","10":"tag-formula-1","11":"tag-formula1","12":"tag-formule-1","13":"tag-formule1","14":"tag-fr","15":"tag-france","16":"tag-gp-de-hongrie","17":"tag-hungaroring","18":"tag-lewis-hamilton","19":"tag-sports"},"share_on_mastodon":{"url":"https:\/\/pubeurope.com\/@fr\/114960406204413691","error":""},"_links":{"self":[{"href":"https:\/\/www.europesays.com\/fr\/wp-json\/wp\/v2\/posts\/291851","targetHints":{"allow":["GET"]}}],"collection":[{"href":"https:\/\/www.europesays.com\/fr\/wp-json\/wp\/v2\/posts"}],"about":[{"href":"https:\/\/www.europesays.com\/fr\/wp-json\/wp\/v2\/types\/post"}],"author":[{"embeddable":true,"href":"https:\/\/www.europesays.com\/fr\/wp-json\/wp\/v2\/users\/2"}],"replies":[{"embeddable":true,"href":"https:\/\/www.europesays.com\/fr\/wp-json\/wp\/v2\/comments?post=291851"}],"version-history":[{"count":0,"href":"https:\/\/www.europesays.com\/fr\/wp-json\/wp\/v2\/posts\/291851\/revisions"}],"wp:featuredmedia":[{"embeddable":true,"href":"https:\/\/www.europesays.com\/fr\/wp-json\/wp\/v2\/media\/291852"}],"wp:attachment":[{"href":"https:\/\/www.europesays.com\/fr\/wp-json\/wp\/v2\/media?parent=291851"}],"wp:term":[{"taxonomy":"category","embeddable":true,"href":"https:\/\/www.europesays.com\/fr\/wp-json\/wp\/v2\/categories?post=291851"},{"taxonomy":"post_tag","embeddable":true,"href":"https:\/\/www.europesays.com\/fr\/wp-json\/wp\/v2\/tags?post=291851"}],"curies":[{"name":"wp","href":"https:\/\/api.w.org\/{rel}","templated":true}]}}