{"id":291857,"date":"2025-08-02T17:44:10","date_gmt":"2025-08-02T17:44:10","guid":{"rendered":"https:\/\/www.europesays.com\/fr\/291857\/"},"modified":"2025-08-02T17:44:10","modified_gmt":"2025-08-02T17:44:10","slug":"un-mois-de-juillet-pourri-evelyne-dheliat-remet-leglis","status":"publish","type":"post","link":"https:\/\/www.europesays.com\/fr\/291857\/","title":{"rendered":"un mois de juillet pourri ? Evelyne Dh\u00e9liat remet l\u2019\u00e9glis &#8230;"},"content":{"rendered":"<p>EN BREF<\/p>\n<ul class=\"bloc_resume_post_list\">\n<li>En juillet 2025, une canicule a marqu\u00e9 le d\u00e9but du mois,<br \/>\nsuivie d\u00a0\u00bbune fra\u00eecheur inhabituelle, selon M\u00e9t\u00e9o<br \/>\nFrance.<\/li>\n<li>Evelyne Dh\u00e9liat a soulign\u00e9 que malgr\u00e9 une fra\u00eecheur<br \/>\napparente, juillet 2025 a \u00e9t\u00e9 plus chaud que la<br \/>\nmoyenne.<\/li>\n<li>Le mois d&rsquo;ao\u00fbt 2025 promet un ensoleillement g\u00e9n\u00e9reux<br \/>\navec quelques jours de pluie, selon La cha\u00eene m\u00e9t\u00e9o.<\/li>\n<\/ul>\n<p>Sur <strong>le plan m\u00e9t\u00e9o<\/strong>, le mois de juillet 2025 aura<br \/>\n\u00e9t\u00e9 un v\u00e9ritable voyage, mais sans avoir \u00e0 se d\u00e9placer.<br \/>\n<strong>Canicule au d\u00e9but du mois<\/strong>, fra\u00eecheur au milieu<br \/>\navec <a href=\"https:\/\/www.closermag.fr\/people\/mort-de-catherine-laborde-bouleversee-evelyne-dheliat-se-confie-sur-la-disparition-de-sa-plus-fidele-collegue-3514282\" rel=\"nofollow noopener\" target=\"_blank\"><br \/>\nles agitations<\/a> en fin de mois nous ont fait ressentir toutes<br \/>\nles saisons en seulement quelques semaines. Selon le bilan<br \/>\nclimatique de <a href=\"https:\/\/meteofrance.fr\/actualite\/publications\/2025-les-bilans-climatiques#:~:text=Juillet%202025%20%3A%20caniculaire%20au%20d%C3%A9but,par%20rapport%20%C3%A0%20la%20normale.\" rel=\"nofollow noopener\" target=\"_blank\"><br \/>\nM\u00e9t\u00e9o France<\/a>, une <strong>anomalie chaude de +0,9<br \/>\n\u00b0C<\/strong> a \u00e9t\u00e9 enregistr\u00e9e par rapport \u00e0 la normale.<\/p>\n<p>\u00ab\u00a0Les pr\u00e9cipitations ont \u00e9t\u00e9 <strong>conformes \u00e0 la<br \/>\nnormale<\/strong> en moyenne \u00e0 l\u2019\u00e9chelle du pays\u00a0\u00bb,<br \/>\nexplique le site officiel. Concernant l\u2019ensoleillement, rien<br \/>\nd\u2019inhabituel a \u00e9t\u00e9 enregistr\u00e9. Malgr\u00e9 ces grandes variations de<br \/>\ntemp\u00e9rature, il semblerait pourtant qu\u2019on ne soit pas le plus \u00e0<br \/>\nplaindre. Apr\u00e8s tout, il ne faisait pas plus froid que l\u2019ann\u00e9e<br \/>\nderni\u00e8re.<\/p>\n<p>M\u00e9t\u00e9o :\u00a0 Evelyne Dh\u00e9liat met les pendules \u00e0 l\u2019heure !<\/p>\n<p>Sur son compte X, <a href=\"https:\/\/www.closermag.fr\/people\/evelyne-dheliat-joker-cette-question-delicate-sur-son-avenir-quelle-esquive-3567466\" rel=\"nofollow noopener\" target=\"_blank\"><br \/>\nEvelyne Dh\u00e9liat<\/a> a \u00e9galement fait le bilan des variations de<br \/>\ntemp\u00e9rature du mois de juillet 2025. \u00ab\u00a0Bien que ce mois de<br \/>\njuillet 2025 nous ait parfois paru frais avec <strong>une<br \/>\nmoyenne \u00e0 l&rsquo;\u00e9chelle nationale de 22<\/strong>\u00b0, il est<br \/>\nfinalement <strong>+1\u00b0 au-dessus de la<br \/>\nmoyenne<\/strong> d&rsquo;un mois de juillet !\u00a0\u00bb, a-t-elle<br \/>\nd\u00e9clar\u00e9.<\/p>\n<p>\u00a0\u00ab\u00a0Mais il va faire plus chaud la semaine prochaine,<br \/>\nnotamment dans le sud\u00a0\u00bb, a ajout\u00e9 la pr\u00e9sentatrice de 77 ans.<br \/>\n\u00ab\u00a0<strong>Bonnes vacances<\/strong> aux ao\u00fbtiens<br \/>\n!\u00a0\u00bb, conclut <a href=\"https:\/\/www.telestar.fr\/actu_tv\/evelyne-dheliat-ca-ne-depend-pas-que-son-futur-sur-tf1-1732992\" rel=\"nofollow noopener\" target=\"_blank\"><br \/>\nle visage de la m\u00e9t\u00e9o<\/a> depuis 1991.<\/p>\n<blockquote class=\"twitter-tweet\"><p><a class=\"twitter-link\" rel=\"noindex, nofollow noopener\" href=\"https:\/\/twitter.com\/EvelyneDheliat\/status\/1951582836647166120\" target=\"_blank\"><\/p><\/blockquote>\n<p>M\u00e9t\u00e9o : et pour le mois d\u2019ao\u00fbt ?<\/p>\n<p>Selon <a href=\"https:\/\/voyage.lachainemeteo.com\/meteo-voyage\/pays-63\/meteo-en-france-en-aout\" rel=\"nofollow noopener\" target=\"_blank\"><br \/>\nLa cha\u00eene m\u00e9t\u00e9o<\/a>, ce mois d\u2019ao\u00fbt 2025 devrait<br \/>\nb\u00e9n\u00e9ficier de <strong>22 jours ensoleill\u00e9s<\/strong> et <strong>6<br \/>\njours de pluie<\/strong>. Des averses ne sont pas \u00e0 exclure dans les<br \/>\n19% du temps sujets \u00e0 la pluie. Quant \u00e0 la temp\u00e9rature, elle<br \/>\ndevrait vari\u00e9e <strong>entre 16\u00b0C et 25\u00b0C<\/strong>.<\/p>\n<p><script async src=\"https:\/\/platform.twitter.com\/widgets.js\" charset=\"utf-8\"><\/script><\/p>\n","protected":false},"excerpt":{"rendered":"EN BREF En juillet 2025, une canicule a marqu\u00e9 le d\u00e9but du mois, suivie d\u00a0\u00bbune fra\u00eecheur inhabituelle, selon&hellip;\n","protected":false},"author":2,"featured_media":291858,"comment_status":"","ping_status":"","sticky":false,"template":"","format":"standard","meta":{"footnotes":""},"categories":[1359],"tags":[548,58,59,1011,27,2487,973],"class_list":{"0":"post-291857","1":"post","2":"type-post","3":"status-publish","4":"format-standard","5":"has-post-thumbnail","7":"category-people","8":"tag-article-simple","9":"tag-divertissement","10":"tag-entertainment","11":"tag-fr","12":"tag-france","13":"tag-meteo","14":"tag-people"},"share_on_mastodon":{"url":"https:\/\/pubeurope.com\/@fr\/114960417685971377","error":""},"_links":{"self":[{"href":"https:\/\/www.europesays.com\/fr\/wp-json\/wp\/v2\/posts\/291857","targetHints":{"allow":["GET"]}}],"collection":[{"href":"https:\/\/www.europesays.com\/fr\/wp-json\/wp\/v2\/posts"}],"about":[{"href":"https:\/\/www.europesays.com\/fr\/wp-json\/wp\/v2\/types\/post"}],"author":[{"embeddable":true,"href":"https:\/\/www.europesays.com\/fr\/wp-json\/wp\/v2\/users\/2"}],"replies":[{"embeddable":true,"href":"https:\/\/www.europesays.com\/fr\/wp-json\/wp\/v2\/comments?post=291857"}],"version-history":[{"count":0,"href":"https:\/\/www.europesays.com\/fr\/wp-json\/wp\/v2\/posts\/291857\/revisions"}],"wp:featuredmedia":[{"embeddable":true,"href":"https:\/\/www.europesays.com\/fr\/wp-json\/wp\/v2\/media\/291858"}],"wp:attachment":[{"href":"https:\/\/www.europesays.com\/fr\/wp-json\/wp\/v2\/media?parent=291857"}],"wp:term":[{"taxonomy":"category","embeddable":true,"href":"https:\/\/www.europesays.com\/fr\/wp-json\/wp\/v2\/categories?post=291857"},{"taxonomy":"post_tag","embeddable":true,"href":"https:\/\/www.europesays.com\/fr\/wp-json\/wp\/v2\/tags?post=291857"}],"curies":[{"name":"wp","href":"https:\/\/api.w.org\/{rel}","templated":true}]}}