{"id":291859,"date":"2025-08-02T17:45:17","date_gmt":"2025-08-02T17:45:17","guid":{"rendered":"https:\/\/www.europesays.com\/fr\/291859\/"},"modified":"2025-08-02T17:45:17","modified_gmt":"2025-08-02T17:45:17","slug":"lexposition-de-la-monnaie-de-paris-a-decouvrir-jusqua-la-fin-de-lete","status":"publish","type":"post","link":"https:\/\/www.europesays.com\/fr\/291859\/","title":{"rendered":"l\u2019exposition de la Monnaie de Paris \u00e0 d\u00e9couvrir jusqu\u2019\u00e0 la fin de l\u2019\u00e9t\u00e9"},"content":{"rendered":"<p>Voici un passionnant hommage au peintre fran\u00e7ais, jadis incontournable, qui multiplia les exp\u00e9rimentations et se singularisa par sa personnalit\u00e9 extravagante et passionn\u00e9e. Un voyage nostalgique\u2026<\/p>\n<p class=\"fig-paragraph\">Retour en gr\u00e2ce pour\u00a0<a href=\"http:\/\/www.lefigaro.fr\/culture\/georges-mathieu-un-peintre-vindicatif-a-la-monnaie-de-paris-20250501\" data-fig-type=\"Article\" data-gtm-custom-categorie=\"navigation\" data-gtm-custom-action=\"crossclick\" data-gtm-custom-label=\"Contextuel\" data-gtm-event=\"customEventSPE\" data-fig-domain=\"LEFIGARO\" rel=\"nofollow noopener\" target=\"_blank\">Georges Mathieu<\/a>\u00a0(1921-2012), un artiste relativement oubli\u00e9 de nos jours mais qui sut marquer son \u00e9poque par sa cr\u00e9ativit\u00e9 d\u00e9bordante. En t\u00e9moigne la somme vari\u00e9e d\u2019\u0153uvres rassembl\u00e9es \u00e0 la Monnaie de Paris, qui lui rend actuellement un superbe hommage en collaboration avec le Centre Pompidou. \u00ab Il faut se souvenir qu\u2019il \u00e9tait partout au milieu des ann\u00e9es 1970 \u00bb, t\u00e9moigne \u00c9ric de Chassey, commissaire du parcours avec Christian Briend et B\u00e9atrice Coullar\u00e9, \u00e0 propos de cet \u00e9minent repr\u00e9sentant de l\u2019abstraction lyrique.<\/p>\n<p class=\"fig-paragraph\">\u00ab \u00c0 commencer dans nos poches, puisqu\u2019on lui doit notre ancienne pi\u00e8ce de 10 francs. \u00c0 la t\u00e9l\u00e9vision aussi\u00a0: le sigle d\u2019Antenne 2, c\u2019\u00e9tait lui. Sans oublier le troph\u00e9e des 7 d\u2019or. On le retrouvait \u00e9galement sur les timbres, les bons du Tr\u00e9sor, les \u00e9tiquettes de champagne, les affiches d\u2019Air France, la vaisselle de l\u2019\u00c9lys\u00e9e\u2026\u00a0\u00bb Citer les terrains o\u00f9 cet autodidacte ne s\u2019est jamais aventur\u00e9 serait presque plus simple\u2026 \u00ab Il cherchait sans cesse \u00e0 se renouveler\u00a0\u00bb, confirment les experts.<\/p>\n<p class=\"fig-body-link\">\n            \u00c0 lire aussi<br \/>\n        <a class=\"fig-body-link__link\" href=\"https:\/\/www.lefigaro.fr\/culture\/encheres\/2019\/01\/10\/03016-20190110ARTFIG00267-apres-trente-ans-d-absence-retour-triomphal-de-georges-mathieu-a-new-york.php\" data-fig-type=\"Article\" data-gtm-custom-categorie=\"navigation\" data-gtm-custom-action=\"crossclick\" data-gtm-custom-label=\"Contextuel\" data-gtm-event=\"customEventSPE\" data-fig-domain=\"LEFIGARO\" rel=\"nofollow noopener\" target=\"_blank\">Apr\u00e8s trente ans d&rsquo;absence, retour triomphal de Georges Mathieu \u00e0 New York<br \/>\n    <\/a>\n<\/p>\n<p>                                    <a class=\"fig-a11y-skip a11y-hidden\" href=\"#fig-a11y-skip-main-inarticle\"><br \/>\n        Passer la publicit\u00e9<br \/>\n    <\/a><\/p>\n<p>\u00c9criture incomparable<\/p>\n<p class=\"fig-paragraph\">Proche par certains aspects de Salvador Dal\u00ed (moustache, accoutrements de dandy, vocabulaire haut en couleur, sens du spectacle\u2026), l\u2019homme aimait la d\u00e9mesure. D\u00e9monstration avec trois imposantes compositions \u2013 ex\u00e9cut\u00e9es dans les ann\u00e9es 1950 \u2013 si caract\u00e9ristiques de son style inimitable. Il y livrait sa vision, tout en mouvements spontan\u00e9s, d\u2019\u00e9v\u00e9nements cl\u00e9s de l\u2019histoire de France. La pr\u00e9sentation de La Bataille de Bouvines, La Victoire de Denain et Les Cap\u00e9tiens partout\u00a0! constitue une spectaculaire entr\u00e9e en mati\u00e8re. D\u2019o\u00f9 lui venait cette inspiration totalement d\u00e9brid\u00e9e\u00a0? La r\u00e9ponse ne tarde pas. La section d\u00e9di\u00e9e \u00e0 la p\u00e9riode dite des Limbes \u00e9voque l\u2019influence du peintre allemand Wols (1913-1951). \u00ab M\u00eames moyens techniques\u00a0: les taches, les coul\u00e9es, les projections\u00a0\u00bb, assurait cet esprit ind\u00e9pendant et provocateur.<\/p>\n<p class=\"fig-paragraph\">La preuve avec cette nouvelle s\u00e9rie de peintures faisant la part belle \u00e0 des graphismes de couleur noire transperc\u00e9s d\u2019\u00e9clats rouges directement sortis du tube. \u00ab D\u00e9sormais, l\u2019artiste s\u2019inspire pour ses titres de figures ou d\u2019\u00e9pisodes tir\u00e9s du pass\u00e9 m\u00e9di\u00e9val de la France, renouant paradoxalement avec une peinture d\u2019histoire pourtant d\u00e9consid\u00e9r\u00e9e par la critique\u00a0\u00bb, note Christian Briend. Sa personnalit\u00e9 se dessine de plus en plus. \u00ab C\u2019\u00e9tait un homme de contradictions, poursuivent les sp\u00e9cialistes. Il \u00e9tait s\u00e9rieux et plein d\u2019humour, il \u00e9tait avant-gardiste et monarchiste, il regardait beaucoup ce qui se passait autour de lui, mais jetait un \u0153il critique sur ses contemporains \u00e0 l\u2019exception de Wols\u2026\u00a0\u00bb Les \u00c9tats-Unis n\u2019ont pas \u00e9chapp\u00e9 \u00e0 son courroux. L\u2019histoire partait pourtant sous les meilleurs auspices. Messager entre les sc\u00e8nes fran\u00e7aise et am\u00e9ricaine, cet admirateur de Pollock a su s\u00e9duire les grands mus\u00e9es\u2026 avant d\u2019\u00eatre rejet\u00e9 par les m\u00eames quelques ann\u00e9es plus tard. Il en gardera une profonde amertume.<\/p>\n<blockquote class=\"fig-quote&#10;    \">\n<p class=\"fig-quote__text\">Le premier calligraphe occidental<\/p>\n<p>            Andr\u00e9 Malraux\n    <\/p><\/blockquote>\n<p class=\"fig-paragraph\">Changement de d\u00e9cor\u00a0: des \u00e9l\u00e9ments figuratifs apparaissent dans son travail pour Air France. M\u00eame constat devant sa toile intitul\u00e9e La Lib\u00e9ration d\u2019Orl\u00e9ans par Jeanne d\u2019Arc, unique en son genre. Ce membre de l\u2019Acad\u00e9mie des beaux-arts poss\u00e9dait pareillement une jolie plume. Des manuscrits d\u00e9voilent son \u00e9criture incomparable, digne d\u2019un dessin. \u00ab Le premier calligraphe occidental \u00bb, jugeait Andr\u00e9 Malraux. Au milieu des ann\u00e9es 1960, des lignes g\u00e9om\u00e9triques surgissent dans son \u0153uvre. Un style appropri\u00e9 pour d\u00e9crire le progr\u00e8s technique et industriel des Trente Glorieuses, immortalis\u00e9 par ses soins sur le revers de la c\u00e9l\u00e8bre pi\u00e8ce de 10 francs. Et comment oublier son go\u00fbt pour la t\u00e9l\u00e9vision (\u00ab un outil prodigieux\u00a0\u00bb selon ses dires), o\u00f9 il se mettait volontiers en sc\u00e8ne\u00a0? \u00ab Il fut l\u2019inventeur de la performance \u00bb, concluent les organisateurs.<\/p>\n<p class=\"fig-paragraph\">\u00ab<a href=\"https:\/\/www.monnaiedeparis.fr\/fr\/exposition-georges-mathieu\" target=\"_blank\" rel=\"sponsored noopener nofollow\" data-gtm-custom-categorie=\"navigation\" data-gtm-custom-action=\"crossclick\" data-gtm-custom-label=\"Contextuel\" data-gtm-event=\"customEventSPE\">\u00a0Georges Mathieu. Geste, vitesse, mouvement\u00a0<\/a> \u00bb, Monnaie de Paris, Paris 6e.. Jusqu\u2019au 7 septembre.<\/p>\n","protected":false},"excerpt":{"rendered":"Voici un passionnant hommage au peintre fran\u00e7ais, jadis incontournable, qui multiplia les exp\u00e9rimentations et se singularisa par sa&hellip;\n","protected":false},"author":2,"featured_media":291860,"comment_status":"","ping_status":"","sticky":false,"template":"","format":"standard","meta":{"footnotes":""},"categories":[1358],"tags":[1348,1384,1385,1386,58,59,1011,27,1585],"class_list":{"0":"post-291859","1":"post","2":"type-post","3":"status-publish","4":"format-standard","5":"has-post-thumbnail","7":"category-arts-et-design","8":"tag-arts","9":"tag-arts-and-design","10":"tag-arts-et-design","11":"tag-design","12":"tag-divertissement","13":"tag-entertainment","14":"tag-fr","15":"tag-france","16":"tag-peinture"},"share_on_mastodon":{"url":"https:\/\/pubeurope.com\/@fr\/114960421586576317","error":""},"_links":{"self":[{"href":"https:\/\/www.europesays.com\/fr\/wp-json\/wp\/v2\/posts\/291859","targetHints":{"allow":["GET"]}}],"collection":[{"href":"https:\/\/www.europesays.com\/fr\/wp-json\/wp\/v2\/posts"}],"about":[{"href":"https:\/\/www.europesays.com\/fr\/wp-json\/wp\/v2\/types\/post"}],"author":[{"embeddable":true,"href":"https:\/\/www.europesays.com\/fr\/wp-json\/wp\/v2\/users\/2"}],"replies":[{"embeddable":true,"href":"https:\/\/www.europesays.com\/fr\/wp-json\/wp\/v2\/comments?post=291859"}],"version-history":[{"count":0,"href":"https:\/\/www.europesays.com\/fr\/wp-json\/wp\/v2\/posts\/291859\/revisions"}],"wp:featuredmedia":[{"embeddable":true,"href":"https:\/\/www.europesays.com\/fr\/wp-json\/wp\/v2\/media\/291860"}],"wp:attachment":[{"href":"https:\/\/www.europesays.com\/fr\/wp-json\/wp\/v2\/media?parent=291859"}],"wp:term":[{"taxonomy":"category","embeddable":true,"href":"https:\/\/www.europesays.com\/fr\/wp-json\/wp\/v2\/categories?post=291859"},{"taxonomy":"post_tag","embeddable":true,"href":"https:\/\/www.europesays.com\/fr\/wp-json\/wp\/v2\/tags?post=291859"}],"curies":[{"name":"wp","href":"https:\/\/api.w.org\/{rel}","templated":true}]}}