{"id":291865,"date":"2025-08-02T17:48:16","date_gmt":"2025-08-02T17:48:16","guid":{"rendered":"https:\/\/www.europesays.com\/fr\/291865\/"},"modified":"2025-08-02T17:48:16","modified_gmt":"2025-08-02T17:48:16","slug":"un-film-emouvant-sur-la-vie-de-veronique-sanson-en-preparation","status":"publish","type":"post","link":"https:\/\/www.europesays.com\/fr\/291865\/","title":{"rendered":"un film \u00ab\u00a0\u00e9mouvant\u00a0\u00bb sur la vie de V\u00e9ronique Sanson en pr\u00e9paration"},"content":{"rendered":"<p><img decoding=\"async\" src=\"https:\/\/www.europesays.com\/fr\/wp-content\/uploads\/2025\/08\/photo_1754045354.jpg\" class=\"textcenter img-content\" loading=\"lazy\"\/>Bestimage<br \/>\n<br \/>\nLe public attend inlassablement son retour. Si V\u00e9ronique Sanson est toujours embarqu\u00e9e dans une grande tourn\u00e9e hexagonale pour pr\u00e9senter <a href=\"https:\/\/www.chartsinfrance.net\/actualite\/news-128718.html\" target=\"_blank\" class=\"spip_out\" rel=\"nofollow noopener\">son spectacle \u00ab\u00a0Hasta Luego\u00a0\u00bb<\/a>, avec des concerts programm\u00e9s \u00e0 Rennes, Amiens, Lille, Pau ou \u00e0 La Seine Musicale pr\u00e8s de Paris jusqu&rsquo;en d\u00e9cembre, quid d&rsquo;<a href=\"https:\/\/www.chartsinfrance.net\/actualite\/news-128518.html\" target=\"_blank\" class=\"spip_out\" rel=\"nofollow noopener\">un nouvel album<\/a> ? Voil\u00e0 d\u00e9j\u00e0 neuf ans que son dernier disque de chansons originales, <a href=\"https:\/\/www.chartsinfrance.net\/Veronique-Sanson\/news-102466.html\" target=\"_blank\" class=\"spip_out\" rel=\"nofollow noopener\">\u00ab\u00a0Dignes, dingues, donc\u00a0\u00bb<\/a>, est paru&#8230; et les fans s&rsquo;impatientent. \u00ab En r\u00e9alit\u00e9, j&rsquo;en ai assez des albums de dix \u00e0 douze chansons. \u00c0 75 ans, on a \u00e0 peu pr\u00e8s tout dit et on a plus que jamais peur de se r\u00e9p\u00e9ter. J&rsquo;aimerais sortir quatre nouveaux titres tous les quatre ans, mais je ne sortirai jamais un titre pour sortir un titre \u00bb affirmait-elle l&rsquo;an dernier \u00e0 <a href=\"https:\/\/www.parismatch.com\/culture\/musique\/veronique-sanson-toutes-ces-emotions-que-je-chante-les-gens-les-ressentent-236646\" target=\"_blank\" class=\"spip_out\" rel=\"nofollow noopener\">Paris Match<\/a>, souhaitant \u00ab \u00e9viter la routine \u00bb. Pourtant, <a href=\"https:\/\/www.chartsinfrance.net\/Vianney\/news-121061.html\" target=\"_blank\" class=\"spip_out\" rel=\"nofollow noopener\">Vianney a bel et bien travaill\u00e9 avec la chanteuse<\/a> sur ce projet, et a m\u00eame affirm\u00e9 avoir \u00ab enregistr\u00e9 des choses \u00bb.<\/p>\n<p>Le player Dailymotion est en train de se charger&#8230;<\/p>\n<p>Un documentaire \u00ab\u00a0racont\u00e9 \u00e0 la premi\u00e8re personne\u00a0\u00bb<br \/>\nEn attendant, un projet parall\u00e8le pourrait contenter les inconditionnels de l&rsquo;ic\u00f4ne. V\u00e9ronique Sanson sera bient\u00f4t au coeur d&rsquo;un \u00ab film in\u00e9dit \u00bb, produit par l&rsquo;INA (LInstitut national de l&rsquo;audiovisuel) avec la participation de France T\u00e9l\u00e9visions. Son nom ? \u00ab\u00a0V\u00e9ronique\u00a0\u00bb, tout simplement. \u00ab Pour la premi\u00e8re fois, racont\u00e9e \u00e0 travers ses propres paroles et de nombreuses archives in\u00e9dites, V\u00c9RONIQUE fait la lumi\u00e8re sur les secrets, les \u00e9preuves et la qu\u00eate de libert\u00e9 d&rsquo;une artiste \u00e0 la fois forte et vuln\u00e9rable, dont la vie se raconte toute enti\u00e8re dans sa musique et ses chansons \u00bb atteste un communiqu\u00e9 indiquant que le documentaire sera r\u00e9alis\u00e9 par Tom Volf. <\/p>\n<blockquote class=\"quote\"><p><b>\u00c0 LIRE &#8211;<\/b> <a href=\"https:\/\/www.chartsinfrance.net\/actualite\/news-123944.html\" target=\"_blank\" class=\"spip_out\" rel=\"nofollow noopener\">\u00ab\u00a0Il fallait que je le fasse\u00a0\u00bb : V\u00e9ronique Sanson revient sur sa rupture avec Michel Berger<\/a><\/p><\/blockquote>\n<p>\nVoil\u00e0 d\u00e9j\u00e0 un an que le metteur en sc\u00e8ne, connu pour les documentaires \u00ab\u00a0Maria by Callas\u00a0\u00bb et \u00ab\u00a0Callas &#8211; Paris, 1958\u00a0\u00bb, avait r\u00e9v\u00e9l\u00e9 sur son compte Instagram travailler sur un projet en lien avec l&rsquo;interpr\u00e8te de <a href=\"https:\/\/www.chartsinfrance.net\/actualite\/news-108052.html\" target=\"_blank\" class=\"spip_out\" rel=\"nofollow noopener\">\u00ab\u00a0Chanson sur ma dr\u00f4le de vie\u00a0\u00bb<\/a>. Il s&rsquo;affairait alors en salle de montage sur des images datant des ann\u00e9es 80. L&rsquo;affiche choisie pour annoncer le film \u00ab\u00a0V\u00e9ronique\u00a0\u00bb est finalement plus ant\u00e9rieure. Il s&rsquo;agit d&rsquo;une photographie montrant la pianiste presque timide, les yeux fix\u00e9s vers le bas, ses boucles blondes tombant en cascade autour de son visage, vraisemblablement dat\u00e9e du d\u00e9but de sa carri\u00e8re amorc\u00e9e en 1972 avec l&rsquo;album <a href=\"https:\/\/www.chartsinfrance.net\/Veronique-Sanson\/Amoureuse-sc25723.html\" target=\"_blank\" class=\"spip_out\" rel=\"nofollow noopener\">\u00ab\u00a0Amoureuse\u00a0\u00bb<\/a>, r\u00e9alis\u00e9 par un certain Michel Berger. La rupture, quelques ann\u00e9es plus tard, entre les deux artistes sera la source d&rsquo;inspiration de certaines des plus chansons du r\u00e9pertoire fran\u00e7ais !<\/p>\n<p>\u00c0 noter qu&rsquo;il est pr\u00e9cis\u00e9 que le film sera \u00ab racont\u00e9 \u00e0 la premi\u00e8re personne \u00bb et que les textes de ses tubes embl\u00e9matiques seront \u00ab le fil conducteur d&rsquo;un r\u00e9cit \u00e9mouvant et sinc\u00e8re \u00bb. Vivement !<\/p>\n<blockquote class=\"instagram-media\" data-instgrm-captioned=\"\" data-instgrm-permalink=\"https:\/\/www.instagram.com\/p\/DMxEE_cN061\/?utm_source=ig_embed&amp;utm_campaign=loading\" data-instgrm-version=\"14\" style=\" background:#FFF; border:0; border-radius:3px; box-shadow:0 0 1px 0 rgba(0,0,0,0.5),0 1px 10px 0 rgba(0,0,0,0.15); margin: 1px; max-width:540px; min-width:326px; padding:0; width:99.375%; width:-webkit-calc(100% - 2px); width:calc(100% - 2px);\"\/><p>\n<script async src=\"\/\/www.instagram.com\/embed.js\"><\/script><\/p>\n","protected":false},"excerpt":{"rendered":"Bestimage Le public attend inlassablement son retour. Si V\u00e9ronique Sanson est toujours embarqu\u00e9e dans une grande tourn\u00e9e hexagonale&hellip;\n","protected":false},"author":2,"featured_media":291866,"comment_status":"","ping_status":"","sticky":false,"template":"","format":"standard","meta":{"footnotes":""},"categories":[1355],"tags":[58,59,1011,27,1361,873],"class_list":{"0":"post-291865","1":"post","2":"type-post","3":"status-publish","4":"format-standard","5":"has-post-thumbnail","7":"category-musique","8":"tag-divertissement","9":"tag-entertainment","10":"tag-fr","11":"tag-france","12":"tag-music","13":"tag-musique"},"share_on_mastodon":{"url":"https:\/\/pubeurope.com\/@fr\/114960433443600141","error":""},"_links":{"self":[{"href":"https:\/\/www.europesays.com\/fr\/wp-json\/wp\/v2\/posts\/291865","targetHints":{"allow":["GET"]}}],"collection":[{"href":"https:\/\/www.europesays.com\/fr\/wp-json\/wp\/v2\/posts"}],"about":[{"href":"https:\/\/www.europesays.com\/fr\/wp-json\/wp\/v2\/types\/post"}],"author":[{"embeddable":true,"href":"https:\/\/www.europesays.com\/fr\/wp-json\/wp\/v2\/users\/2"}],"replies":[{"embeddable":true,"href":"https:\/\/www.europesays.com\/fr\/wp-json\/wp\/v2\/comments?post=291865"}],"version-history":[{"count":0,"href":"https:\/\/www.europesays.com\/fr\/wp-json\/wp\/v2\/posts\/291865\/revisions"}],"wp:featuredmedia":[{"embeddable":true,"href":"https:\/\/www.europesays.com\/fr\/wp-json\/wp\/v2\/media\/291866"}],"wp:attachment":[{"href":"https:\/\/www.europesays.com\/fr\/wp-json\/wp\/v2\/media?parent=291865"}],"wp:term":[{"taxonomy":"category","embeddable":true,"href":"https:\/\/www.europesays.com\/fr\/wp-json\/wp\/v2\/categories?post=291865"},{"taxonomy":"post_tag","embeddable":true,"href":"https:\/\/www.europesays.com\/fr\/wp-json\/wp\/v2\/tags?post=291865"}],"curies":[{"name":"wp","href":"https:\/\/api.w.org\/{rel}","templated":true}]}}