{"id":291869,"date":"2025-08-02T17:50:11","date_gmt":"2025-08-02T17:50:11","guid":{"rendered":"https:\/\/www.europesays.com\/fr\/291869\/"},"modified":"2025-08-02T17:50:11","modified_gmt":"2025-08-02T17:50:11","slug":"ce-changement-sur-la-peau-est-souvent-lun-des-premiers-signes","status":"publish","type":"post","link":"https:\/\/www.europesays.com\/fr\/291869\/","title":{"rendered":"ce changement sur la peau est souvent l&rsquo;un des premiers signes"},"content":{"rendered":"<p><img decoding=\"async\" class=\"caas-img\" bad-src=\"https:\/\/www.europesays.com\/fr\/wp-content\/uploads\/2025\/08\/245e052934f7a48ef2aecaf4aa30b6c1.jpeg\" fetchpriority=\"high\" src=\"https:\/\/www.europesays.com\/fr\/wp-content\/uploads\/2025\/08\/245e052934f7a48ef2aecaf4aa30b6c1.jpeg\"\/><\/p>\n<p>La sensation de d\u00e9mangeaisons dans les membres touche jusqu&rsquo;\u00e0 20% de femmes m\u00e9nopaus\u00e9es et survient en g\u00e9n\u00e9ral au d\u00e9but de cette p\u00e9riode de transition, juste apr\u00e8s la fin des derni\u00e8res r\u00e8gles. L&rsquo;\u0153strog\u00e8ne stimule la production de collag\u00e8ne dans la peau : quand les niveaux de l&rsquo;hormone chutent, la peau est ass\u00e9ch\u00e9e provoquant les d\u00e9mangeaisons. Pour garder la peau hydrat\u00e9e, il est conseill\u00e9 aux femmes en pleine m\u00e9nopause de mettre de la cr\u00e8me solaire, m\u00eame par temps couvert, ainsi que d&rsquo;\u00e9viter les douches trop chaudes et les savons trop abrasifs.<\/p>\n<p>Le cancer du pancr\u00e9as est malheureusement en progression : entre 2010 et 2023, son taux d&rsquo;incidence a augment\u00e9 chaque ann\u00e9e de + 1,6 % chez les hommes et + 2,1 % chez les femmes. En 2023, pr\u00e8s de 16 000 nouveaux cas ont ainsi \u00e9t\u00e9 diagnostiqu\u00e9s en France.<\/p>\n<p>Un cancer foudroyant, agressif et quasi-impossible \u00e0 d\u00e9pister<\/p>\n<p>\u00ab\u00a0<strong>Le cancer du pancr\u00e9as est l&rsquo;un des plus foudroyants<\/strong> en chirurgie digestive, affirme le Dr. Alexandre Mensier, qui est chirurgien visc\u00e9ral et digestif (et que l&rsquo;on retrouve derri\u00e8re le compte Instagram @thefrench_chirurgien). Il est agressif, on ne peut pas encore le d\u00e9pister et son pronostic est sombre.\u00a0\u00bb Ainsi, d&rsquo;apr\u00e8s le centre de lutte contre le cancer Gustave Roussy, le cancer du pancr\u00e9as \u00ab\u00a0est souvent diagnostiqu\u00e9 \u00e0 un stade inop\u00e9rable et est donc <strong>extr\u00eamement difficile \u00e0 soigner dans 90 % des cas<\/strong>\u00ab\u00a0. D&rsquo;o\u00f9 la n\u00e9cessit\u00e9 de le rep\u00e9rer le plus t\u00f4t possible, afin de maximiser ses chances ! Justement : dans une vid\u00e9o publi\u00e9e sur Instagram, le Dr. Alexandre Mensier indique \u00ab\u00a0l&rsquo;un des premiers signes qui doit vous alarmer\u00a0\u00bb \u2013 il s&rsquo;agit de <strong>l&rsquo;apparition d&rsquo;un ict\u00e8re nu<\/strong>.<\/p>\n<p>Des selles blanch\u00e2tres, un \u0153il jaun\u00e2tre, des urines fonc\u00e9es<\/p>\n<p><strong>Qu&rsquo;est-ce que c&rsquo;est, exactement ?<\/strong> \u00ab\u00a0En gros, vous allez devenir tout jaune, au niveau de la peau mais \u00e9galement des yeux et de la scl\u00e8re , d\u00e9crit le chirurgien digestif. Votre urine va devenir marron tr\u00e8s fonc\u00e9 tandis qu&rsquo;au contraire, vos selles vont se d\u00e9colorer, jusqu&rsquo;\u00e0 devenir blanch\u00e2tres. On parle alors (&#8230;)<a href=\"https:\/\/www.topsante.com\/medecine\/cancers\/cancer_du_pancreas\/cancer-du-pancreas-ce-changement-sur-la-peau-est-souvent-l-un-des-premiers-signes-900809?utm_campaign=partenariat&amp;utm_source=yahoo-articles&amp;utm_medium=flux\" rel=\"nofollow noopener\" target=\"_blank\" data-ylk=\"slk:Lire la suite sur Top Sant\u00e9;elm:context_link;itc:0;sec:content-canvas\" class=\"link \">Lire la suite sur Top Sant\u00e9<\/a><a href=\"https:\/\/www.topsante.com\/nutrition_et_recettes\/bien_choisir_ses_aliments\/une-nutritionniste-a-trouve-une-marque-de-rillettes-qui-est-moins-nocive-que-les-autres-922893?utm_campaign=partenariat&amp;utm_source=yahoo-articles&amp;utm_medium=flux\" rel=\"nofollow noopener\" target=\"_blank\" data-ylk=\"slk:Une nutritionniste a trouv\u00e9 une marque de rillettes qui est moins nocive que les autres;elm:context_link;itc:0;sec:content-canvas\" class=\"link \">Une nutritionniste a trouv\u00e9 une marque de rillettes qui est moins nocive que les autres<\/a><br \/><a href=\"https:\/\/www.topsante.com\/nutrition_et_recettes\/bien_choisir_ses_aliments\/ce-fromage-est-probablement-le-plus-sain-tranchent-deux-dieteticiennes-890582?utm_campaign=partenariat&amp;utm_source=yahoo-articles&amp;utm_medium=flux\" rel=\"nofollow noopener\" target=\"_blank\" data-ylk=\"slk:Ce fromage est &quot;probablement le plus sain&quot;, tranchent deux di\u00e9t\u00e9ticiennes;elm:context_link;itc:0;sec:content-canvas\" class=\"link \">Ce fromage est \u00ab\u00a0probablement le plus sain\u00a0\u00bb, tranchent deux di\u00e9t\u00e9ticiennes<\/a><br \/><a href=\"https:\/\/www.topsante.com\/medecine\/votre_sante_vous\/si-vous-etes-ne-prematurement-vous-avez-plus-de-risques-de-rencontrer-ces-5-problemes-de-sante-une-fois-adulte-922884?utm_campaign=partenariat&amp;utm_source=yahoo-articles&amp;utm_medium=flux\" rel=\"nofollow noopener\" target=\"_blank\" data-ylk=\"slk:Si vous \u00eates n\u00e9 pr\u00e9matur\u00e9ment, vous avez plus de risques de rencontrer ces 5 probl\u00e8mes de sant\u00e9 une fois adulte;elm:context_link;itc:0;sec:content-canvas\" class=\"link \">Si vous \u00eates n\u00e9 pr\u00e9matur\u00e9ment, vous avez plus de risques de rencontrer ces 5 probl\u00e8mes de sant\u00e9 une fois adulte<\/a><br \/><a href=\"https:\/\/www.topsante.com\/medecine\/environnement_et_sante\/globalement-ceux-qui-habitent-a-cet-endroit-devraient-vivre-un-an-ou-plus-de-plus-que-la-moyenne-estiment-des-chercheurs-922903?utm_campaign=partenariat&amp;utm_source=yahoo-articles&amp;utm_medium=flux\" rel=\"nofollow noopener\" target=\"_blank\" data-ylk=\"slk:&quot;Globalement, ceux qui habitent \u00e0 cet endroit devraient vivre un an (ou plus) de plus que la moyenne&quot;, estiment des chercheurs;elm:context_link;itc:0;sec:content-canvas\" class=\"link \">\u00ab\u00a0Globalement, ceux qui habitent \u00e0 cet endroit devraient vivre un an (ou plus) de plus que la moyenne\u00a0\u00bb, estiment des chercheurs<\/a><br \/><a href=\"https:\/\/www.topsante.com\/senior\/il-y-a-un-moyen-de-connaitre-lage-biologique-de-votre-coeur-le-voici-922880?utm_campaign=partenariat&amp;utm_source=yahoo-articles&amp;utm_medium=flux\" rel=\"nofollow noopener\" target=\"_blank\" data-ylk=\"slk:Il y a un moyen de conna\u00eetre l&#039;\u00e2ge biologique de votre c\u0153ur : le voici;elm:context_link;itc:0;sec:content-canvas\" class=\"link \">Il y a un moyen de conna\u00eetre l&rsquo;\u00e2ge biologique de votre c\u0153ur : le voici<\/a><\/p>\n","protected":false},"excerpt":{"rendered":"La sensation de d\u00e9mangeaisons dans les membres touche jusqu&rsquo;\u00e0 20% de femmes m\u00e9nopaus\u00e9es et survient en g\u00e9n\u00e9ral au&hellip;\n","protected":false},"author":2,"featured_media":291870,"comment_status":"","ping_status":"","sticky":false,"template":"","format":"standard","meta":{"footnotes":""},"categories":[10],"tags":[43216,28117,1011,27,41235,72,43217,71,43218],"class_list":{"0":"post-291869","1":"post","2":"type-post","3":"status-publish","4":"format-standard","5":"has-post-thumbnail","7":"category-sante","8":"tag-alexandre-mensier","9":"tag-centre-de-lutte-contre-le-cancer","10":"tag-fr","11":"tag-france","12":"tag-gustave-roussy","13":"tag-health","14":"tag-quest-ce-que-cest","15":"tag-sante","16":"tag-taux-dincidence"},"share_on_mastodon":{"url":"https:\/\/pubeurope.com\/@fr\/114960441251201990","error":""},"_links":{"self":[{"href":"https:\/\/www.europesays.com\/fr\/wp-json\/wp\/v2\/posts\/291869","targetHints":{"allow":["GET"]}}],"collection":[{"href":"https:\/\/www.europesays.com\/fr\/wp-json\/wp\/v2\/posts"}],"about":[{"href":"https:\/\/www.europesays.com\/fr\/wp-json\/wp\/v2\/types\/post"}],"author":[{"embeddable":true,"href":"https:\/\/www.europesays.com\/fr\/wp-json\/wp\/v2\/users\/2"}],"replies":[{"embeddable":true,"href":"https:\/\/www.europesays.com\/fr\/wp-json\/wp\/v2\/comments?post=291869"}],"version-history":[{"count":0,"href":"https:\/\/www.europesays.com\/fr\/wp-json\/wp\/v2\/posts\/291869\/revisions"}],"wp:featuredmedia":[{"embeddable":true,"href":"https:\/\/www.europesays.com\/fr\/wp-json\/wp\/v2\/media\/291870"}],"wp:attachment":[{"href":"https:\/\/www.europesays.com\/fr\/wp-json\/wp\/v2\/media?parent=291869"}],"wp:term":[{"taxonomy":"category","embeddable":true,"href":"https:\/\/www.europesays.com\/fr\/wp-json\/wp\/v2\/categories?post=291869"},{"taxonomy":"post_tag","embeddable":true,"href":"https:\/\/www.europesays.com\/fr\/wp-json\/wp\/v2\/tags?post=291869"}],"curies":[{"name":"wp","href":"https:\/\/api.w.org\/{rel}","templated":true}]}}