{"id":291871,"date":"2025-08-02T17:51:10","date_gmt":"2025-08-02T17:51:10","guid":{"rendered":"https:\/\/www.europesays.com\/fr\/291871\/"},"modified":"2025-08-02T17:51:10","modified_gmt":"2025-08-02T17:51:10","slug":"direct-om-seville-les-olympiens-retrouvent-le-velodrome-en-amical-suivez-lavant-match","status":"publish","type":"post","link":"https:\/\/www.europesays.com\/fr\/291871\/","title":{"rendered":"DIRECT. OM &#8211; S\u00e9ville : les Olympiens retrouvent le V\u00e9lodrome en amical, suivez l&rsquo;avant-match"},"content":{"rendered":"<p>La compo de l&rsquo;OM est tomb\u00e9e, avec Medina et Angel Gomes<\/p>\n<p>Alors que le V\u00e9lodrome est en train de se remplir, le onze de d\u00e9part choisi par Roberto De Zerbi vient de tomber. Le technicien italien mise sur la continuit\u00e9 par rapport aux pr\u00e9c\u00e9dents matches amicaux, contre G\u00e9rone et Valence, avec une compo qui ressemble \u00e0 la meilleure \u00e9quipe possible, en attendant que les derni\u00e8res recrues, Pierre-Emerick Aubameyang et Igor Paixao, soient aptes \u00e0 d\u00e9marrer. Facundo Medina et Angel Gomes, eux, sont titulaires et vont donc faire leurs grands d\u00e9buts au Vel&rsquo; avec la tunique immacul\u00e9e sur le dos, alors que Ulisses Garcia revient dans le onze de d\u00e9part aux d\u00e9pens de CJ Egan-Riley, que l&rsquo;on verra s\u00fbrement \u00e0 l&rsquo;\u0153uvre un peu plus tard.<br \/><strong>L&rsquo;OM en 4-2-3-1 :\u00a0<\/strong>Rulli &#8211; Murillo, Balerdi (cap), Medina, Garcia &#8211; Hojbjerg, Gomes &#8211; Greenwood, Rabiot, Rowe &#8211; Gouiri.<\/p>\n","protected":false},"excerpt":{"rendered":"La compo de l&rsquo;OM est tomb\u00e9e, avec Medina et Angel Gomes Alors que le V\u00e9lodrome est en train&hellip;\n","protected":false},"author":2,"featured_media":291872,"comment_status":"","ping_status":"","sticky":false,"template":"","format":"standard","meta":{"footnotes":""},"categories":[9],"tags":[17,814,1011,27,151,12072,149,15973,26190,60,957],"class_list":{"0":"post-291871","1":"post","2":"type-post","3":"status-publish","4":"format-standard","5":"has-post-thumbnail","7":"category-sports","8":"tag-17","9":"tag-direct","10":"tag-fr","11":"tag-france","12":"tag-les","13":"tag-olympiens","14":"tag-om","15":"tag-retrouvent","16":"tag-seville","17":"tag-sports","18":"tag-velodrome"},"share_on_mastodon":{"url":"https:\/\/pubeurope.com\/@fr\/114960445205888567","error":""},"_links":{"self":[{"href":"https:\/\/www.europesays.com\/fr\/wp-json\/wp\/v2\/posts\/291871","targetHints":{"allow":["GET"]}}],"collection":[{"href":"https:\/\/www.europesays.com\/fr\/wp-json\/wp\/v2\/posts"}],"about":[{"href":"https:\/\/www.europesays.com\/fr\/wp-json\/wp\/v2\/types\/post"}],"author":[{"embeddable":true,"href":"https:\/\/www.europesays.com\/fr\/wp-json\/wp\/v2\/users\/2"}],"replies":[{"embeddable":true,"href":"https:\/\/www.europesays.com\/fr\/wp-json\/wp\/v2\/comments?post=291871"}],"version-history":[{"count":0,"href":"https:\/\/www.europesays.com\/fr\/wp-json\/wp\/v2\/posts\/291871\/revisions"}],"wp:featuredmedia":[{"embeddable":true,"href":"https:\/\/www.europesays.com\/fr\/wp-json\/wp\/v2\/media\/291872"}],"wp:attachment":[{"href":"https:\/\/www.europesays.com\/fr\/wp-json\/wp\/v2\/media?parent=291871"}],"wp:term":[{"taxonomy":"category","embeddable":true,"href":"https:\/\/www.europesays.com\/fr\/wp-json\/wp\/v2\/categories?post=291871"},{"taxonomy":"post_tag","embeddable":true,"href":"https:\/\/www.europesays.com\/fr\/wp-json\/wp\/v2\/tags?post=291871"}],"curies":[{"name":"wp","href":"https:\/\/api.w.org\/{rel}","templated":true}]}}