{"id":291881,"date":"2025-08-02T17:56:12","date_gmt":"2025-08-02T17:56:12","guid":{"rendered":"https:\/\/www.europesays.com\/fr\/291881\/"},"modified":"2025-08-02T17:56:12","modified_gmt":"2025-08-02T17:56:12","slug":"vosges-une-femme-de-24-ans-decede-dans-un-violent-choc-entre-deux-voitures-a-raon-letape","status":"publish","type":"post","link":"https:\/\/www.europesays.com\/fr\/291881\/","title":{"rendered":"Vosges. Une femme de 24 ans d\u00e9c\u00e8de dans un violent choc entre deux voitures \u00e0 Raon-l\u2019\u00c9tape"},"content":{"rendered":"<p>Les routes vosgiennes ont \u00e0 nouveau \u00e9t\u00e9 endeuill\u00e9es, ce samedi. Une femme est d\u00e9c\u00e9d\u00e9e et deux autres personnes ont \u00e9t\u00e9 l\u00e9g\u00e8rement bless\u00e9es. C\u2019est \u00e0 la sortie de la RN59, en direction de Raon-l\u2019\u00c9tape, sur une portion particuli\u00e8rement accidentog\u00e8ne de la route d\u00e9partementale 259 qui relie la voie rapide \u00e0 l\u2019entr\u00e9e de la ville, qu\u2019un violent accident entre deux voitures s\u2019est produit aux alentours de 14\u00a0h.<\/p>\n<p>Selon les premi\u00e8res constatations des autorit\u00e9s, une premi\u00e8re voiture de marque Renault, qui sortait de la voie rapide et dans laquelle se trouvaient un conducteur et sa passag\u00e8re originaires de Sainte-Marie-aux-Mines, aurait fait un \u00e9cart dans l\u2019un des virages de ce tron\u00e7on, sortant de sa voie.<\/p>\n<p>Le v\u00e9hicule gris de marque Seat arrivant en face et conduit par une femme originaire de Taintrux, n\u2019a pas pu \u00e9viter le choc, qui s\u2019est produit au niveau du c\u00f4t\u00e9 droit de la voiture Renault.<\/p>\n<p>  Une vingtaine de pompiers mobilis\u00e9s<\/p>\n<p>Malgr\u00e9 l\u2019arriv\u00e9e des secours, la passag\u00e8re, une femme \u00e2g\u00e9e de 24 ans, est d\u00e9c\u00e9d\u00e9e. Les deux autres personnes impliqu\u00e9es, son compagnon \u00e2g\u00e9 de 31 ans et l\u2019autre automobiliste \u00e2g\u00e9e de 42 ans, ont rapidement \u00e9t\u00e9 transf\u00e9r\u00e9es \u00e0 <a href=\"https:\/\/www.vosgesmatin.fr\/insolite\/2024\/03\/21\/saint-die-savez-vous-pourquoi-l-hopital-porte-le-nom-de-saint-charles\" target=\"_blank\" rel=\"noopener\">l\u2019h\u00f4pital Saint-Charles de Saint-Di\u00e9-des-Vosges<\/a>.<\/p>\n<p>Le drame a mobilis\u00e9 une vingtaine de pompiers, <a href=\"https:\/\/www.vosgesmatin.fr\/faits-divers-justice\/2025\/07\/31\/je-suis-tres-content-fier-et-heureux-d-etre-la-rencontre-avec-le-nouveau-chef-du-centre-de-secours-de-saint-die\" target=\"_blank\" rel=\"noopener\">venus des brigades de Saint-Di\u00e9<\/a> et Raon-l\u2019\u00c9tape, huit gendarmes de Saint-Di\u00e9 et Raon-l\u2019\u00c9tape \u00e9galement et le Smur de Saint-Di\u00e9. Un service de d\u00e9pannage \u00e9tait aussi sur place.<\/p>\n<p>Pour l\u2019heure, les causes pr\u00e9cises de l\u2019accident ne sont pas \u00e9tablies et une enqu\u00eate judiciaire a \u00e9t\u00e9 ouverte pour permettre de comprendre les circonstances de ce drame.<\/p>\n<p>Ce contenu est bloqu\u00e9 car vous n&rsquo;avez pas accept\u00e9 les cookies et autres traceurs.<\/p>\n<p>En cliquant sur \u00ab J\u2019accepte \u00bb, les cookies et autres traceurs seront d\u00e9pos\u00e9s et vous pourrez visualiser les contenus  (<a href=\"\" class=\"consentModule_policy\" target=\"_blank\" title=\"Consulter la politique de protection des donn\u00e9es du fournisseur\">plus d&rsquo;informations<\/a>).<\/p>\n<p>En cliquant sur \u00ab J\u2019accepte tous les cookies \u00bb, vous autorisez des d\u00e9p\u00f4ts de cookies et autres traceurs pour le stockage de vos donn\u00e9es sur nos sites et applications \u00e0 des fins de personnalisation et de ciblage publicitaire.<\/p>\n<p class=\"consentModule_secondaryText\">Vous gardez la possibilit\u00e9 de retirer votre consentement \u00e0 tout moment en consultant notre <a href=\"https:\/\/www.vosgesmatin.fr\/protection-des-donnees\" target=\"_blank\" title=\"Consulter notre politique de protection des donn\u00e9es\" rel=\"noopener\">politique de protection des donn\u00e9es<\/a>. <br \/>&#13;<br \/>\n            <a href=\"https:\/\/www.vosgesmatin.fr\/faits-divers-justice\/2025\/08\/02\/javascript:Didomi.notice.show()\" class=\"consentModule_cmp\" target=\"_blank\" rel=\"noopener\">G\u00e9rer mes choix<\/a>&#13;\n        <\/p>\n<p>&#13;<br \/>\n                        J&rsquo;accepte&#13;<br \/>\n            J&rsquo;accepte tous les cookies&#13;\n        <\/p>\n<p>  Une d\u00e9viation durant plusieurs heures<\/p>\n<p>Le tron\u00e7on dans lequel cet accident a eu lieu a \u00e9t\u00e9 ferm\u00e9 enti\u00e8rement \u00e0 la circulation pendant plusieurs heures. Des d\u00e9viations ont \u00e9t\u00e9 mises en place au niveau de l\u2019entr\u00e9e de Raon-l\u2019\u00c9tape et des carri\u00e8res de Trapp, d\u00e9tournant les automobilistes par la rue Aristide-Briand.<\/p>\n<p>\u00c0 16\u00a0h, il \u00e9tait encore impossible de circuler sur cette portion.<\/p>\n<p>Il s\u2019agit du dixi\u00e8me accident de la route mortel survenu sur les routes des Vosges depuis le d\u00e9but de l\u2019ann\u00e9e.<\/p>\n","protected":false},"excerpt":{"rendered":"Les routes vosgiennes ont \u00e0 nouveau \u00e9t\u00e9 endeuill\u00e9es, ce samedi. Une femme est d\u00e9c\u00e9d\u00e9e et deux autres personnes&hellip;\n","protected":false},"author":2,"featured_media":291882,"comment_status":"","ping_status":"","sticky":false,"template":"","format":"standard","meta":{"footnotes":""},"categories":[4],"tags":[119,11,43219,1799,274,107,1011,27,12,40698,25,774],"class_list":{"0":"post-291881","1":"post","2":"type-post","3":"status-publish","4":"format-standard","5":"has-post-thumbnail","7":"category-france","8":"tag-accident","9":"tag-actualites","10":"tag-ca-de-saint-die-des-vosges-88b2","11":"tag-edition-saint-die","12":"tag-faits-divers-justice","13":"tag-fil-info","14":"tag-fr","15":"tag-france","16":"tag-news","17":"tag-raon-letape","18":"tag-republique-francaise","19":"tag-vosges"},"share_on_mastodon":{"url":"https:\/\/pubeurope.com\/@fr\/114960464923395330","error":""},"_links":{"self":[{"href":"https:\/\/www.europesays.com\/fr\/wp-json\/wp\/v2\/posts\/291881","targetHints":{"allow":["GET"]}}],"collection":[{"href":"https:\/\/www.europesays.com\/fr\/wp-json\/wp\/v2\/posts"}],"about":[{"href":"https:\/\/www.europesays.com\/fr\/wp-json\/wp\/v2\/types\/post"}],"author":[{"embeddable":true,"href":"https:\/\/www.europesays.com\/fr\/wp-json\/wp\/v2\/users\/2"}],"replies":[{"embeddable":true,"href":"https:\/\/www.europesays.com\/fr\/wp-json\/wp\/v2\/comments?post=291881"}],"version-history":[{"count":0,"href":"https:\/\/www.europesays.com\/fr\/wp-json\/wp\/v2\/posts\/291881\/revisions"}],"wp:featuredmedia":[{"embeddable":true,"href":"https:\/\/www.europesays.com\/fr\/wp-json\/wp\/v2\/media\/291882"}],"wp:attachment":[{"href":"https:\/\/www.europesays.com\/fr\/wp-json\/wp\/v2\/media?parent=291881"}],"wp:term":[{"taxonomy":"category","embeddable":true,"href":"https:\/\/www.europesays.com\/fr\/wp-json\/wp\/v2\/categories?post=291881"},{"taxonomy":"post_tag","embeddable":true,"href":"https:\/\/www.europesays.com\/fr\/wp-json\/wp\/v2\/tags?post=291881"}],"curies":[{"name":"wp","href":"https:\/\/api.w.org\/{rel}","templated":true}]}}