{"id":291885,"date":"2025-08-02T17:58:16","date_gmt":"2025-08-02T17:58:16","guid":{"rendered":"https:\/\/www.europesays.com\/fr\/291885\/"},"modified":"2025-08-02T17:58:16","modified_gmt":"2025-08-02T17:58:16","slug":"saint-etienne-a-la-base-nautique-de-saint-victor-la-baignade-autorisee-jusquau-8-aout","status":"publish","type":"post","link":"https:\/\/www.europesays.com\/fr\/291885\/","title":{"rendered":"Saint-\u00c9tienne. \u00c0 la base nautique de Saint-Victor, la baignade autoris\u00e9e jusqu\u2019au 8\u00a0ao\u00fbt"},"content":{"rendered":"<p>Les r\u00e9sultats des derni\u00e8res analyses de l\u2019eau, r\u00e9alis\u00e9es par l\u2019ARS (Agence r\u00e9gionale de sant\u00e9) sont tomb\u00e9s. Et ils sont bons. La Ville de Saint-\u00c9tienne a donc annonc\u00e9 que la baignade \u00e0 la base nautique de Saint-Victor-sur-Loire \u00e9tait autoris\u00e9e jusqu\u2019au 8\u00a0ao\u00fbt prochain.<\/p>\n<p>Jusqu\u2019\u00e0 cette date, au moins, la zone d\u00e9limit\u00e9e par la ligne d\u2019eau sera \u00e9galement surveill\u00e9e.\u00a0Pendant l\u2019\u00e9t\u00e9, trois ma\u00eetres-nageurs sont pr\u00e9sents pour assurer cette surveillance, de midi \u00e0 18 heures, sept jours sur sept.<\/p>\n<p>  La baignade ouverte seulement cinq jours l\u2019an dernier<\/p>\n<p>La baignade est ouverte \u00e0 Saint-Victor-sur-Loire depuis le 5\u00a0juillet et, fait rare ces derni\u00e8res ann\u00e9es, sans interruption. Pendant l\u2019\u00e9t\u00e9 2024, par exemple,<a href=\"https:\/\/www.leprogres.fr\/economie\/2024\/09\/22\/avec-la-proliferation-des-algues-vertes-la-baignade-a-t-elle-encore-un-sens-a-st-victor\" target=\"_blank\" rel=\"nofollow noopener\">elle n\u2019avait \u00e9t\u00e9 autoris\u00e9e que cinq jours<\/a>, \u00e0 cause d\u2019une mauvaise qualit\u00e9 de l\u2019eau et la pr\u00e9sence de cyanobact\u00e9ries.<\/p>\n<p>Une bonne nouvelle pour les St\u00e9phanois et habitants des alentours, m\u00eame si les temp\u00e9ratures de ces derniers jours n\u2019incitent pas franchement \u00e0 aller piquer une t\u00eate.<\/p>\n<p>Pour se rendre sur la plage st\u00e9phanoise, une navette part, toutes les 30 minutes, de la place Jean-Jaur\u00e8s jusqu\u2019\u00e0 la base nautique. Et, depuis cet \u00e9t\u00e9, une piste cyclable permet de s\u2019y rendre \u00e0 v\u00e9lo, de mani\u00e8re s\u00e9curis\u00e9e, du carrefour du Vallon \u00e0 l\u2019entr\u00e9e du village. Un nouveau parking a \u00e9galement \u00e9t\u00e9 cr\u00e9\u00e9 \u00e0 Grande Fontaine.<\/p>\n","protected":false},"excerpt":{"rendered":"Les r\u00e9sultats des derni\u00e8res analyses de l\u2019eau, r\u00e9alis\u00e9es par l\u2019ARS (Agence r\u00e9gionale de sant\u00e9) sont tomb\u00e9s. Et ils&hellip;\n","protected":false},"author":2,"featured_media":291886,"comment_status":"","ping_status":"","sticky":false,"template":"","format":"standard","meta":{"footnotes":""},"categories":[9653],"tags":[1111,11,2430,1687,7539,1777,674,107,1011,27,12,25,4001,7538],"class_list":{"0":"post-291885","1":"post","2":"type-post","3":"status-publish","4":"format-standard","5":"has-post-thumbnail","7":"category-saint-etienne","8":"tag-actu","9":"tag-actualites","10":"tag-auvergne-rhone-alpes","11":"tag-culture-loisirs","12":"tag-edition-loire-sud","13":"tag-eu","14":"tag-europe","15":"tag-fil-info","16":"tag-fr","17":"tag-france","18":"tag-news","19":"tag-republique-francaise","20":"tag-saint-etienne","21":"tag-saint-etienne-ville"},"share_on_mastodon":{"url":"https:\/\/pubeurope.com\/@fr\/114960472684500991","error":""},"_links":{"self":[{"href":"https:\/\/www.europesays.com\/fr\/wp-json\/wp\/v2\/posts\/291885","targetHints":{"allow":["GET"]}}],"collection":[{"href":"https:\/\/www.europesays.com\/fr\/wp-json\/wp\/v2\/posts"}],"about":[{"href":"https:\/\/www.europesays.com\/fr\/wp-json\/wp\/v2\/types\/post"}],"author":[{"embeddable":true,"href":"https:\/\/www.europesays.com\/fr\/wp-json\/wp\/v2\/users\/2"}],"replies":[{"embeddable":true,"href":"https:\/\/www.europesays.com\/fr\/wp-json\/wp\/v2\/comments?post=291885"}],"version-history":[{"count":0,"href":"https:\/\/www.europesays.com\/fr\/wp-json\/wp\/v2\/posts\/291885\/revisions"}],"wp:featuredmedia":[{"embeddable":true,"href":"https:\/\/www.europesays.com\/fr\/wp-json\/wp\/v2\/media\/291886"}],"wp:attachment":[{"href":"https:\/\/www.europesays.com\/fr\/wp-json\/wp\/v2\/media?parent=291885"}],"wp:term":[{"taxonomy":"category","embeddable":true,"href":"https:\/\/www.europesays.com\/fr\/wp-json\/wp\/v2\/categories?post=291885"},{"taxonomy":"post_tag","embeddable":true,"href":"https:\/\/www.europesays.com\/fr\/wp-json\/wp\/v2\/tags?post=291885"}],"curies":[{"name":"wp","href":"https:\/\/api.w.org\/{rel}","templated":true}]}}