{"id":291889,"date":"2025-08-02T18:00:24","date_gmt":"2025-08-02T18:00:24","guid":{"rendered":"https:\/\/www.europesays.com\/fr\/291889\/"},"modified":"2025-08-02T18:00:24","modified_gmt":"2025-08-02T18:00:24","slug":"seichamps-mariage-christelle-et-franck","status":"publish","type":"post","link":"https:\/\/www.europesays.com\/fr\/291889\/","title":{"rendered":"Seichamps | Mariage. Christelle et Franck"},"content":{"rendered":"<p>Samedi, le maire Henri Chanut assist\u00e9 de Rachel Oger, conseill\u00e8re municipale, a uni par les liens du mariage Franck Chevrot, formateur pour la fonction publique, et Christelle Gile, charg\u00e9e de pr\u00e9vention pour la promotion de la sant\u00e9, domicili\u00e9s \u00e0 Seichamps. Franck et Christelle sont d\u00e9j\u00e0 les parents de Jade, 20 ans, Klo\u00e9, 17 ans, Ma\u00eblys, 7 ans, et L\u00e9anore, 4 ans.<\/p>\n<p>Tous nos v\u0153ux.<\/p>\n","protected":false},"excerpt":{"rendered":"Samedi, le maire Henri Chanut assist\u00e9 de Rachel Oger, conseill\u00e8re municipale, a uni par les liens du mariage&hellip;\n","protected":false},"author":2,"featured_media":291890,"comment_status":"","ping_status":"","sticky":false,"template":"","format":"standard","meta":{"footnotes":""},"categories":[9635],"tags":[1111,11,9223,1704,1777,674,1011,27,775,1930,11362,1702,12,25,13654,104],"class_list":{"0":"post-291889","1":"post","2":"type-post","3":"status-publish","4":"format-standard","5":"has-post-thumbnail","7":"category-nancy","8":"tag-actu","9":"tag-actualites","10":"tag-carnet-du-jour","11":"tag-edition-nancy-et-agglomeration","12":"tag-eu","13":"tag-europe","14":"tag-fr","15":"tag-france","16":"tag-grand-est","17":"tag-mariage","18":"tag-metropole-du-grand-nancy-54b3","19":"tag-nancy","20":"tag-news","21":"tag-republique-francaise","22":"tag-seichamps","23":"tag-societe"},"share_on_mastodon":{"url":"https:\/\/pubeurope.com\/@fr\/114960480556531900","error":""},"_links":{"self":[{"href":"https:\/\/www.europesays.com\/fr\/wp-json\/wp\/v2\/posts\/291889","targetHints":{"allow":["GET"]}}],"collection":[{"href":"https:\/\/www.europesays.com\/fr\/wp-json\/wp\/v2\/posts"}],"about":[{"href":"https:\/\/www.europesays.com\/fr\/wp-json\/wp\/v2\/types\/post"}],"author":[{"embeddable":true,"href":"https:\/\/www.europesays.com\/fr\/wp-json\/wp\/v2\/users\/2"}],"replies":[{"embeddable":true,"href":"https:\/\/www.europesays.com\/fr\/wp-json\/wp\/v2\/comments?post=291889"}],"version-history":[{"count":0,"href":"https:\/\/www.europesays.com\/fr\/wp-json\/wp\/v2\/posts\/291889\/revisions"}],"wp:featuredmedia":[{"embeddable":true,"href":"https:\/\/www.europesays.com\/fr\/wp-json\/wp\/v2\/media\/291890"}],"wp:attachment":[{"href":"https:\/\/www.europesays.com\/fr\/wp-json\/wp\/v2\/media?parent=291889"}],"wp:term":[{"taxonomy":"category","embeddable":true,"href":"https:\/\/www.europesays.com\/fr\/wp-json\/wp\/v2\/categories?post=291889"},{"taxonomy":"post_tag","embeddable":true,"href":"https:\/\/www.europesays.com\/fr\/wp-json\/wp\/v2\/tags?post=291889"}],"curies":[{"name":"wp","href":"https:\/\/api.w.org\/{rel}","templated":true}]}}