{"id":291893,"date":"2025-08-02T18:02:09","date_gmt":"2025-08-02T18:02:09","guid":{"rendered":"https:\/\/www.europesays.com\/fr\/291893\/"},"modified":"2025-08-02T18:02:09","modified_gmt":"2025-08-02T18:02:09","slug":"un-enjeu-vital-pour-le-territoire","status":"publish","type":"post","link":"https:\/\/www.europesays.com\/fr\/291893\/","title":{"rendered":"un enjeu vital pour le territoire"},"content":{"rendered":"<p><a href=\"https:\/\/www.laprovence.com\/article\/region\/5791411598633814\/changement-climatique-la-nappe-de-la-crau-en-danger\" target=\"_blank\" rel=\"noopener\">Prot\u00e9ger la nappe phr\u00e9atique de la Crau<\/a>, une r\u00e9serve d&rsquo;eau pr\u00e9cieuse et unique, vitale pour pr\u00e8s de 300 000 habitants, c&rsquo;est la mission que s&rsquo;est fix\u00e9e le Symcrau (Syndicat mixte de gestion des nappes de la Crau). Pour ce faire, l&rsquo;organisme informe r\u00e9guli\u00e8rement sur l&rsquo;\u00e9tat de la nappe, anime des actions de sensibilisation, notamment dans les \u00e9coles, et finance \u00e0 hauteur de 500 000 \u20ac par an les agriculteurs qui participent \u00e0 sa pr\u00e9servation.<\/p>\n<p>Comme le rappelle <a href=\"https:\/\/www.laprovence.com\/article\/region\/84795527756633\/deux-petits-senassais-brillent-a-un-concours-de-dessin-sur-le-theme-de-la-vie-dans-les-arbres-de-la-crau\" target=\"_blank\" rel=\"noopener\">C\u00e9line Tramontin<\/a>, la pr\u00e9sidente de l&rsquo;organisme : \u00ab\u00a0Il ne faut pas attendre de manquer d&rsquo;eau pour agir\u00a0\u00bb.<\/p>\n<p>D\u00e9couverte au XVIe si\u00e8cle, la nappe de la Crau a \u00e9t\u00e9 identifi\u00e9e \u00ab\u00a0fortuitement\u00a0\u00bb, selon elle, par <a href=\"https:\/\/www.laprovence.com\/article\/societe\/6841044\/long-format-adam-de-craponne-le-salonais-qui-a-detourne-la-durance.html\" target=\"_blank\" rel=\"noopener\">Adam de Craponne<\/a>, lorsqu&rsquo;il a cr\u00e9\u00e9 un r\u00e9seau de canaux pour l&rsquo;irrigation de la r\u00e9gion. C&rsquo;est \u00e0 cette occasion, et en cultivant les terres de la Crau, que l&rsquo;on a pris conscience de cette immense r\u00e9serve souterraine.<\/p>\n<p>Une ressource qui irrigue un vaste territoire<\/p>\n<p>Avec une superficie de 550 km\u00b2, la nappe s&rsquo;\u00e9tend sous un triangle allant d&rsquo;Arles \u00e0 Salon-de-Provence, jusqu&rsquo;\u00e0 Fos-sur-Mer. Elle alimente 16 communes et trois intercommunalit\u00e9s : la <a href=\"https:\/\/www.laprovence.com\/article\/region\/1150903110164814\/la-metropole-aix-marseille-provence-renouvelle-son-soutien-a-la-plateforme-dinitiatives-du-pays-salonais\" target=\"_blank\" rel=\"noopener\">M\u00e9tropole Aix-Marseille<\/a>, la communaut\u00e9 de communes Arles-Crau-Camargue-Montagnette et celle des Vall\u00e9es des Baux-Alpilles. Sa contenance est estim\u00e9e \u00e0 500 millions de m3.<\/p>\n","protected":false},"excerpt":{"rendered":"Prot\u00e9ger la nappe phr\u00e9atique de la Crau, une r\u00e9serve d&rsquo;eau pr\u00e9cieuse et unique, vitale pour pr\u00e8s de 300&hellip;\n","protected":false},"author":2,"featured_media":291894,"comment_status":"","ping_status":"","sticky":false,"template":"","format":"standard","meta":{"footnotes":""},"categories":[9619],"tags":[17,1111,11,41603,11351,32197,436,1777,674,1011,27,14342,16285,12,5261,471,882,25,2310],"class_list":{"0":"post-291893","1":"post","2":"type-post","3":"status-publish","4":"format-standard","5":"has-post-thumbnail","7":"category-toulon","8":"tag-17","9":"tag-actu","10":"tag-actualites","11":"tag-agir","12":"tag-attendre","13":"tag-deau","14":"tag-environnement","15":"tag-eu","16":"tag-europe","17":"tag-fr","18":"tag-france","19":"tag-manquer","20":"tag-ne","21":"tag-news","22":"tag-pas","23":"tag-pour","24":"tag-provence-alpes-cote-dazur","25":"tag-republique-francaise","26":"tag-toulon"},"share_on_mastodon":{"url":"https:\/\/pubeurope.com\/@fr\/114960488622314896","error":""},"_links":{"self":[{"href":"https:\/\/www.europesays.com\/fr\/wp-json\/wp\/v2\/posts\/291893","targetHints":{"allow":["GET"]}}],"collection":[{"href":"https:\/\/www.europesays.com\/fr\/wp-json\/wp\/v2\/posts"}],"about":[{"href":"https:\/\/www.europesays.com\/fr\/wp-json\/wp\/v2\/types\/post"}],"author":[{"embeddable":true,"href":"https:\/\/www.europesays.com\/fr\/wp-json\/wp\/v2\/users\/2"}],"replies":[{"embeddable":true,"href":"https:\/\/www.europesays.com\/fr\/wp-json\/wp\/v2\/comments?post=291893"}],"version-history":[{"count":0,"href":"https:\/\/www.europesays.com\/fr\/wp-json\/wp\/v2\/posts\/291893\/revisions"}],"wp:featuredmedia":[{"embeddable":true,"href":"https:\/\/www.europesays.com\/fr\/wp-json\/wp\/v2\/media\/291894"}],"wp:attachment":[{"href":"https:\/\/www.europesays.com\/fr\/wp-json\/wp\/v2\/media?parent=291893"}],"wp:term":[{"taxonomy":"category","embeddable":true,"href":"https:\/\/www.europesays.com\/fr\/wp-json\/wp\/v2\/categories?post=291893"},{"taxonomy":"post_tag","embeddable":true,"href":"https:\/\/www.europesays.com\/fr\/wp-json\/wp\/v2\/tags?post=291893"}],"curies":[{"name":"wp","href":"https:\/\/api.w.org\/{rel}","templated":true}]}}