{"id":291895,"date":"2025-08-02T18:03:14","date_gmt":"2025-08-02T18:03:14","guid":{"rendered":"https:\/\/www.europesays.com\/fr\/291895\/"},"modified":"2025-08-02T18:03:14","modified_gmt":"2025-08-02T18:03:14","slug":"tennis-lois-boisson-forfait-pour-le-w1000-de-cincinnati-sport","status":"publish","type":"post","link":"https:\/\/www.europesays.com\/fr\/291895\/","title":{"rendered":"Tennis. Lo\u00efs Boisson forfait pour le W1000 de Cincinnati . Sport"},"content":{"rendered":"<p>Lo\u00efs Boisson ne participera pas au W1000 de Cincinnati du 7 au 18\u00a0ao\u00fbt 2025. La 47e joueuse mondial n\u2019a pas rejou\u00e9 depuis <a href=\"https:\/\/www.ouest-france.fr\/sport\/tennis\/lois-boisson\/direct-lois-boisson-anna-bondar-suivez-la-finale-du-tournoi-250-wta-dhambourg-en-live-24f9adab-db89-465d-94e2-5dab1b2582e3\" target=\"_self\" rel=\"noopener\">son titre \u00e0 Hambourg d\u00e9but juillet<\/a>. La Fran\u00e7aise avait d\u00e9j\u00e0 <a href=\"https:\/\/rennes.maville.com\/sport\/detail_-tennis.-vainqueure-de-son-premier-titre-a-hambourg-lois-boisson-renonce-au-wta-1000-de-montreal-_54135-6909568_actu.Htm\" target=\"_self\" rel=\"noopener\">d\u00e9clar\u00e9 forfait pour le tournoi de Montr\u00e9al \u00e0 cause d\u2019une blessure \u00e0 l\u2019adducteur<\/a>.<\/p>\n<p>\u00ab\u00a0Un risque de reprendre trop t\u00f4t\u00a0\u00bb<\/p>\n<p>Depuis, la demi-finaliste de Roland-Garros a repris l\u2019entra\u00eenement. Sa prochaine \u00e9ch\u00e9ance sera \u00e0 Cleveland le 17\u00a0ao\u00fbt, pour pr\u00e9parer l\u2019US Open, qui aura lieu du 25\u00a0ao\u00fbt au 7\u00a0septembre.<\/p>\n<p><strong>Lire aussi\u00a0: <\/strong> <a href=\"https:\/\/rennes.maville.com\/sport\/detail_-tennis.-a-31-ans-eugenie-bouchard-finaliste-de-wimbledon-en-2014-prend-officiellement-sa-retraite-_54135-6920547_actu.Htm\" target=\"_self\" rel=\"noopener\">Tennis. \u00c0 31\u00a0ans, Eug\u00e9nie Bouchard, finaliste de Wimbledon en 2014, prend officiellement sa retraite<\/a><\/p>\n<p>Lo\u00efs Boisson a communiqu\u00e9 son programme des prochaines semaines sur son compte Instagram. <strong>\u00ab\u00a0Reprise de la saison sur dur uniquement \u00e0 Cleveland pour me laisser le temps d\u2019\u00eatre totalement \u00e0 100\u00a0% en vue de l\u2019US Open. J\u2019ai repris l\u2019entra\u00eenement et la r\u00e9athl\u00e9tisation se passe tr\u00e8s bien mais, en accord avec mon \u00e9quipe et mon staff m\u00e9dical, cela repr\u00e9sentait un risque de reprendre trop t\u00f4t et notamment d\u00e8s le tournoi de Cincinnati.\u00a0\u00bb<\/strong><\/p>\n<p>\u00a0<\/p>\n","protected":false},"excerpt":{"rendered":"Lo\u00efs Boisson ne participera pas au W1000 de Cincinnati du 7 au 18\u00a0ao\u00fbt 2025. La 47e joueuse mondial&hellip;\n","protected":false},"author":2,"featured_media":291896,"comment_status":"","ping_status":"","sticky":false,"template":"","format":"standard","meta":{"footnotes":""},"categories":[9619],"tags":[1111,11,3809,1465,1777,674,63,1011,27,1792,1922,12,882,25,479,517,2310,1470],"class_list":{"0":"post-291895","1":"post","2":"type-post","3":"status-publish","4":"format-standard","5":"has-post-thumbnail","7":"category-toulon","8":"tag-actu","9":"tag-actualites","10":"tag-ball","11":"tag-basket","12":"tag-eu","13":"tag-europe","14":"tag-football","15":"tag-fr","16":"tag-france","17":"tag-handball","18":"tag-info","19":"tag-news","20":"tag-provence-alpes-cote-dazur","21":"tag-republique-francaise","22":"tag-rugby","23":"tag-sport","24":"tag-toulon","25":"tag-volley"},"share_on_mastodon":{"url":"https:\/\/pubeurope.com\/@fr\/114960492465589367","error":""},"_links":{"self":[{"href":"https:\/\/www.europesays.com\/fr\/wp-json\/wp\/v2\/posts\/291895","targetHints":{"allow":["GET"]}}],"collection":[{"href":"https:\/\/www.europesays.com\/fr\/wp-json\/wp\/v2\/posts"}],"about":[{"href":"https:\/\/www.europesays.com\/fr\/wp-json\/wp\/v2\/types\/post"}],"author":[{"embeddable":true,"href":"https:\/\/www.europesays.com\/fr\/wp-json\/wp\/v2\/users\/2"}],"replies":[{"embeddable":true,"href":"https:\/\/www.europesays.com\/fr\/wp-json\/wp\/v2\/comments?post=291895"}],"version-history":[{"count":0,"href":"https:\/\/www.europesays.com\/fr\/wp-json\/wp\/v2\/posts\/291895\/revisions"}],"wp:featuredmedia":[{"embeddable":true,"href":"https:\/\/www.europesays.com\/fr\/wp-json\/wp\/v2\/media\/291896"}],"wp:attachment":[{"href":"https:\/\/www.europesays.com\/fr\/wp-json\/wp\/v2\/media?parent=291895"}],"wp:term":[{"taxonomy":"category","embeddable":true,"href":"https:\/\/www.europesays.com\/fr\/wp-json\/wp\/v2\/categories?post=291895"},{"taxonomy":"post_tag","embeddable":true,"href":"https:\/\/www.europesays.com\/fr\/wp-json\/wp\/v2\/tags?post=291895"}],"curies":[{"name":"wp","href":"https:\/\/api.w.org\/{rel}","templated":true}]}}