{"id":291903,"date":"2025-08-02T18:08:10","date_gmt":"2025-08-02T18:08:10","guid":{"rendered":"https:\/\/www.europesays.com\/fr\/291903\/"},"modified":"2025-08-02T18:08:10","modified_gmt":"2025-08-02T18:08:10","slug":"quatre-grenobloises-dans-la-liste-du-xv-de-france","status":"publish","type":"post","link":"https:\/\/www.europesays.com\/fr\/291903\/","title":{"rendered":"quatre Grenobloises dans la liste du XV de France"},"content":{"rendered":"<p>\t\t\t\t\t\t\t\t\t\t\t<img loading=\"lazy\" decoding=\"async\" width=\"1110\" title=\"Coupe du monde f\u00e9minine de rugby : quatre Grenobloises dans la liste du XV de France\" class=\"img-fluid  mb-3\" src=\"https:\/\/grandgrenoble.alpes1.com\/media\/news\/thumb\/1110x624_coupe-du-monde-feminine-de-rugby-quatre-grenobloises-dans-la-liste-du-xv-de-france_688e40eb3bc2c.webp\" alt=\"Coupe du monde f\u00e9minine de rugby : quatre Grenobloises dans la liste du XV de France\" itemprop=\"image\" height=\"624\"\/>\t\t\t\t\t\t\t\t\t\t\t\t<\/p>\n<p>Coupe du monde f\u00e9minine de rugby : quatre Grenobloises dans la liste du XV de France &#8211; DR<\/p>\n<p itemprop=\"description\"><strong>Le XV de France f\u00e9minin comptera quatre repr\u00e9sentantes grenobloises lors de la prochaine Coupe du monde de rugby.<\/strong><\/p>\n<p>Les co-s\u00e9lectionneurs Ga\u00eblle Mignot et David Ortiz ont d\u00e9voil\u00e9, ce samedi, la liste des 32 joueuses retenues pour la comp\u00e9tition, qui se d\u00e9roulera en Angleterre du 22 ao\u00fbt au 27 septembre 2025.<\/p>\n<p>Parmi elles, la talonneuse Elisa Riffonneau, la deuxi\u00e8me-ligne Ta\u00efna Maka et les troisi\u00e8me-lignes L\u00e9a Champon et T\u00e9ani Feleu conservent leur place dans le groupe tricolore. Les quatre joueuses du FCG Amazones ne font pas partie des six \u00e9cart\u00e9es lors de la r\u00e9duction de l\u2019effectif, \u00e9tape pr\u00e9alable au rendez-vous mondial. Parmi les malheureuses, on retrouve toutefois leur co\u00e9quipi\u00e8re Emeline Gros\u2026<\/p>\n<p>Avant le coup d\u2019envoi du tournoi, les Bleues disputeront un match de pr\u00e9paration face \u00e0 l\u2019Angleterre, le 9 ao\u00fbt \u00e0 Mont-de-Marsan. Elles d\u00e9buteront ensuite la comp\u00e9tition le 23 ao\u00fbt contre l\u2019Italie.<\/p>\n<blockquote class=\"twitter-tweet\"><p>&#13;<\/p>\n<p dir=\"ltr\" lang=\"fr\">\ud83c\udfc6 \ud835\udc0b\ud835\udc1a \ud835\udc25\ud835\udc22\ud835\udc2c\ud835\udc2d\ud835\udc1e \ud835\udc1d\ud835\udc1e\ud835\udc2c \ud835\udfd1\ud835\udfd0 \ud835\udc23\ud835\udc28\ud835\udc2e\ud835\udc1e\ud835\udc2e\ud835\udc2c\ud835\udc1e\ud835\udc2c qui participeront \u00e0 la Coupe du Monde en Angleterre ! <\/p>\n<p>Rendez-vous le 23 ao\u00fbt pour leur premier match face \u00e0 l&rsquo;Italie \u00e0 Exeter ! <\/p>\n<p>* \ud835\ude15\ud835\ude26\u0301\ud835\ude26 \ud835\ude1a\ud835\ude30\ud835\ude24\ud835\ude29\ud835\ude22\ud835\ude35 <\/p>\n<p>\ud83d\udc4b <a href=\"https:\/\/twitter.com\/rugbyworldcup?ref_src=twsrc%5Etfw\" target=\"_blank\" rel=\"noopener\">@rugbyworldcup<\/a> | <a href=\"https:\/\/twitter.com\/hashtag\/RWC2025?src=hash&amp;ref_src=twsrc%5Etfw\" target=\"_blank\" rel=\"noopener\">#RWC2025<\/a> <a href=\"https:\/\/t.co\/eI2s6iJdzU\">pic.twitter.com\/eI2s6iJdzU<\/a><\/p>\n<p>&#13;<br \/>\n\u2014 France Rugby (@FranceRugby) <a href=\"https:\/\/twitter.com\/FranceRugby\/status\/1951643271320539175?ref_src=twsrc%5Etfw\" target=\"_blank\" rel=\"noopener\">August 2, 2025<\/a><\/p><\/blockquote>\n<p>\t\t\t\t\t\t\t\t\t\t\t\t\t\t\t\t\t\t\t<script async src=\"https:\/\/platform.twitter.com\/widgets.js\" charset=\"utf-8\"><\/script><\/p>\n","protected":false},"excerpt":{"rendered":"Coupe du monde f\u00e9minine de rugby : quatre Grenobloises dans la liste du XV de France &#8211; DR&hellip;\n","protected":false},"author":2,"featured_media":291904,"comment_status":"","ping_status":"","sticky":false,"template":"","format":"standard","meta":{"footnotes":""},"categories":[9566],"tags":[1111,11,7733,8279,2430,7736,650,7734,2889,2263,1777,674,1011,27,2731,8280,6417,1114,108,4662,12,3725,1825,25,7737],"class_list":{"0":"post-291903","1":"post","2":"type-post","3":"status-publish","4":"format-standard","5":"has-post-thumbnail","7":"category-grenoble","8":"tag-actu","9":"tag-actualites","10":"tag-alpes","11":"tag-alpes1","12":"tag-auvergne-rhone-alpes","13":"tag-cds","14":"tag-cinema","15":"tag-ecoute","16":"tag-emission","17":"tag-equipe","18":"tag-eu","19":"tag-europe","20":"tag-fr","21":"tag-france","22":"tag-grenoble","23":"tag-haute","24":"tag-information","25":"tag-infos","26":"tag-isere","27":"tag-journal","28":"tag-news","29":"tag-podcast","30":"tag-radio","31":"tag-republique-francaise","32":"tag-winamp"},"share_on_mastodon":{"url":"https:\/\/pubeurope.com\/@fr\/114960512078807892","error":""},"_links":{"self":[{"href":"https:\/\/www.europesays.com\/fr\/wp-json\/wp\/v2\/posts\/291903","targetHints":{"allow":["GET"]}}],"collection":[{"href":"https:\/\/www.europesays.com\/fr\/wp-json\/wp\/v2\/posts"}],"about":[{"href":"https:\/\/www.europesays.com\/fr\/wp-json\/wp\/v2\/types\/post"}],"author":[{"embeddable":true,"href":"https:\/\/www.europesays.com\/fr\/wp-json\/wp\/v2\/users\/2"}],"replies":[{"embeddable":true,"href":"https:\/\/www.europesays.com\/fr\/wp-json\/wp\/v2\/comments?post=291903"}],"version-history":[{"count":0,"href":"https:\/\/www.europesays.com\/fr\/wp-json\/wp\/v2\/posts\/291903\/revisions"}],"wp:featuredmedia":[{"embeddable":true,"href":"https:\/\/www.europesays.com\/fr\/wp-json\/wp\/v2\/media\/291904"}],"wp:attachment":[{"href":"https:\/\/www.europesays.com\/fr\/wp-json\/wp\/v2\/media?parent=291903"}],"wp:term":[{"taxonomy":"category","embeddable":true,"href":"https:\/\/www.europesays.com\/fr\/wp-json\/wp\/v2\/categories?post=291903"},{"taxonomy":"post_tag","embeddable":true,"href":"https:\/\/www.europesays.com\/fr\/wp-json\/wp\/v2\/tags?post=291903"}],"curies":[{"name":"wp","href":"https:\/\/api.w.org\/{rel}","templated":true}]}}