{"id":291905,"date":"2025-08-02T18:09:17","date_gmt":"2025-08-02T18:09:17","guid":{"rendered":"https:\/\/www.europesays.com\/fr\/291905\/"},"modified":"2025-08-02T18:09:17","modified_gmt":"2025-08-02T18:09:17","slug":"football-novak-djokovic-felipe-massa-et-kevin-magnussen-investissent-dans-un-club-de-ligue-2","status":"publish","type":"post","link":"https:\/\/www.europesays.com\/fr\/291905\/","title":{"rendered":"Football. Novak Djokovic, Felipe Massa et Kevin Magnussen investissent dans un club de Ligue 2"},"content":{"rendered":"<p>Apr\u00e8s Kylian Mbapp\u00e9 \u00e0 Caen, le football fran\u00e7ais accueille de nouveaux investisseurs de renom.\u00a0<\/p>\n<p>Ce vendredi, Le Mans FC a annonc\u00e9 l&rsquo;arriv\u00e9e d&rsquo;OutField, un groupe d&rsquo;investissement br\u00e9silien et parmi ce pool on retrouve Novak Djokovic, Felipe Massa et Kevin Magnussen.\u00a0\u00a0<\/p>\n<p>  Massa \u00a0: \u00ab\u00a0Tout le monde connait ma passion pour le football\u00a0\u00bb<\/p>\n<p>\u00ab\u00a0Nous avons b\u00e2ti une base solide pour le club. Ce nouveau partenariat nous donne les moyens de cro\u00eetre de mani\u00e8re responsable. Notre priorit\u00e9 imm\u00e9diate : investir dans nos infrastructures et cr\u00e9er\u00a0les conditions d\u2019un nouveau centre de formation agr\u00e9\u00e9 par la DTN, afin de redevenir \u00e0 moyen terme une r\u00e9f\u00e9rence nationale dans la formation\u00a0\u00bb, explique Thierry Gomez, le pr\u00e9sident du Mans FC, dans un communiqu\u00e9.<\/p>\n<p>Ancien pilote de F1, Felipe Massa a \u00e9galement donn\u00e9 des explications sur son implication au sein du promu en Ligue 2 \u00a0: \u00ab\u00a0Je pense que tout le monde conna\u00eet ma passion pour le football, qui m\u2019am\u00e8ne aujourd\u2019hui \u00e0 franchir cette \u00e9tape. Le Mans FC entretient un lien fort avec le sport automobile, et lorsque mon grand ami et partenaire chez Oakberry, Georgios Frangulis, m\u2019a pr\u00e9sent\u00e9 le projet, j\u2019ai voulu en faire partie \u2014 d\u2019autant plus aux c\u00f4t\u00e9s de personnes que je respecte profond\u00e9ment, comme Djokovic, qui n\u2019a plus besoin d\u2019\u00eatre pr\u00e9sent\u00e9, et Magnussen, avec qui j\u2019ai partag\u00e9 de nombreuses ann\u00e9es en Formule 1. C\u2019est ind\u00e9niablement une belle opportunit\u00e9, profitant de la dynamique du football fran\u00e7ais, champion en titre de la Ligue des Champions et qui attire actuellement des investissements importants.\u00a0\u00bb<\/p>\n<p>Promu cette saison en Ligue 2, le club sarthois\u00a0se d\u00e9placera \u00e0 Guingamp lors de la premi\u00e8re journ\u00e9e, vendredi 9 ao\u00fbt.<\/p>\n","protected":false},"excerpt":{"rendered":"Apr\u00e8s Kylian Mbapp\u00e9 \u00e0 Caen, le football fran\u00e7ais accueille de nouveaux investisseurs de renom.\u00a0 Ce vendredi, Le Mans&hellip;\n","protected":false},"author":2,"featured_media":291906,"comment_status":"","ping_status":"","sticky":false,"template":"","format":"standard","meta":{"footnotes":""},"categories":[9566],"tags":[1111,11,1976,2430,1777,674,20116,107,1701,63,1011,27,12637,2731,1757,12636,12,25,517,1467],"class_list":{"0":"post-291905","1":"post","2":"type-post","3":"status-publish","4":"format-standard","5":"has-post-thumbnail","7":"category-grenoble","8":"tag-actu","9":"tag-actualites","10":"tag-auto-moto","11":"tag-auvergne-rhone-alpes","12":"tag-eu","13":"tag-europe","14":"tag-fc-annecy","15":"tag-fil-info","16":"tag-fil-info-sport","17":"tag-football","18":"tag-fr","19":"tag-france","20":"tag-gf38-grenoble-foot-38","21":"tag-grenoble","22":"tag-insolite","23":"tag-ligue-2-football","24":"tag-news","25":"tag-republique-francaise","26":"tag-sport","27":"tag-tennis"},"share_on_mastodon":{"url":"https:\/\/pubeurope.com\/@fr\/114960515903146280","error":""},"_links":{"self":[{"href":"https:\/\/www.europesays.com\/fr\/wp-json\/wp\/v2\/posts\/291905","targetHints":{"allow":["GET"]}}],"collection":[{"href":"https:\/\/www.europesays.com\/fr\/wp-json\/wp\/v2\/posts"}],"about":[{"href":"https:\/\/www.europesays.com\/fr\/wp-json\/wp\/v2\/types\/post"}],"author":[{"embeddable":true,"href":"https:\/\/www.europesays.com\/fr\/wp-json\/wp\/v2\/users\/2"}],"replies":[{"embeddable":true,"href":"https:\/\/www.europesays.com\/fr\/wp-json\/wp\/v2\/comments?post=291905"}],"version-history":[{"count":0,"href":"https:\/\/www.europesays.com\/fr\/wp-json\/wp\/v2\/posts\/291905\/revisions"}],"wp:featuredmedia":[{"embeddable":true,"href":"https:\/\/www.europesays.com\/fr\/wp-json\/wp\/v2\/media\/291906"}],"wp:attachment":[{"href":"https:\/\/www.europesays.com\/fr\/wp-json\/wp\/v2\/media?parent=291905"}],"wp:term":[{"taxonomy":"category","embeddable":true,"href":"https:\/\/www.europesays.com\/fr\/wp-json\/wp\/v2\/categories?post=291905"},{"taxonomy":"post_tag","embeddable":true,"href":"https:\/\/www.europesays.com\/fr\/wp-json\/wp\/v2\/tags?post=291905"}],"curies":[{"name":"wp","href":"https:\/\/api.w.org\/{rel}","templated":true}]}}