{"id":291907,"date":"2025-08-02T18:10:11","date_gmt":"2025-08-02T18:10:11","guid":{"rendered":"https:\/\/www.europesays.com\/fr\/291907\/"},"modified":"2025-08-02T18:10:11","modified_gmt":"2025-08-02T18:10:11","slug":"pres-de-rennes-une-personne-blessee-lors-dune-collision-entre-cinq-vehicules","status":"publish","type":"post","link":"https:\/\/www.europesays.com\/fr\/291907\/","title":{"rendered":"Pr\u00e8s de Rennes, une personne bless\u00e9e lors d\u2019une collision entre cinq v\u00e9hicules"},"content":{"rendered":"<p>Les secours ont \u00e9t\u00e9 mobilis\u00e9s vers 11 h 20 pour un carambolage entre cinq voitures qui circulaient sur la RN 157 dans le sens Laval \u2013 Rennes. Selon les premi\u00e8res constatations les v\u00e9hicules se sont percut\u00e9s \u00e0 la suite d\u2019un fort ralentissement li\u00e9 au trafic important en cette journ\u00e9e de chass\u00e9-crois\u00e9 sur la route des vacances. Au total une quinzaine de pompiers ont \u00e9t\u00e9 d\u00e9p\u00each\u00e9s sur place. Lors du choc, une fillette \u00e2g\u00e9e de 6 ans a \u00e9t\u00e9 l\u00e9g\u00e8rement bless\u00e9e et transport\u00e9e en urgence relative vers l\u2019h\u00f4pital sud de Rennes. Un bouchon d\u2019environ 6 km s\u2019est rapidement form\u00e9 \u00e0 la hauteur de l\u2019accident, le temps de l\u2019intervention des secours, avant de se r\u00e9sorber vers 12 h 50.<\/p>\n","protected":false},"excerpt":{"rendered":"Les secours ont \u00e9t\u00e9 mobilis\u00e9s vers 11 h 20 pour un carambolage entre cinq voitures qui circulaient sur&hellip;\n","protected":false},"author":2,"featured_media":291908,"comment_status":"","ping_status":"","sticky":false,"template":"","format":"standard","meta":{"footnotes":""},"categories":[2821],"tags":[1111,11,829,765,1777,674,118,1011,27,848,12,584,25],"class_list":{"0":"post-291907","1":"post","2":"type-post","3":"status-publish","4":"format-standard","5":"has-post-thumbnail","7":"category-rennes","8":"tag-actu","9":"tag-actualites","10":"tag-bretagne","11":"tag-en-continu","12":"tag-eu","13":"tag-europe","14":"tag-faits-divers","15":"tag-fr","16":"tag-france","17":"tag-ille-et-vilaine","18":"tag-news","19":"tag-rennes","20":"tag-republique-francaise"},"share_on_mastodon":{"url":"https:\/\/pubeurope.com\/@fr\/114960519956627987","error":""},"_links":{"self":[{"href":"https:\/\/www.europesays.com\/fr\/wp-json\/wp\/v2\/posts\/291907","targetHints":{"allow":["GET"]}}],"collection":[{"href":"https:\/\/www.europesays.com\/fr\/wp-json\/wp\/v2\/posts"}],"about":[{"href":"https:\/\/www.europesays.com\/fr\/wp-json\/wp\/v2\/types\/post"}],"author":[{"embeddable":true,"href":"https:\/\/www.europesays.com\/fr\/wp-json\/wp\/v2\/users\/2"}],"replies":[{"embeddable":true,"href":"https:\/\/www.europesays.com\/fr\/wp-json\/wp\/v2\/comments?post=291907"}],"version-history":[{"count":0,"href":"https:\/\/www.europesays.com\/fr\/wp-json\/wp\/v2\/posts\/291907\/revisions"}],"wp:featuredmedia":[{"embeddable":true,"href":"https:\/\/www.europesays.com\/fr\/wp-json\/wp\/v2\/media\/291908"}],"wp:attachment":[{"href":"https:\/\/www.europesays.com\/fr\/wp-json\/wp\/v2\/media?parent=291907"}],"wp:term":[{"taxonomy":"category","embeddable":true,"href":"https:\/\/www.europesays.com\/fr\/wp-json\/wp\/v2\/categories?post=291907"},{"taxonomy":"post_tag","embeddable":true,"href":"https:\/\/www.europesays.com\/fr\/wp-json\/wp\/v2\/tags?post=291907"}],"curies":[{"name":"wp","href":"https:\/\/api.w.org\/{rel}","templated":true}]}}