{"id":291914,"date":"2025-08-02T18:14:15","date_gmt":"2025-08-02T18:14:15","guid":{"rendered":"https:\/\/www.europesays.com\/fr\/291914\/"},"modified":"2025-08-02T18:14:15","modified_gmt":"2025-08-02T18:14:15","slug":"barbara-hepworth-inconnue-celebre-a-la-fondation-maeght","status":"publish","type":"post","link":"https:\/\/www.europesays.com\/fr\/291914\/","title":{"rendered":"Barbara Hepworth, inconnue c\u00e9l\u00e8bre \u00e0 la Fondation Maeght"},"content":{"rendered":"<p>                    <img loading=\"lazy\" decoding=\"async\" src=\"https:\/\/www.europesays.com\/fr\/wp-content\/uploads\/2025\/08\/5df0281f65afc00d725f7ccd5e07dc.jpg\" class=\"img-responsive post-image\" width=\"680\" height=\"510\" alt=\"Barbara Hepworth, inconnu\" title=\"Barbara Hepworth, inconnue c\u00e9l\u00e8bre \u00e0 la Fondation Maeght\"\/><\/p>\n<p class=\"chapo\">Tout \u00e9v\u00e9nement chez Maeght refl\u00e8te une histoire d\u2019amiti\u00e9 et de fid\u00e9lit\u00e9. L\u2019exposition consacr\u00e9e cet \u00e9t\u00e9 \u00e0 Barbara Hepworth ne fait pas exception \u00e0 cette tradition. C\u2019est le travail d\u2019une figure f\u00e9minine majeure de l\u2019art qui est pr\u00e9sent\u00e9 dans les salles de la Fondation de Saint-Paul-de-Vence. L\u2019artiste a expos\u00e9 d\u00e8s 1967, puis en 1972, \u00e0 l\u2019institution saint-pauloise, qui \u00e9tait \u00e0 l\u2019\u00e9poque la premi\u00e8re fondation ind\u00e9pendante d\u00e9di\u00e9e aux arts vivants dans notre pays. \u00ab\u00a0 La galerie n\u2019avait que deux ans \u00e0 l\u2019\u00e9poque, elle faisait figure d\u2019ovni dans le paysage de l\u2019art en France\u00a0\u00bb, confie Isabelle Maeght.<\/p>\n<p>                    Adul\u00e9e en Angleterre <\/p>\n<p>On d\u00e9couvrira une large r\u00e9trospective, depuis ses dessins figuratifs jusqu\u2019\u00e0 ses monumentales sculptures abstraites, ainsi que quelques \u0153uvres de dimensions plus modestes, pr\u00e9serv\u00e9es sous verre comme des bijoux.<br class=\"autobr\"\/><br \/>\nC\u2019est au contact de Brancusi que cette artiste s\u2019est affranchie des traditions acad\u00e9miques (on ne manquera pas de faire des comparaisons). Avec Jean Arp et Pablo Picasso, elle r\u00e9alise une \u0153uvre d\u2019une puret\u00e9 g\u00e9om\u00e9trique qui la place \u00e0 l\u2019avant-garde de l\u2019art.<br class=\"autobr\"\/><br \/>\nPartisane de la taille directe, elle travaille le bois et la pierre de fa\u00e7on novatrice. Ses formes perc\u00e9es laissent passer la lumi\u00e8re. Elle cherche \u00e0 exprimer une vision universelle de l\u2019exp\u00e9rience humaine \u00e0 travers l\u2019abstraction.<br class=\"autobr\"\/><br \/>\nL\u2019exposition pr\u00e9sente un parcours didactique, chronologique, comprenant dans chaque salle une pi\u00e8ce forte, des sculptures et des lithographies. On comprendra \u00e0 la fin de la visite pourquoi Barbara Hepworth est adul\u00e9e en Angleterre, son pays d\u2019origine, alors qu\u2019elle reste encore m\u00e9connue en France. La Fondation Maeght r\u00e9pare l\u2019injustice avec cette exposition estivale.<\/p>\n<p>20 ans de la disparition d\u2019Arman<\/p>\n<p>L\u2019ann\u00e9e 2025 marquant les 20 ans de la disparition d\u2019Arman, la <a href=\"https:\/\/www.fondation-maeght.com\/?lang=fr\" class=\"spip_out\" rel=\"external nofollow noopener\" target=\"_blank\">Fondation Maeght<\/a> lui consacre une salle tout l\u2019\u00e9t\u00e9, \u00e0 l\u2019occasion du don, par sa veuve <strong>Corice, <\/strong> d\u2019une grande sculpture. \u00c0 l\u2019entr\u00e9e de la Fondation, un des violoncelles de la s\u00e9rie Atlantis ne passera pas inaper\u00e7u. On s\u2019attardera aussi, avec gourmandise, devant la vitrine qui abrite de pr\u00e9cieux livres d\u2019art. \u00ab\u00a0La bibliophilie nous tient \u00e0 c\u0153ur, cette collection a \u00e9t\u00e9 lanc\u00e9e avec la seule contrainte\u00a0: le nombre de pages et le format. \u00a0\u00bb<br class=\"autobr\"\/><br \/>\nLes visiteurs qui ne connaissent pas encore les salles de la nouvelle extension dessin\u00e9e par l\u2019architecte <strong>Silvio d\u2019Ascia <\/strong> et qui vont y p\u00e9n\u00e9trer pour la premi\u00e8re fois vont appr\u00e9cier les grands tableaux d\u2019art moderne qui y sont expos\u00e9s, ainsi qu\u2019une \u0153uvre \u00e9ph\u00e9m\u00e8re de <strong>Pierre Roy-Camille<\/strong> (une fresque monumentale pos\u00e9e directement sur la plus grande baie vitr\u00e9e du site). Une sorte d\u2019amplification du paysage, tissant un dialogue entre art contemporain et les chefs-d\u2019\u0153uvre de l\u2019art moderne expos\u00e9s \u00e0 c\u00f4t\u00e9.<\/p>\n<p>Lire aussi\u00a0: <a href=\"https:\/\/www.petitesaffiches.fr\/culture,106\/monaco-voir-la-vie-en-couleurs,36587.html\" rel=\"nofollow noopener\" target=\"_blank\">Monaco\u00a0: voir la vie en couleurs jusqu\u2019au 31 ao\u00fbt<\/a><\/p>\n<p>Photo de Une\u00a0: Isabelle Maeght (troisi\u00e8me en partant de la gauche) en compagnie des chevilles ouvri\u00e8res de cette exposition. \u00a9ML<\/p>\n","protected":false},"excerpt":{"rendered":"Tout \u00e9v\u00e9nement chez Maeght refl\u00e8te une histoire d\u2019amiti\u00e9 et de fid\u00e9lit\u00e9. L\u2019exposition consacr\u00e9e cet \u00e9t\u00e9 \u00e0 Barbara Hepworth&hellip;\n","protected":false},"author":2,"featured_media":291915,"comment_status":"","ping_status":"","sticky":false,"template":"","format":"standard","meta":{"footnotes":""},"categories":[2819],"tags":[1111,11,2408,1777,674,1011,27,12,2401,882,25],"class_list":{"0":"post-291914","1":"post","2":"type-post","3":"status-publish","4":"format-standard","5":"has-post-thumbnail","7":"category-nice","8":"tag-actu","9":"tag-actualites","10":"tag-appels-d","11":"tag-eu","12":"tag-europe","13":"tag-fr","14":"tag-france","15":"tag-news","16":"tag-nice","17":"tag-provence-alpes-cote-dazur","18":"tag-republique-francaise"},"share_on_mastodon":{"url":"https:\/\/pubeurope.com\/@fr\/114960535685290844","error":""},"_links":{"self":[{"href":"https:\/\/www.europesays.com\/fr\/wp-json\/wp\/v2\/posts\/291914","targetHints":{"allow":["GET"]}}],"collection":[{"href":"https:\/\/www.europesays.com\/fr\/wp-json\/wp\/v2\/posts"}],"about":[{"href":"https:\/\/www.europesays.com\/fr\/wp-json\/wp\/v2\/types\/post"}],"author":[{"embeddable":true,"href":"https:\/\/www.europesays.com\/fr\/wp-json\/wp\/v2\/users\/2"}],"replies":[{"embeddable":true,"href":"https:\/\/www.europesays.com\/fr\/wp-json\/wp\/v2\/comments?post=291914"}],"version-history":[{"count":0,"href":"https:\/\/www.europesays.com\/fr\/wp-json\/wp\/v2\/posts\/291914\/revisions"}],"wp:featuredmedia":[{"embeddable":true,"href":"https:\/\/www.europesays.com\/fr\/wp-json\/wp\/v2\/media\/291915"}],"wp:attachment":[{"href":"https:\/\/www.europesays.com\/fr\/wp-json\/wp\/v2\/media?parent=291914"}],"wp:term":[{"taxonomy":"category","embeddable":true,"href":"https:\/\/www.europesays.com\/fr\/wp-json\/wp\/v2\/categories?post=291914"},{"taxonomy":"post_tag","embeddable":true,"href":"https:\/\/www.europesays.com\/fr\/wp-json\/wp\/v2\/tags?post=291914"}],"curies":[{"name":"wp","href":"https:\/\/api.w.org\/{rel}","templated":true}]}}