{"id":291929,"date":"2025-08-02T18:23:16","date_gmt":"2025-08-02T18:23:16","guid":{"rendered":"https:\/\/www.europesays.com\/fr\/291929\/"},"modified":"2025-08-02T18:23:16","modified_gmt":"2025-08-02T18:23:16","slug":"lille-perd-contre-dortmund-amical-dortmund-lille-3-2","status":"publish","type":"post","link":"https:\/\/www.europesays.com\/fr\/291929\/","title":{"rendered":"Lille perd contre Dortmund &#8211; Amical &#8211; Dortmund-Lille (3-2)"},"content":{"rendered":"<p><a target=\"_blank\" href=\"https:\/\/www.sofoot.com\/breves\/amical-lyon-sincline-face-au-bayern-munich\" rel=\"nofollow noopener\">Allemagne 3-0 France<\/a> (oui, Toulouse a aussi perdu contre Stuttgart).<\/p>\n<p><a target=\"_blank\" href=\"https:\/\/www.sofoot.com\/articles\/lille-dortmund-la-fete-est-finie-en-ligue-des-champions-pour-les-dogues\" rel=\"nofollow noopener\">\u00c9limin\u00e9 par Dortmund en huiti\u00e8me de finale de la Ligue des champions<\/a> il y a cinq mois, le LOSC a retrouv\u00e9 ses bourreaux ce samedi au Hemberg-Stadion d\u2019Iserlohn (Allemagne). Malmen\u00e9s dans un premier temps, les Nordistes ont r\u00e9alis\u00e9 une belle seconde p\u00e9riode mais ont quand m\u00eame fini par s\u2019incliner face au BvB (3-2). Trop maladroits dans leur surface, les Lillois ont encaiss\u00e9 <a target=\"_blank\" href=\"https:\/\/x.com\/BVB\/status\/1951664370670264556\" rel=\"nofollow\">un premier but sign\u00e9 Pascal Gro\u00df (1-0, 13\u1d49)<\/a>, qui a profit\u00e9 d\u2019un mauvais renvoi de la d\u00e9fense pour pousser le ballon dans le but vide suite \u00e0 un corner de Julian Ryerson. Les Dogues ont ensuite conc\u00e9d\u00e9 un penalty apr\u00e8s une faute a\u00e9rienne de Benjamin Andr\u00e9 sur Daniel Svensson, que Serhou Guirassy ne s\u2019est pas fait prier pour transformer gr\u00e2ce \u00e0 <a target=\"_blank\" href=\"https:\/\/x.com\/BVB\/status\/1951670953445871973\" rel=\"nofollow\">un contre-pied parfait (2-0, 41\u1d49)<\/a>.<\/p>\n<blockquote class=\"twitter-tweet\">\n<p lang=\"fr\" dir=\"ltr\">90&prime; I 3\ufe0f\u20e3-2\ufe0f\u20e3<br \/>\nApr\u00e8s une premi\u00e8re p\u00e9riode tr\u00e8s compliqu\u00e9e, le LOSC a montr\u00e9 un bien meilleur visage lors des 45 derni\u00e8res minutes.<br \/>\nMalgr\u00e9 une d\u00e9faite logique en Allemagne, il y a de belles choses \u00e0 retenir avant le prochain match, mercredi \u00e0 17h face \u00e0 Venise \ud83d\udc4f<br \/>\nLe compte-rendu de\u2026 <a target=\"_blank\" href=\"https:\/\/t.co\/8ENWH7qgXc\" rel=\"nofollow\">pic.twitter.com\/8ENWH7qgXc<\/a><\/p>\n<p>\u2014 LOSC (@losclive) <a target=\"_blank\" href=\"https:\/\/twitter.com\/losclive\/status\/1951687790191952028?ref_src=twsrc%5Etfw\" rel=\"nofollow noopener\">August 2, 2025<\/a><\/p><\/blockquote>\n<p>Suite \u00e0 ce premier acte plus que compliqu\u00e9, malgr\u00e9 la premi\u00e8re titularisation d\u2019Olivier Giroud en pointe, Lille a relev\u00e9 la t\u00eate. Lanc\u00e9 en contre-attaque, l\u2019attaquant islandais H\u00e1kon Haraldsson a r\u00e9duit le score d\u2019une frappe enroul\u00e9e (2-1, 66\u1d49). Dans la foul\u00e9e, Karim Adeyemi, bien d\u00e9cid\u00e9 \u00e0 ne pas laisser le LOSC revenir \u00e0 la hauteur des siens, a tap\u00e9 son meilleur sprint pour battre subtilement Lucas Chevalier (3-1, 68\u1d49). Enfin l\u2019entrant et ancien de la maison Thomas Meunier, id\u00e9alement trouv\u00e9 par Ousmane Tour\u00e9, marque \u00e0 son tour, du gauche (3-2, 81\u1d49). C\u2019est la deuxi\u00e8me d\u00e9faite des hommes de Bruno Genesio dans cette pr\u00e9paration estivale.<\/p>\n<p>Prochain match amical pour les Nordistes mercredi face \u00e0 Venise.<\/p>\n<p>\t\t\t\t\t\t\t\t\t\t<a class=\"lien-connexe\" href=\"https:\/\/www.sofoot.com\/articles\/lille-dortmund-la-fete-est-finie-en-ligue-des-champions-pour-les-dogues\" rel=\"nofollow noopener\" target=\"_blank\">\u00c0 Lille, la f\u00eate est finie<\/a>\t\t\t\t\t<script async src=\"https:\/\/platform.twitter.com\/widgets.js\" charset=\"utf-8\"><\/script><\/p>\n","protected":false},"excerpt":{"rendered":"Allemagne 3-0 France (oui, Toulouse a aussi perdu contre Stuttgart). \u00c9limin\u00e9 par Dortmund en huiti\u00e8me de finale de&hellip;\n","protected":false},"author":2,"featured_media":291930,"comment_status":"","ping_status":"","sticky":false,"template":"","format":"standard","meta":{"footnotes":""},"categories":[2815],"tags":[1111,47,11,61,69,65,64,1777,674,63,1011,27,811,68,66,1307,12,62,70,25,67],"class_list":{"0":"post-291929","1":"post","2":"type-post","3":"status-publish","4":"format-standard","5":"has-post-thumbnail","7":"category-lille","8":"tag-actu","9":"tag-actualite","10":"tag-actualites","11":"tag-actus-football","12":"tag-bundesliga","13":"tag-championnats-europeens","14":"tag-equipe-de-france","15":"tag-eu","16":"tag-europe","17":"tag-football","18":"tag-fr","19":"tag-france","20":"tag-hauts-de-france","21":"tag-ligua","22":"tag-ligue-1","23":"tag-lille","24":"tag-news","25":"tag-news-foot","26":"tag-premier-league","27":"tag-republique-francaise","28":"tag-serie-a"},"share_on_mastodon":{"url":"https:\/\/pubeurope.com\/@fr\/114960571052514533","error":""},"_links":{"self":[{"href":"https:\/\/www.europesays.com\/fr\/wp-json\/wp\/v2\/posts\/291929","targetHints":{"allow":["GET"]}}],"collection":[{"href":"https:\/\/www.europesays.com\/fr\/wp-json\/wp\/v2\/posts"}],"about":[{"href":"https:\/\/www.europesays.com\/fr\/wp-json\/wp\/v2\/types\/post"}],"author":[{"embeddable":true,"href":"https:\/\/www.europesays.com\/fr\/wp-json\/wp\/v2\/users\/2"}],"replies":[{"embeddable":true,"href":"https:\/\/www.europesays.com\/fr\/wp-json\/wp\/v2\/comments?post=291929"}],"version-history":[{"count":0,"href":"https:\/\/www.europesays.com\/fr\/wp-json\/wp\/v2\/posts\/291929\/revisions"}],"wp:featuredmedia":[{"embeddable":true,"href":"https:\/\/www.europesays.com\/fr\/wp-json\/wp\/v2\/media\/291930"}],"wp:attachment":[{"href":"https:\/\/www.europesays.com\/fr\/wp-json\/wp\/v2\/media?parent=291929"}],"wp:term":[{"taxonomy":"category","embeddable":true,"href":"https:\/\/www.europesays.com\/fr\/wp-json\/wp\/v2\/categories?post=291929"},{"taxonomy":"post_tag","embeddable":true,"href":"https:\/\/www.europesays.com\/fr\/wp-json\/wp\/v2\/tags?post=291929"}],"curies":[{"name":"wp","href":"https:\/\/api.w.org\/{rel}","templated":true}]}}