{"id":291937,"date":"2025-08-02T18:27:15","date_gmt":"2025-08-02T18:27:15","guid":{"rendered":"https:\/\/www.europesays.com\/fr\/291937\/"},"modified":"2025-08-02T18:27:15","modified_gmt":"2025-08-02T18:27:15","slug":"lyon-domine-par-le-bayern-munich-amical-bayern-munich-lyon-2-1","status":"publish","type":"post","link":"https:\/\/www.europesays.com\/fr\/291937\/","title":{"rendered":"Lyon domin\u00e9 par le Bayern Munich &#8211; Amical &#8211; Bayern Munich-Lyon (2-1)"},"content":{"rendered":"<p>Une d\u00e9faite la t\u00eate haute.<\/p>\n<p>Invaincu depuis le d\u00e9but de sa pr\u00e9paration, l\u2019Olympique lyonnais a vu son invincibilit\u00e9 prendre fin ce samedi \u00e0 l\u2019Allianz Arena (2-1). Si son match face au Bayern Munich a d\u00e9but\u00e9 avec <a target=\"_blank\" href=\"https:\/\/www.sofoot.com\/breves\/amical-la-rencontre-bayern-munich-ol-retardee-suite-a-un-accident\" rel=\"nofollow noopener\">plusieurs minutes de retard suite \u00e0 un accident<\/a>, les hommes de Paulo Fonseca n\u2019ont pas sembl\u00e9 perturb\u00e9s pour autant, puisque leur premi\u00e8re mi-temps a \u00e9t\u00e9 bonne. Les deux \u00e9quipes sont rentr\u00e9es aux vestiaires avec un score nul et vierge et les Gones ont \u00e9t\u00e9 les seuls \u00e0 cadrer un tir, par l\u2019interm\u00e9diaire d\u2019Afonso Moreira (21\u1d49).<\/p>\n<p>Mais les choses se sont g\u00e2t\u00e9es en seconde p\u00e9riode pour l\u2019OL. Vincent Kompany, l\u2019entra\u00eeneur bavarois, a chang\u00e9 l\u2019int\u00e9gralit\u00e9 de son onze et cela s\u2019est fait rapidement ressentir, notamment suite \u00e0 l\u2019entr\u00e9e de <a target=\"_blank\" href=\"https:\/\/www.sofoot.com\/breves\/mercato-le-bayern-munich-officialise-larrivee-de-luis-diaz\" rel=\"nofollow noopener\">la recrue Luis D\u00edaz<\/a> et de Michael Olise. L\u2019international fran\u00e7ais a d\u2019ailleurs \u00e9t\u00e9 le premier \u00e0 marquer contre Lyon lors de la pr\u00e9-saison des Rhodaniens<a target=\"_blank\" href=\"https:\/\/x.com\/FCBayernEN\/status\/1951663737422639459\" rel=\"nofollow\"> sur un penalty<\/a> avant de doubler la mise d\u2019une frappe depuis l\u2019entr\u00e9e de la surface (2-0, 62\u1d49). Malgr\u00e9 ce coup derri\u00e8re la t\u00eate, Lyon a bien termin\u00e9 cette partie, notamment gr\u00e2ce \u00e0 la performance du jeune Khalis Merah, auteur d\u2019une passe d\u00e9cisive pour Alejandro Gomes Rodriguez, buteur sur son premier ballon (2-1, 83\u1d49).<\/p>\n<p>Prometteur malgr\u00e9 tout.<\/p>\n<p>\t\t\t\t\t\t\t\t\t\t<a class=\"lien-connexe\" href=\"https:\/\/www.sofoot.com\/breves\/amical-la-rencontre-bayern-munich-ol-retardee-suite-a-un-accident\" rel=\"nofollow noopener\" target=\"_blank\">La rencontre Bayern Munich-OL retard\u00e9e suite \u00e0 un accident <\/a>\t\t\t\t\t<\/p>\n","protected":false},"excerpt":{"rendered":"Une d\u00e9faite la t\u00eate haute. Invaincu depuis le d\u00e9but de sa pr\u00e9paration, l\u2019Olympique lyonnais a vu son invincibilit\u00e9&hellip;\n","protected":false},"author":2,"featured_media":291938,"comment_status":"","ping_status":"","sticky":false,"template":"","format":"standard","meta":{"footnotes":""},"categories":[1889],"tags":[1111,47,11,61,2430,69,65,64,1777,674,63,1011,27,68,66,2428,12,62,70,25,67],"class_list":{"0":"post-291937","1":"post","2":"type-post","3":"status-publish","4":"format-standard","5":"has-post-thumbnail","7":"category-lyon","8":"tag-actu","9":"tag-actualite","10":"tag-actualites","11":"tag-actus-football","12":"tag-auvergne-rhone-alpes","13":"tag-bundesliga","14":"tag-championnats-europeens","15":"tag-equipe-de-france","16":"tag-eu","17":"tag-europe","18":"tag-football","19":"tag-fr","20":"tag-france","21":"tag-ligua","22":"tag-ligue-1","23":"tag-lyon","24":"tag-news","25":"tag-news-foot","26":"tag-premier-league","27":"tag-republique-francaise","28":"tag-serie-a"},"share_on_mastodon":{"url":"https:\/\/pubeurope.com\/@fr\/114960586722597836","error":""},"_links":{"self":[{"href":"https:\/\/www.europesays.com\/fr\/wp-json\/wp\/v2\/posts\/291937","targetHints":{"allow":["GET"]}}],"collection":[{"href":"https:\/\/www.europesays.com\/fr\/wp-json\/wp\/v2\/posts"}],"about":[{"href":"https:\/\/www.europesays.com\/fr\/wp-json\/wp\/v2\/types\/post"}],"author":[{"embeddable":true,"href":"https:\/\/www.europesays.com\/fr\/wp-json\/wp\/v2\/users\/2"}],"replies":[{"embeddable":true,"href":"https:\/\/www.europesays.com\/fr\/wp-json\/wp\/v2\/comments?post=291937"}],"version-history":[{"count":0,"href":"https:\/\/www.europesays.com\/fr\/wp-json\/wp\/v2\/posts\/291937\/revisions"}],"wp:featuredmedia":[{"embeddable":true,"href":"https:\/\/www.europesays.com\/fr\/wp-json\/wp\/v2\/media\/291938"}],"wp:attachment":[{"href":"https:\/\/www.europesays.com\/fr\/wp-json\/wp\/v2\/media?parent=291937"}],"wp:term":[{"taxonomy":"category","embeddable":true,"href":"https:\/\/www.europesays.com\/fr\/wp-json\/wp\/v2\/categories?post=291937"},{"taxonomy":"post_tag","embeddable":true,"href":"https:\/\/www.europesays.com\/fr\/wp-json\/wp\/v2\/tags?post=291937"}],"curies":[{"name":"wp","href":"https:\/\/api.w.org\/{rel}","templated":true}]}}