{"id":29194,"date":"2025-04-16T12:18:10","date_gmt":"2025-04-16T12:18:10","guid":{"rendered":"https:\/\/www.europesays.com\/fr\/29194\/"},"modified":"2025-04-16T12:18:10","modified_gmt":"2025-04-16T12:18:10","slug":"selon-une-etude-1-enfant-sur-31-est-diagnostique-autiste","status":"publish","type":"post","link":"https:\/\/www.europesays.com\/fr\/29194\/","title":{"rendered":"selon une \u00e9tude, 1 enfant sur 31 est diagnostiqu\u00e9 autiste"},"content":{"rendered":"<p class=\"article-p mdl\">Le nombre de cas d&rsquo;autisme\u00a0a continu\u00e9 d&rsquo;augmenter en 2022 aux \u00c9tats-Unis, selon une \u00e9tude publi\u00e9e mardi par la principale agence sanitaire du pays, une tendance probablement due \u00e0 l&rsquo;am\u00e9lioration des diagnostics, selon les auteurs.<\/p>\n<p class=\"article-p mdl\">La pr\u00e9valence estim\u00e9e des cas d&rsquo;autisme\u00a0chez les enfants \u00e2g\u00e9s de 8 ans est ainsi pass\u00e9e en 2022 \u00e0 <strong>1 enfant sur 31,<\/strong> selon ce nouveau rapport\u00a0des Centres de pr\u00e9vention et de lutte contre les maladies (CDC). En 2020, c&rsquo;\u00e9tait un enfant sur 36, et vingt ans plus t\u00f4t, un enfant sur 150.<\/p>\n<p class=\"article-p mdl\">Le ministre de la Sant\u00e9, Robert Kennedy Jr,<a class=\"link\" href=\"https:\/\/www.rtl.fr\/actu\/sante\/etats-unis-le-ministre-de-la-sante-affirme-qu-une-epidemie-d-autisme-dans-le-pays-est-liee-aux-vaccins-7900493472\" target=\"_blank\" rel=\"noopener\"> a qualifi\u00e9 l&rsquo;autisme d'\u00a0\u00bb\u00e9pid\u00e9mie incontr\u00f4lable\u00a0\u00bb\u00a0<\/a>et a promis de d\u00e9terminer ses causes d&rsquo;ici septembre, laissant plus que perplexe nombre de scientifiques\u00a0qui r\u00e9futent l&rsquo;id\u00e9e m\u00eame d&rsquo;une \u00ab\u00a0\u00e9pid\u00e9mie\u00a0\u00bb.\u00a0Il a \u00e9galement relay\u00e9 une fausse th\u00e9orie liant le vaccin ROR (rougeole, oreillons et rub\u00e9ole) \u00e0 l&rsquo;autisme, d\u00e9j\u00e0 d\u00e9mentie par de nombreuses \u00e9tudes.<\/p>\n<p>            Un trouble aux origines diverses<\/p>\n<p class=\"article-p mdl\">L&rsquo;\u00e9tude met en avant des disparit\u00e9s g\u00e9ographiques, de genre ou encore d&rsquo;origine ethnique dans la pr\u00e9valence des cas d&rsquo;autisme\u00a0aux \u00c9tats-Unis, les petits gar\u00e7ons et enfants d&rsquo;ascendance afro-am\u00e9ricaine, asiatique ou latino apparaissant plus susceptibles que les petites filles ou enfants blancs de se voir diagnostiquer un trouble du spectre autistique.<\/p>\n<p class=\"article-p mdl\">Des diff\u00e9rences qui \u00ab\u00a0pourraient \u00eatre dues \u00e0<strong> des diff\u00e9rences d&rsquo;acc\u00e8s aux services<\/strong> de d\u00e9tection pr\u00e9coce et d&rsquo;\u00e9valuation, ainsi que de pratiques diagnostiques\u00a0\u00bb, \u00e9crivent les auteurs de l&rsquo;\u00e9tude, qui rappellent que \u00ab\u00a0la recherche n&rsquo;a pas d\u00e9montr\u00e9 que vivre dans certaines communaut\u00e9s expose les enfants \u00e0 un risque accru\u00a0\u00bb.<\/p>\n<p class=\"article-p mdl\">L&rsquo;\u00e9tude \u00e9voque ainsi des variabilit\u00e9s r\u00e9gionales en mati\u00e8re de formation des p\u00e9diatres ou encore d&rsquo;accessibilit\u00e9 aux structures capables d&rsquo;\u00e9tablir le diagnostic de ce trouble complexe et au spectre tr\u00e8s large, dont les m\u00e9decins s&rsquo;interrogent toujours sur l&rsquo;origine.\u00a0<\/p>\n<p class=\"article-p mdl\">S&rsquo;il n&rsquo;existe pas \u00e0 ce jour de cause unique identifi\u00e9e, <strong>plusieurs facteurs environnementaux<\/strong> ont \u00e9t\u00e9 mis en avant, comme une neuro-inflammation ou la prise de certains m\u00e9dicaments comme l&rsquo;anti-\u00e9pileptique D\u00e9pakine durant la grossesse, tout comme des pr\u00e9dispositions g\u00e9n\u00e9tiques.<\/p>\n<p>    La r\u00e9daction vous recommande<\/p>\n<p class=\"s-newsletter__title\">\n                L\u2019actualit\u00e9 par la r\u00e9daction de RTL dans votre bo\u00eete mail.\n            <\/p>\n<p class=\"s-newsletter__subtitle\">\n                Gr\u00e2ce \u00e0 votre compte RTL abonnez-vous \u00e0 la newsletter RTL info pour suivre toute l&rsquo;actualit\u00e9 au quotidien\n            <\/p>\n<p>\n                                    Lire la suite\n                                <\/p>\n","protected":false},"excerpt":{"rendered":"Le nombre de cas d&rsquo;autisme\u00a0a continu\u00e9 d&rsquo;augmenter en 2022 aux \u00c9tats-Unis, selon une \u00e9tude publi\u00e9e mardi par la&hellip;\n","protected":false},"author":2,"featured_media":29195,"comment_status":"","ping_status":"","sticky":false,"template":"","format":"standard","meta":{"footnotes":""},"categories":[1589],"tags":[11,8187,73,1866,107,226,12,316,71,1864,1865,1863,308],"class_list":{"0":"post-29194","1":"post","2":"type-post","3":"status-publish","4":"format-standard","5":"has-post-thumbnail","7":"category-etats-unis","8":"tag-actualites","9":"tag-autisme","10":"tag-etats-unis","11":"tag-etats-unis-damerique","12":"tag-fil-info","13":"tag-maladie","14":"tag-news","15":"tag-politique","16":"tag-sante","17":"tag-united-states","18":"tag-united-states-of-america","19":"tag-us","20":"tag-usa"},"share_on_mastodon":{"url":"https:\/\/pubeurope.com\/@fr\/114347606443811184","error":""},"_links":{"self":[{"href":"https:\/\/www.europesays.com\/fr\/wp-json\/wp\/v2\/posts\/29194","targetHints":{"allow":["GET"]}}],"collection":[{"href":"https:\/\/www.europesays.com\/fr\/wp-json\/wp\/v2\/posts"}],"about":[{"href":"https:\/\/www.europesays.com\/fr\/wp-json\/wp\/v2\/types\/post"}],"author":[{"embeddable":true,"href":"https:\/\/www.europesays.com\/fr\/wp-json\/wp\/v2\/users\/2"}],"replies":[{"embeddable":true,"href":"https:\/\/www.europesays.com\/fr\/wp-json\/wp\/v2\/comments?post=29194"}],"version-history":[{"count":0,"href":"https:\/\/www.europesays.com\/fr\/wp-json\/wp\/v2\/posts\/29194\/revisions"}],"wp:featuredmedia":[{"embeddable":true,"href":"https:\/\/www.europesays.com\/fr\/wp-json\/wp\/v2\/media\/29195"}],"wp:attachment":[{"href":"https:\/\/www.europesays.com\/fr\/wp-json\/wp\/v2\/media?parent=29194"}],"wp:term":[{"taxonomy":"category","embeddable":true,"href":"https:\/\/www.europesays.com\/fr\/wp-json\/wp\/v2\/categories?post=29194"},{"taxonomy":"post_tag","embeddable":true,"href":"https:\/\/www.europesays.com\/fr\/wp-json\/wp\/v2\/tags?post=29194"}],"curies":[{"name":"wp","href":"https:\/\/api.w.org\/{rel}","templated":true}]}}