{"id":291941,"date":"2025-08-02T18:30:20","date_gmt":"2025-08-02T18:30:20","guid":{"rendered":"https:\/\/www.europesays.com\/fr\/291941\/"},"modified":"2025-08-02T18:30:20","modified_gmt":"2025-08-02T18:30:20","slug":"a-jemmapes-le-basket-hors-normes","status":"publish","type":"post","link":"https:\/\/www.europesays.com\/fr\/291941\/","title":{"rendered":"\u00e0 Jemmapes, le basket hors normes"},"content":{"rendered":"<p>            Par<br \/>\n        <strong><br \/>\n            <a href=\"https:\/\/actu.fr\/auteur\/antoine-grotteria02\" title=\"Consulter tous les articles de Antoine Grotteria\" target=\"_blank\" rel=\"noopener\">Antoine Grotteria<\/a><br \/>\n        <\/strong><\/p>\n<p>        Publi\u00e9 le<\/p>\n<p>            2 ao\u00fbt 2025 \u00e0 18h06        <\/p>\n<p>Au bord du <a href=\"https:\/\/actu.fr\/ile-de-france\/paris_75056\/paris-decouvrez-a-quoi-ressemblera-le-canal-saint-martin-en-2026_60361901.html\" target=\"_blank\" rel=\"noopener\">canal Saint-Martin<\/a>, deux touristes fl\u00e2nent sous un ciel triste. Leur regard oblique vers l\u2019eau se tourne soudainement vers une sc\u00e8ne <strong>peu commune<\/strong>. Sous un immeuble morne de plusieurs \u00e9tages, balafr\u00e9 de rose, un rectangle d\u00e9limit\u00e9 par des grillages et cern\u00e9 d\u2019un skate park accueille plusieurs points rep\u00e9rables \u00e0 leur short et leur maillot bariol\u00e9s. Le bruit des ballons ne constitue pas l\u2019unique indice d\u2019un rassemblement spontan\u00e9. Pr\u00e8s d\u2019un arbre volumineux, le son des basses \u00e9manant d\u2019une enceinte de grande taille caresse les oreilles. Au <strong>142 quai de Jemmapes<\/strong>, dans le 10e arrondissement de <a href=\"https:\/\/actu.fr\/paris\/\" target=\"_blank\" rel=\"noopener\">Paris<\/a>, en cet apr\u00e8s-midi de juillet\u00a02025, le rap a fait main basse sur le playground, sans que personne ne pipe mot. \u00ab\u2009De toute fa\u00e7on, \u00e7a parle tout le temps ici. Il faut que \u00e7a soit bruyant. Il y a un peu de copie avec la culture US\u2009\u00bb, explique Momo, 25\u00a0ans. Depuis plusieurs ann\u00e9es, la petite surface de streetball (basket de rue, NDLR) a conquis les <strong>amoureux du basket<\/strong> lass\u00e9s des conventions et des r\u00e8gles du cousin en salle.<\/p>\n<p>La \u00ab\u2009Baltizone\u2009\u00bb et ses r\u00e8gles<\/p>\n<p class=\" wall-content\">Au gr\u00e9 du soft-power orchestr\u00e9 par la ligue nord-am\u00e9ricaine <a href=\"https:\/\/actu.fr\/ile-de-france\/paris_75056\/la-nba-annonce-le-retour-des-paris-game-dans-la-capitale-decouvrez-ou-et-quand_62978593.html\" target=\"_blank\" rel=\"noopener\">NBA<\/a> et de l\u2019effacement progressif des barri\u00e8res num\u00e9riques, la balle orange s\u2019est <strong>massivement invit\u00e9e<\/strong> dans les quartiers de la capitale. Avec sa localisation centrale, \u00e0 proximit\u00e9 de la <a href=\"https:\/\/actu.fr\/tag\/gare-de-l-est\" target=\"_blank\" rel=\"noopener\">gare de l\u2019Est<\/a>, et son cadre relativement prot\u00e9g\u00e9 du vacarme occasionn\u00e9 par le trafic automobile, le terrain de basket de Jemmapes attire de nombreux joueurs.<\/p>\n<blockquote class=\"ac-article-quote wall-content\">\n<p>\u00ab\u00a0Ici, tu sais que tu fais partie d&rsquo;une communaut\u00e9 ouverte. On t&rsquo;accepte comme tu es. Que tu sois nul ou fort, tu as juste la passion du sport. On ne fait pas de diff\u00e9rence\u00a0\u00bb<\/p>\n<p>    <strong>Kim, 25 ans<\/strong><br \/>\n        Habitu\u00e9 du terrain de basket de Jemmapes, r\u00e9sident \u00e0 Rosny-sous-Bois    <\/p><\/blockquote>\n<p class=\" wall-content\">Cet ancien habitant de New-York vient deux fois par semaine \u00e0 Jemmapes, aussi surnomm\u00e9 \u00ab<strong>\u2009Baltizone<\/strong>\u2009\u00bb, en r\u00e9f\u00e9rence \u00e0 la ville \u00e9tatsunienne. Il n\u2019h\u00e9site pas \u00e0 tracer un pont entre les terrains am\u00e9ricains et Jemmapes. \u00ab\u2009Cela se ressemble beaucoup. On se chambre tout le temps et on n\u2019h\u00e9site pas \u00e0 faire comprendre \u00e0 l\u2019autre que<strong> tu viens pour tout donner<\/strong>\u2009\u00bb.<\/p>\n<p class=\" wall-content\">En quelques heures, les exemples ne manquent pas. <strong>Railleries amicales, gestes obsc\u00e8nes<\/strong>\u2026 Toute la panoplie du trash talking (en fran\u00e7ais, chambrage) est d\u00e9ploy\u00e9e pour perturber les adversaires. Petit manieur de ballon dou\u00e9 et tireur adroit, Fay\u00e7al a le don pour irriter. \u00ab\u2009Je ne viens pas du basket classique. Moi j\u2019ai appris dans un quartier \u00e0 <a href=\"https:\/\/actu.fr\/lille\/\" target=\"_blank\" rel=\"noopener\">Lille<\/a> (Nord), o\u00f9 on doit se d\u00e9brouiller comme on peut\u2009\u00bb, confesse-t-il apr\u00e8s une partie endiabl\u00e9e.<\/p>\n<p>    <img   decoding=\"async\" loading=\"lazy\" src=\"https:\/\/www.europesays.com\/fr\/wp-content\/uploads\/2025\/08\/jemmapes-basket-paris-street-26-960x640.jpg\" alt=\"Avec ses grillages, ses arbres et son rev\u00eatement bitum\u00e9, le terrain de Jemmapes est assez \u00e9loign\u00e9 du parquet classique. \" width=\"960\" height=\"640\"\/><br \/>\n    Avec ses grillages, ses arbres et son rev\u00eatement bitum\u00e9, le terrain de Jemmapes est assez \u00e9loign\u00e9 du parquet classique. (\u00a9AG\/ actu Paris)<\/p>\n<p class=\" wall-content\">Qu\u2019importent les moyens employ\u00e9s, chacun \u00e9pouse les <strong>codes du respect et de la convivialit\u00e9<\/strong>. M\u00eame les nouveaux s\u2019adaptent sans rechigner.<\/p>\n<blockquote class=\"ac-article-quote wall-content\">\n<p>\u00ab\u00a0Tout le monde est sympa. On reste plusieurs heures \u00e0 discuter avec des gens qu&rsquo;on ne conna\u00eet pas, c&rsquo;est cool\u00a0\u00bb<\/p>\n<p>    <strong>Logann, 19 ans<\/strong><br \/>\n        Basketteur amateur originaire de la Seine-et-Marne    <\/p><\/blockquote>\n<p>Un vecteur de lien social<\/p>\n<p class=\" wall-content\">De cette ambiance rel\u00e2ch\u00e9e et fraternelle, naissent parfois des <strong>amiti\u00e9s de longue date<\/strong>. \u00c0 23\u00a0ans, Isma\u00ebl, qui habite le 11e arrondissement, est un habitu\u00e9 du terrain depuis une d\u00e9cennie. \u00ab<strong>\u2009J\u2019ai presque tous mes amis ici<\/strong>. Je ne peux pas passer une journ\u00e9e sans venir. Parfois, on organise des barbecues en \u00e9t\u00e9\u2009\u00bb, indique-t-il.<\/p>\n<p class=\" wall-content\">Pour la Ville de Paris, cet ancrage social et cette popularit\u00e9 forment un continuum d\u2019<strong>int\u00e9r\u00eat public<\/strong>. C\u2019est la raison pour laquelle, en septembre\u00a02020, elle a d\u00e9cid\u00e9 de r\u00e9nover l\u2019\u00e9quipement avec l\u2019aide des artistes \u00c9tienne Bardelli et Tristan Baraduc. Naturellement, la NBA s\u2019est engag\u00e9e dans ce projet, int\u00e9ress\u00e9e par les <strong>retomb\u00e9es \u00e9conomiques et culturelles<\/strong>.<\/p>\n<p>    <img   decoding=\"async\" loading=\"lazy\" src=\"https:\/\/www.europesays.com\/fr\/wp-content\/uploads\/2025\/08\/jemmapes-basket-paris-street-31-960x640.jpg\" alt=\"Un immeuble sans cachet toise le terrain. Aucun probl\u00e8me pour les mordus de la balle orange. \" width=\"960\" height=\"640\"\/><br \/>\n    Un immeuble sans cachet toise le terrain. Aucun probl\u00e8me pour les mordus de la balle orange. (\u00a9AG\/ actu Paris)<\/p>\n<p class=\" wall-content\">Pour comprendre les enjeux, il faut d\u00e9passer <strong>le simple cadre du r\u00e9el <\/strong>et se connecter sur <strong>les r\u00e9seaux sociaux<\/strong>. Plusieurs influenceurs ont publi\u00e9 des contenus relatifs \u00e0 Jemmapes. Du freestyleur Brisco, champion du monde de freestyle basket, \u00e0 Grayson Scott \u00ab\u2009The Professor\u2009\u00bb Boucher, une l\u00e9gende de la discipline, toutes les <strong>figures d\u2019autorit\u00e9<\/strong> ont foul\u00e9 le bitume pr\u00e8s du canal Saint-Martin. Symbole de sa r\u00e9sonance, le terrain dispose m\u00eame d\u2019un compte <a href=\"https:\/\/www.instagram.com\/p\/DMdRJQACp2Y\/\" target=\"_blank\" rel=\"noopener\">Instagram<\/a>, le \u00ab_144\u2009\u00bb auquel sont abonn\u00e9es quelque 77\u2009000\u00a0personnes.<\/p>\n<p class=\" wall-content\">\n<p>Stars NBA et r\u00e9seaux sociaux<\/p>\n<p class=\" wall-content\">Une communaut\u00e9 puissante, abondamment aliment\u00e9e par <strong>les adolescents<\/strong>. \u00ab\u2009J\u2019ai entendu parler du terrain sur <a href=\"https:\/\/actu.fr\/tag\/tiktok\" target=\"_blank\" rel=\"noopener\">TikTok<\/a> et Instagram. C\u2019est juste la deuxi\u00e8me fois que je viens\u2009\u00bb, nous confesse Ka\u00efs, 14\u00a0ans, presque embarrass\u00e9 dans cet environnement majoritairement fr\u00e9quent\u00e9 par de jeunes adultes.<\/p>\n<blockquote class=\"ac-article-quote wall-content\">\n<p>\u00ab\u00a0Le terrain se pr\u00eate bien aux vid\u00e9os. C&rsquo;est super cool\u00a0\u00bb<\/p>\n<p>    <strong>Daniel, 16 ans<\/strong>\n            <\/p><\/blockquote>\n<p class=\" wall-content\">Cette notori\u00e9t\u00e9 a m\u00eame murmur\u00e9 \u00e0 l\u2019oreille des <strong>meilleurs basketteurs fran\u00e7ais<\/strong>. En 2020, le champion NBA <a href=\"https:\/\/actu.fr\/ile-de-france\/issy-les-moulineaux_92040\/campus-academy-pres-de-paris-les-grands-projets-de-tony-parker-dans-les-limbes-on-s-est-fait-berner_62544979.html\" target=\"_blank\" rel=\"noopener\">Tony Parker<\/a> avait affront\u00e9 des professionnels et des amateurs dans un \u00e9v\u00e9nement organis\u00e9 avant les Jeux olympiques de Tokyo. L\u2019ex-pivot K\u00e9vin S\u00e9raphin, pass\u00e9 par la ligue nord-am\u00e9ricaine durant plusieurs saisons, a \u00e9galement mis les pieds dans ce playground. Et, selon plusieurs habitu\u00e9s, l\u2019un des dirigeants du club champion de France, <a href=\"https:\/\/actu.fr\/ile-de-france\/paris_75056\/on-met-le-feu-a-notre-facon-jeunes-et-bravaches-les-supporters-du-paris-basketball-cassent-les-codes_62230622.html\" target=\"_blank\" rel=\"noopener\">Paris Basketball<\/a>, Amara Sy s\u2019y rend occasionnellement.<\/p>\n<p class=\" wall-content\">Toutefois, le terrain de Jemmapes \u00e9chappe parfois aux mises en sc\u00e8ne virtuelles. Car il conserve une <strong>fonction \u00e9ducative<\/strong> pour les coll\u00e9giens du 10e arrondissement. En juin dernier, des \u00e9l\u00e8ves de trois \u00e9tablissements scolaires Valmy, la Grange-aux-Belles et de Seligmann, ont expos\u00e9 des \u0153uvres dans le cadre du dispositif Action coll\u00e9giens. Une mani\u00e8re de relier art, sport et \u00e9ducation.<\/p>\n<p class=\" wall-content\">Suivez toute l\u2019actualit\u00e9 de vos villes et m\u00e9dias favoris en vous inscrivant \u00e0 <a href=\"https:\/\/moncompte.actu.fr\" title=\"D\u00e9couvez Mon Actu\" rel=\"nofollow noopener\" data-trk=\"{&quot;cta&quot;:{&quot;action&quot;:&quot;https:\\\/\\\/moncompte.actu.fr&quot;,&quot;category&quot;:&quot;mon compte&quot;,&quot;from&quot;:&quot;article footer&quot;,&quot;name&quot;:&quot;Mon actu&quot;,&quot;type&quot;:&quot;cta&quot;}}\" target=\"_blank\">Mon Actu<\/a>.<\/p>\n<p>                    <script async src=\"\/\/www.instagram.com\/embed.js\"><\/script><\/p>\n","protected":false},"excerpt":{"rendered":"Par Antoine Grotteria Publi\u00e9 le 2 ao\u00fbt 2025 \u00e0 18h06 Au bord du canal Saint-Martin, deux touristes fl\u00e2nent&hellip;\n","protected":false},"author":2,"featured_media":291942,"comment_status":"","ping_status":"","sticky":false,"template":"","format":"standard","meta":{"footnotes":""},"categories":[1888],"tags":[1111,1928,11,1927,1465,1777,674,1011,27,12,1926,626,1925,25,517,60,7189,19370],"class_list":{"0":"post-291941","1":"post","2":"type-post","3":"status-publish","4":"format-standard","5":"has-post-thumbnail","7":"category-paris","8":"tag-actu","9":"tag-actu-paris","10":"tag-actualites","11":"tag-actualites-paris","12":"tag-basket","13":"tag-eu","14":"tag-europe","15":"tag-fr","16":"tag-france","17":"tag-news","18":"tag-news-paris","19":"tag-paris","20":"tag-paris-news","21":"tag-republique-francaise","22":"tag-sport","23":"tag-sports","24":"tag-street-art","25":"tag-tony-parker"},"share_on_mastodon":{"url":"https:\/\/pubeurope.com\/@fr\/114960598539321448","error":""},"_links":{"self":[{"href":"https:\/\/www.europesays.com\/fr\/wp-json\/wp\/v2\/posts\/291941","targetHints":{"allow":["GET"]}}],"collection":[{"href":"https:\/\/www.europesays.com\/fr\/wp-json\/wp\/v2\/posts"}],"about":[{"href":"https:\/\/www.europesays.com\/fr\/wp-json\/wp\/v2\/types\/post"}],"author":[{"embeddable":true,"href":"https:\/\/www.europesays.com\/fr\/wp-json\/wp\/v2\/users\/2"}],"replies":[{"embeddable":true,"href":"https:\/\/www.europesays.com\/fr\/wp-json\/wp\/v2\/comments?post=291941"}],"version-history":[{"count":0,"href":"https:\/\/www.europesays.com\/fr\/wp-json\/wp\/v2\/posts\/291941\/revisions"}],"wp:featuredmedia":[{"embeddable":true,"href":"https:\/\/www.europesays.com\/fr\/wp-json\/wp\/v2\/media\/291942"}],"wp:attachment":[{"href":"https:\/\/www.europesays.com\/fr\/wp-json\/wp\/v2\/media?parent=291941"}],"wp:term":[{"taxonomy":"category","embeddable":true,"href":"https:\/\/www.europesays.com\/fr\/wp-json\/wp\/v2\/categories?post=291941"},{"taxonomy":"post_tag","embeddable":true,"href":"https:\/\/www.europesays.com\/fr\/wp-json\/wp\/v2\/tags?post=291941"}],"curies":[{"name":"wp","href":"https:\/\/api.w.org\/{rel}","templated":true}]}}