{"id":291943,"date":"2025-08-02T18:31:14","date_gmt":"2025-08-02T18:31:14","guid":{"rendered":"https:\/\/www.europesays.com\/fr\/291943\/"},"modified":"2025-08-02T18:31:14","modified_gmt":"2025-08-02T18:31:14","slug":"des-ultras-parisiens-pourraient-changer-de-tribune-au-parc-des-princes","status":"publish","type":"post","link":"https:\/\/www.europesays.com\/fr\/291943\/","title":{"rendered":"des Ultras Parisiens pourraient changer de tribune au Parc des Princes"},"content":{"rendered":"<p>Zapping Foot National Coupe de France : Calais, Quevilly, El-Biar, &#8230; les plus grands exploits de la comp\u00e9tition<\/p>\n<p>Apr\u00e8s plusieurs ann\u00e9es d\u2019animation concentr\u00e9e au virage Auteuil, le Collectif Ultras Paris (CUP) annonce son arriv\u00e9e dans la tribune Boulogne d\u00e8s la saison prochaine. Une d\u00e9cision qui bouleverse les habitudes au Parc des Princes et suscite un d\u00e9bat au sein de la communaut\u00e9 des supporters. Le Collectif Ultras Paris (CUP), qui fait vibrer le virage Auteuil depuis 2016, a officiellement annonc\u00e9 son intention d\u2019\u00e9tendre son animation \u00e0 la tribune Boulogne d\u00e8s la prochaine saison. Cette extension r\u00e9pond \u00e0 une saturation des abonnements au virage Auteuil, et \u00e0 la volont\u00e9 affich\u00e9e de \u00ab\u00a0redonner au Parc des Princes l\u2019ambiance qu\u2019il m\u00e9rite, avec deux tribunes en fusion.\u00a0\u00bb<\/p>\n<p>Dans un mail adress\u00e9 \u00e0 ses membres, le CUP pr\u00e9cise : \u00ab\u00a0Le Collectif Ultras Paris et le club se sont mis d\u2019accord pour l\u2019ouverture de l\u2019animation et des chants en tribune Boulogne\u00a0\u00bb. Le groupe ultra souligne qu\u2019en plus des traditionnels drapeaux et tifos, \u00ab\u00a0capos, tambours et m\u00e9gaphones seront autoris\u00e9s\u00a0\u00bb dans cette nouvelle zone d\u2019animation situ\u00e9e dans la partie haute de Boulogne. Le PSG a salu\u00e9 cette initiative, qui a d\u00e9j\u00e0 fait ses preuves lors de matches de Ligue des Champions o\u00f9 des membres du CUP \u00e9taient pr\u00e9sents dans les deux tribunes simultan\u00e9ment, favorisant une ambiance plus homog\u00e8ne.<\/p>\n<p>Une d\u00e9cision incomprise par certains<\/p>\n<p>Toutefois, cette annonce a rapidement provoqu\u00e9 des r\u00e9actions mitig\u00e9es. Historiquement, Boulogne et Auteuil repr\u00e9sentaient deux identit\u00e9s ultras distinctes, souvent oppos\u00e9es. Alors que la tribune Boulogne \u00e9tait le berceau du mouvement ultra parisien, elle a longtemps port\u00e9 des courants aux revendications parfois extr\u00eames, \u00e0 l\u2019inverse d\u2019Auteuil. Ces tensions ont culmin\u00e9 en 2010 avec l\u2019interdiction totale des groupes ultras apr\u00e8s la mort tragique de Yann Lorence, un supporter victime d\u2019un affrontement entre les deux camps. Le CUP, issu d\u2019Auteuil, reste pour certains une entit\u00e9 propre \u00e0 ce virage. Parmi les anciens membres du Virage Auteuil, une majorit\u00e9 ne comprend pas ce d\u00e9doublement dans une tribune qui, historiquement, a caus\u00e9 du tort. De plus, certains craignent que l\u2019arriv\u00e9e du CUP \u00e0 Boulogne freine le renouveau de groupes ind\u00e9pendants, qui souhaiteraient animer cette tribune selon leur propre esprit ultra. Comme le Block Parisii, un groupe \u00ab\u00a0exclu\u00a0\u00bb du Parc des Princes par le PSG depuis plusieurs ann\u00e9es, malgr\u00e9 sa ligne de conduite apolitique.<\/p>\n<blockquote class=\"twitter-tweet\">\n<p dir=\"ltr\" lang=\"fr\">\ud83e\udd21\ud83e\udd2e. Coh\u00e9rence et mentalit\u00e9\u2026 mouvement ultras disent-ils<\/p>\n<p>Si cela est vrai Soutien au Block Parisii qui depuis des ann\u00e9es se tapent noblement .. <a href=\"https:\/\/t.co\/G9aU1n4vQb\" rel=\"nofollow\">pic.twitter.com\/G9aU1n4vQb<\/a><\/p>\n<p>\u2014 \u0455\u03c1\u03b9\u044f\u03b9\u0442 \u00a2\u043d\u03b1\u043c\u03c1\u03b9\u03c3\u03b7 \u2202\u2019\u0454\u03c5\u044f\u03c3\u03c1\u0454 \ud83d\udc06 (@Puissance_94) <a href=\"https:\/\/twitter.com\/Puissance_94\/status\/1950865237478891656?ref_src=twsrc%5Etfw\" rel=\"nofollow noopener\" target=\"_blank\">July 31, 2025<\/a><\/p>\n<\/blockquote>\n<p>Partagez cette info avec vos amis et vos proches en cliquant ici<br \/>PSG : des Ultras Parisiens pourraient changer de tribune au Parc des Princes<\/p>\n<p>Le Collectif Ultras Paris, principal groupe de supporters du PSG, pr\u00e9voit d\u2019animer la tribune Boulogne en plus d\u2019Auteuil. Ce projet, valid\u00e9 par le club, vise \u00e0 renforcer l\u2019ambiance au Parc en fusionnant les deux tribunes historiques, mais il divise au sein des ultras, rappelant des tensions anciennes et une culture ultra fragment\u00e9e.<\/p>\n<p> <img decoding=\"async\" width=\"76\" height=\"76\" loading=\"lazy\" src=\"https:\/\/static.wui.fr\/images_v3\/avatar-footnational.png\" alt=\"La r\u00e9daction\"\/><script async src=\"https:\/\/platform.twitter.com\/widgets.js\" charset=\"utf-8\"><\/script><\/p>\n","protected":false},"excerpt":{"rendered":"Zapping Foot National Coupe de France : Calais, Quevilly, El-Biar, &#8230; les plus grands exploits de la comp\u00e9tition&hellip;\n","protected":false},"author":2,"featured_media":291944,"comment_status":"","ping_status":"","sticky":false,"template":"","format":"standard","meta":{"footnotes":""},"categories":[1888],"tags":[1111,1928,11,1927,1777,674,1011,27,12,1926,626,1925,25],"class_list":{"0":"post-291943","1":"post","2":"type-post","3":"status-publish","4":"format-standard","5":"has-post-thumbnail","7":"category-paris","8":"tag-actu","9":"tag-actu-paris","10":"tag-actualites","11":"tag-actualites-paris","12":"tag-eu","13":"tag-europe","14":"tag-fr","15":"tag-france","16":"tag-news","17":"tag-news-paris","18":"tag-paris","19":"tag-paris-news","20":"tag-republique-francaise"},"share_on_mastodon":{"url":"https:\/\/pubeurope.com\/@fr\/114960602496664320","error":""},"_links":{"self":[{"href":"https:\/\/www.europesays.com\/fr\/wp-json\/wp\/v2\/posts\/291943","targetHints":{"allow":["GET"]}}],"collection":[{"href":"https:\/\/www.europesays.com\/fr\/wp-json\/wp\/v2\/posts"}],"about":[{"href":"https:\/\/www.europesays.com\/fr\/wp-json\/wp\/v2\/types\/post"}],"author":[{"embeddable":true,"href":"https:\/\/www.europesays.com\/fr\/wp-json\/wp\/v2\/users\/2"}],"replies":[{"embeddable":true,"href":"https:\/\/www.europesays.com\/fr\/wp-json\/wp\/v2\/comments?post=291943"}],"version-history":[{"count":0,"href":"https:\/\/www.europesays.com\/fr\/wp-json\/wp\/v2\/posts\/291943\/revisions"}],"wp:featuredmedia":[{"embeddable":true,"href":"https:\/\/www.europesays.com\/fr\/wp-json\/wp\/v2\/media\/291944"}],"wp:attachment":[{"href":"https:\/\/www.europesays.com\/fr\/wp-json\/wp\/v2\/media?parent=291943"}],"wp:term":[{"taxonomy":"category","embeddable":true,"href":"https:\/\/www.europesays.com\/fr\/wp-json\/wp\/v2\/categories?post=291943"},{"taxonomy":"post_tag","embeddable":true,"href":"https:\/\/www.europesays.com\/fr\/wp-json\/wp\/v2\/tags?post=291943"}],"curies":[{"name":"wp","href":"https:\/\/api.w.org\/{rel}","templated":true}]}}