{"id":291945,"date":"2025-08-02T18:32:09","date_gmt":"2025-08-02T18:32:09","guid":{"rendered":"https:\/\/www.europesays.com\/fr\/291945\/"},"modified":"2025-08-02T18:32:09","modified_gmt":"2025-08-02T18:32:09","slug":"ivry-la-mairie-refuse-de-retirer-sa-banderole-denoncant-un-genocide-a-gaza","status":"publish","type":"post","link":"https:\/\/www.europesays.com\/fr\/291945\/","title":{"rendered":"Ivry\u00a0: la mairie refuse de retirer sa banderole d\u00e9non\u00e7ant un g\u00e9nocide \u00e0 Gaza"},"content":{"rendered":"<p class=\"paragraph text_align_left lp-f-body-02\">\u00ab Stop au g\u00e9nocide ! \u00c0 l\u2019annexion des territoires palestiniens et \u00e0 tous les crimes de guerre. Ivry-sur-Seine, ville messag\u00e8re de paix r\u00e9clame un cessez-le-feu, la <a href=\"https:\/\/www.leparisien.fr\/international\/israel\/un-tsunami-diplomatique-israel-sous-la-pression-des-promesses-de-reconnaissance-dun-etat-palestinien-01-08-2025-AX3W6OMXMRALRAXVFDEHVWE7QQ.php\" target=\"_blank\" rel=\"noreferrer noopener\">reconnaissance de l\u2019\u00c9tat palestinien<\/a> et le retour des otages. \u00bb En lettres noires sur fond blanc, le message est immanquable sur la fa\u00e7ade de l\u2019h\u00f4tel de ville d\u2019<a href=\"https:\/\/www.leparisien.fr\/val-de-marne-94\/ivry-sur-seine-94200\/\" target=\"_blank\" rel=\"noreferrer noopener\">Ivry-sur-Seine<\/a> (Val-de-Marne).<\/p>\n<p class=\"paragraph text_align_left lp-f-body-02\">\u00ab Ce n\u2019est pas la premi\u00e8re fois qu\u2019on voit \u00e7a sur la mairie, note Fr\u00e9d\u00e9rique, une Ivryenne \u00e2g\u00e9e de 58 ans. La ville s\u2019est toujours affich\u00e9e comme un soutien de la paix. \u00bb Daniel, 83 ans, habite \u00e0 Ivry depuis 1972. Voir ce type d\u2019affichage dans sa ville ne le surprend gu\u00e8re : \u00ab Il y a toujours eu beaucoup de banderoles ici \u00bb, sait le septuag\u00e9naire, les yeux alors tourn\u00e9s vers le centre de l\u2019\u00e9difice.<\/p>\n<p class=\"paragraph text_align_left lp-f-body-02\">La banderole est solidement accroch\u00e9e, bien en hauteur pour \u00eatre vue de loin, mais aussi prot\u00e9g\u00e9e des d\u00e9gradations. Pos\u00e9 plus bas sur la mairie depuis <a href=\"https:\/\/www.leparisien.fr\/international\/israel\/mon-recit-parle-a-tous-500-jours-apres-le-7-octobre-israel-se-soigne-grace-aux-mots-des-survivants-16-02-2025-S7H3THTD7ZE7VC62F5YKHUAUG4.php\" target=\"_blank\" rel=\"noreferrer noopener\">octobre 2023<\/a>, un pr\u00e9c\u00e9dent panneau au message tout aussi clair avait \u00e9t\u00e9 tagu\u00e9 et d\u00e9truit \u00e0 plusieurs reprises, \u00ab par des gens qui n\u2019ont rien \u00e0 voir avec la ville \u00bb, assure Philippe Bouyssou, le maire (PCF) d\u2019Ivry. \u00ab C\u2019est arriv\u00e9 cinq ou six fois, toujours de nuit, pr\u00e9cise-t-il. On l\u2019a toujours remplac\u00e9. \u00bb<\/p>\n<p><img decoding=\"async\" class=\"image \" loading=\"lazy\" src=\"https:\/\/www.europesays.com\/fr\/wp-content\/uploads\/2025\/08\/MC3U4CL4VBBINJCKMYNEWLNPMQ.jpg\" alt=\"Un pr\u00e9c\u00e9dent panneau &quot;Gaza, halte au massacre&quot; avait \u00e9t\u00e9 pos\u00e9 sur l'h\u00f4tel de ville d'Ivry-sur-Seine. Il avait \u00e9t\u00e9 tagu\u00e9 et souvent d\u00e9truit \u00e0 plusieurs reprises, selon le maire par des individus n'ayant pas de liens avec la commune.\" align=\"\" data-rubrique-principale=\"\" data-article-type=\"\" fetchpriority=\"auto\"\/>Un pr\u00e9c\u00e9dent panneau \u00ab\u00a0Gaza, halte au massacre\u00a0\u00bb avait \u00e9t\u00e9 pos\u00e9 sur l&rsquo;h\u00f4tel de ville d&rsquo;Ivry-sur-Seine. Il avait \u00e9t\u00e9 tagu\u00e9 et souvent d\u00e9truit \u00e0 plusieurs reprises, selon le maire par des individus n&rsquo;ayant pas de liens avec la commune.Un maire dans l\u2019ill\u00e9galit\u00e9 selon le pr\u00e9fet<\/p>\n<p class=\"paragraph text_align_left lp-f-body-02\">L\u2019\u00e9lu communiste ne fait aujourd\u2019hui pas face \u00e0 des bombes de peinture noire, mais \u00e0 une lettre sign\u00e9e par <a href=\"https:\/\/www.leparisien.fr\/val-de-marne-94\/le-nouveau-prefet-du-val-de-marne-connait-creteil-a-travers-son-grand-pere-larchitecte-charles-gustave-stoskopf-18-11-2024-CXHYZE53BFDHHMSPTEHIJY6UBQ.php\" target=\"_blank\" rel=\"noreferrer noopener\">\u00c9tienne Stoskopf<\/a>. Dans sa missive, dat\u00e9e du 29 juillet dernier, le pr\u00e9fet du Val-de-Marne demande \u00e0 Philippe Bouyssou de retirer cette banderole \u00ab dans les plus brefs d\u00e9lais \u00bb.<\/p>\n<p class=\"paragraph text_align_left lp-f-body-02\">\u00ab Je vous rappelle qu\u2019en votre qualit\u00e9 d\u2019\u00e9lu de la R\u00e9publique, vous \u00eates garant de la neutralit\u00e9 du service public, souligne le repr\u00e9sentant de l\u2019\u00c9tat. Ce principe constitutionnel vous impose de ne pas afficher d\u2019opinion politique sur les \u00e9difices publics de la commune. \u00bb<\/p>\n<p class=\"paragraph text_align_left lp-f-body-02\">Et le pr\u00e9fet de lister une s\u00e9rie de jurisprudences plus ou moins r\u00e9centes allant toutes dans le m\u00eame sens. Il en ressort que \u00ab l\u2019apposition d\u2019une banderole \u00e0 caract\u00e8re politique ou religieux sur des \u00e9difices publics est contraire au principe de neutralit\u00e9, pointe-t-il. Votre d\u00e9cision d\u2019apposer cette banderole sur le fronton de l\u2019h\u00f4tel de ville est donc ill\u00e9gale. \u00bb<\/p>\n<p>Pas de d\u00e9crochage \u00ab tant que le g\u00e9nocide en cours \u00e0 Gaza ne prendra pas fin \u00bb<\/p>\n<p class=\"paragraph text_align_left lp-f-body-02\">Sans retrait de la banderole, pr\u00e9vient \u00c9tienne Stoskopf, il pourra renvoyer l\u2019affaire devant le tribunal administratif de Melun. Si la menace est claire, le maire d\u2019Ivry-sur-Seine ne cille pas. \u00ab Je crains que la banderole que vous incriminez ne reste l\u00e0 o\u00f9 elle se trouve actuellement tant que le g\u00e9nocide en cours \u00e0 Gaza ne prendra pas fin \u00bb, \u00e9crit-il dans sa r\u00e9ponse post\u00e9e ce vendredi, et qui a depuis fuit\u00e9 sur les r\u00e9seaux sociaux.<\/p>\n<p class=\"paragraph text_align_left lp-f-body-02\">Philippe Bouyssou s\u2019interroge sur le timing de ce qui peut ressembler \u00e0 un rappel \u00e0 l\u2019ordre, plus d\u2019un an et demi apr\u00e8s la pose sur la mairie du premier panneau en rapport avec la situation \u00e0 Gaza. Un maire et par extension une ville ne peuvent donc pas s\u2019exprimer de cette mani\u00e8re, sur une guerre en cours ? \u00ab Quand on a mis une banderole de soutien \u00e0 <a href=\"https:\/\/www.leparisien.fr\/international\/ukraine\/\" target=\"_blank\" rel=\"noreferrer noopener\">l\u2019Ukraine<\/a>, on ne nous a pas accus\u00e9s de manquer de neutralit\u00e9, on n\u2019a jamais eu le moindre reproche, bien au contraire \u00bb, compare l\u2019\u00e9lu.<\/p>\n<p>\u00ab Cette volont\u00e9 de nous d\u00e9politiser est scandaleuse \u00bb<\/p>\n<p class=\"paragraph text_align_left lp-f-body-02\">Pr\u00e9cisant souscrire \u00ab parfaitement \u00bb \u00e0 l\u2019obligation de neutralit\u00e9 du service public, Philippe Bouyssou estime que cette neutralit\u00e9 \u00ab ne saurait s\u2019appliquer aux \u00e9lu\u00b7es locaux\u00b7ales, dont le mandat qui leur est confi\u00e9 par la population ne peut avoir de sens que s\u2019il se d\u00e9finit comme politique \u00bb. Et il justifie le choix de l\u2019h\u00f4tel de ville pour accrocher cette banderole : \u00ab Il s\u2019agit d\u2019un lieu charg\u00e9 de symboles, notamment politiques, qui ne saurait donc \u00eatre r\u00e9duit \u00e0 un b\u00e2timent abritant un service public \u00bb, argumente-t-il, en appelant au respect de \u00ab la libre administration des collectivit\u00e9s locales \u00bb et de \u00ab la libert\u00e9 d\u2019expression \u00bb.<\/p>\n<p class=\"paragraph text_align_left lp-f-body-02\">Le maire d\u2019Ivry nous avoue ce samedi matin ne pas comprendre et ne pas go\u00fbter ce qu\u2019il per\u00e7oit comme \u00ab une tentative de neutralisation de la capacit\u00e9 de s\u2019exprimer pour les maires \u00bb. \u00ab Cette volont\u00e9 de nous d\u00e9politiser est scandaleuse \u00bb, tonne-t-il. \u00ab On assiste \u00e0 un g\u00e9nocide en direct, cela se passe sous les yeux de tout le monde. Mettre une banderole, c\u2019est le moins que l\u2019on puisse faire. \u00bb<\/p>\n<p class=\"paragraph text_align_left lp-f-body-02\">Il pr\u00e9cise au passage d\u00e9fendre la m\u00eame position depuis l\u2019attaque terroriste du 7 octobre. \u00ab Nous sommes extr\u00eamement clairs depuis le d\u00e9but, notamment sur la n\u00e9cessit\u00e9 de lib\u00e9rer les otages \u00bb, rappelle-t-il.<\/p>\n","protected":false},"excerpt":{"rendered":"\u00ab Stop au g\u00e9nocide ! \u00c0 l\u2019annexion des territoires palestiniens et \u00e0 tous les crimes de guerre. Ivry-sur-Seine,&hellip;\n","protected":false},"author":2,"featured_media":291946,"comment_status":"","ping_status":"","sticky":false,"template":"","format":"standard","meta":{"footnotes":""},"categories":[1888],"tags":[11,1777,674,1011,27,1944,12,626,25,1125],"class_list":{"0":"post-291945","1":"post","2":"type-post","3":"status-publish","4":"format-standard","5":"has-post-thumbnail","7":"category-paris","8":"tag-actualites","9":"tag-eu","10":"tag-europe","11":"tag-fr","12":"tag-france","13":"tag-ma-ville","14":"tag-news","15":"tag-paris","16":"tag-republique-francaise","17":"tag-val-de-marne"},"share_on_mastodon":{"url":"https:\/\/pubeurope.com\/@fr\/114960606495638449","error":""},"_links":{"self":[{"href":"https:\/\/www.europesays.com\/fr\/wp-json\/wp\/v2\/posts\/291945","targetHints":{"allow":["GET"]}}],"collection":[{"href":"https:\/\/www.europesays.com\/fr\/wp-json\/wp\/v2\/posts"}],"about":[{"href":"https:\/\/www.europesays.com\/fr\/wp-json\/wp\/v2\/types\/post"}],"author":[{"embeddable":true,"href":"https:\/\/www.europesays.com\/fr\/wp-json\/wp\/v2\/users\/2"}],"replies":[{"embeddable":true,"href":"https:\/\/www.europesays.com\/fr\/wp-json\/wp\/v2\/comments?post=291945"}],"version-history":[{"count":0,"href":"https:\/\/www.europesays.com\/fr\/wp-json\/wp\/v2\/posts\/291945\/revisions"}],"wp:featuredmedia":[{"embeddable":true,"href":"https:\/\/www.europesays.com\/fr\/wp-json\/wp\/v2\/media\/291946"}],"wp:attachment":[{"href":"https:\/\/www.europesays.com\/fr\/wp-json\/wp\/v2\/media?parent=291945"}],"wp:term":[{"taxonomy":"category","embeddable":true,"href":"https:\/\/www.europesays.com\/fr\/wp-json\/wp\/v2\/categories?post=291945"},{"taxonomy":"post_tag","embeddable":true,"href":"https:\/\/www.europesays.com\/fr\/wp-json\/wp\/v2\/tags?post=291945"}],"curies":[{"name":"wp","href":"https:\/\/api.w.org\/{rel}","templated":true}]}}