{"id":291949,"date":"2025-08-02T18:34:11","date_gmt":"2025-08-02T18:34:11","guid":{"rendered":"https:\/\/www.europesays.com\/fr\/291949\/"},"modified":"2025-08-02T18:34:11","modified_gmt":"2025-08-02T18:34:11","slug":"russie-comment-lex-president-dmitri-medvedev-a-irrite-donald-trump-avec-ses-propos-provocateurs","status":"publish","type":"post","link":"https:\/\/www.europesays.com\/fr\/291949\/","title":{"rendered":"Russie. Comment l&rsquo;ex-pr\u00e9sident Dmitri Medvedev a irrit\u00e9 Donald Trump avec ses propos provocateurs"},"content":{"rendered":"<p>Le pantin du Kremlin a-t-il fait d\u00e9railler <a href=\"https:\/\/www.ledauphine.com\/p\/donald-trump\" target=\"_blank\" rel=\"noopener\">Donald Trump<\/a>\u00a0? Vendredi, le pr\u00e9sident am\u00e9ricain a annonc\u00e9 sur son r\u00e9seau Truth Social avoir ordonn\u00e9 le <a href=\"https:\/\/www.ledauphine.com\/defense-guerre-conflit\/2025\/08\/01\/trump-deploie-deux-sous-marins-nucleaires-suite-aux-declarations-incendiaires-de-moscou\" target=\"_blank\" rel=\"noopener\">d\u00e9ploiement de deux sous-marins nucl\u00e9aires \u00ab dans les zones concern\u00e9es \u00bb<\/a> en r\u00e9action aux \u00ab\u00a0d\u00e9clarations hautement provocatrices de l\u2019ancien pr\u00e9sident russe Dmitri Medvedev\u00a0\u00bb, aujourd\u2019hui vice-pr\u00e9sident du Conseil de s\u00e9curit\u00e9 de la F\u00e9d\u00e9ration de Russie.<\/p>\n<p>Donald Trump n\u2019a pas indiqu\u00e9 s\u2019il s\u2019agissait de submersibles \u00e0 propulsion nucl\u00e9aire ou porteurs d\u2019ogives atomiques, ni pr\u00e9cis\u00e9 quels \u00e9taient les propos \u00ab\u00a0provocateurs\u00a0\u00bb de l\u2019ancien chef d\u2019\u00c9tat (2008-2012) et Premier ministre\u00a0(2012-2020) russe&#8230; Mais sa prise de parole intervient apr\u00e8s de nombreux \u00e9changes entre les deux hommes par r\u00e9seaux interpos\u00e9s.<\/p>\n<p>Depuis le <a href=\"https:\/\/www.ledauphine.com\/france-monde\/ukraine\" target=\"_blank\" rel=\"noopener\">d\u00e9but de l\u2019invasion de l\u2019Ukraine<\/a>, Dmitri Medvedev s\u2019illustre, en effet, par ses d\u00e9clarations provocatrices. Une mani\u00e8re de rester dans la lumi\u00e8re ou un moyen pour Moscou de d\u00e9fier les Occidentaux en pr\u00e9servant les canaux diplomatiques classiques de propos ouvertement outranciers\u00a0? Quoi qu\u2019il en soit, l\u2019ancien dirigeant russe, qui f\u00eatera en septembre ses 60 ans, brandit r\u00e9guli\u00e8rement le spectre d\u2019une \u00ab\u00a0guerre nucl\u00e9aire\u00a0\u00bb destructrice avec les Occidentaux.<\/p>\n<p>Vers un point de non-retour\u00a0?<\/p>\n<p>Donald Trump a expliqu\u00e9 aux journalistes avoir r\u00e9agi ainsi parce que Dmitri Medvedev avait lui-m\u00eame brandi la menace nucl\u00e9aire. Le Russe \u2013 qui ne p\u00e8se plus sur l\u2019\u00e9chiquier politique alors qu\u2019il a longtemps \u00e9t\u00e9 consid\u00e9r\u00e9 comme l\u2019un des meneurs de l\u2019aile \u00ab\u00a0lib\u00e9rale\u00a0\u00bb du poutinisme \u2013 avait en effet fustig\u00e9 le pr\u00e9sident des \u00c9tats-Unis en citant \u00ab\u00a0la fameuse \u201cmain morte\u201d\u00a0\u00bb. Une allusion directe \u00e0 un syst\u00e8me automatis\u00e9 ultra-secret mis en place par l\u2019Union sovi\u00e9tique pendant la guerre froide pour prendre le contr\u00f4le de son arsenal nucl\u00e9aire en cas de destruction de sa cha\u00eene de commandement.<\/p>\n<p>Apr\u00e8s que Donald Trump a donn\u00e9 un <a href=\"https:\/\/www.ledauphine.com\/defense-guerre-conflit\/2025\/07\/29\/des-frappes-russes-nocturnes-font-au-moins-20-morts-et-plus-de-40-blesses\" target=\"_blank\" rel=\"noopener\">d\u00e9lai de \u00ab 10-12 jours \u00bb<\/a> \u00e0 <a href=\"https:\/\/www.ledauphine.com\/p\/vladimir-poutine\" target=\"_blank\" rel=\"noopener\">Vladimir Poutine<\/a> pour mettre fin \u00e0 la guerre en Ukraine, Dmitri Medvedev a \u00e9galement hauss\u00e9 le ton le 28\u00a0juillet dans un post X, d\u00e9clarant que \u00ab\u00a0chaque nouvel ultimatum est une menace et un pas vers la guerre. Non pas entre la Russie et l\u2019Ukraine, mais avec son propre pays\u00a0\u00bb.<\/p>\n<p>Bien que ses messages re\u00e7oivent en g\u00e9n\u00e9ral un \u00e9cho limit\u00e9, ils ont fini par irriter le pr\u00e9sident des \u00c9tats-Unis, qui, contrairement au ton mesur\u00e9 employ\u00e9 envers Vladimir Poutine &#8211; qu\u2019il tente en vain de faire venir \u00e0 la table des n\u00e9gociations &#8211; l\u2019a vivement pris \u00e0 partie.<\/p>\n<p class=\"insetTitle\">Trois morts dans des frappes en Russie<\/p>\n<p>Trois personnes ont \u00e9t\u00e9 tu\u00e9es en Russie lors de frappes ukrainiennes de drones durant la nuit de vendredi \u00e0 samedi dans les r\u00e9gions de Rostov et Penza (au Sud) ainsi que dans celle de Samara, \u00e9loign\u00e9e du front, ont indiqu\u00e9 les autorit\u00e9s locales. L\u2019arm\u00e9e russe a annonc\u00e9 avoir intercept\u00e9 au total 112 drones tir\u00e9s par l\u2019Ukraine durant cette m\u00eame nuit.<\/p>\n<p>Un incendie qui s\u2019\u00e9tait d\u00e9clar\u00e9 pr\u00e8s de la centrale nucl\u00e9aire de Zaporijia apr\u00e8s un bombardement ukrainien a aussi \u00e9t\u00e9 ma\u00eetris\u00e9, a d\u00e9clar\u00e9 ce samedi l\u2019administration russe de la centrale. Situ\u00e9e en Ukraine, la plus grande centrale d\u2019Europe n\u2019est pas en activit\u00e9 mais a besoin d\u2019\u00eatre aliment\u00e9e en \u00e9lectricit\u00e9 pour assurer le refroidissement de son combustible nucl\u00e9aire.<\/p>\n<p>Le Kremlin rejette toujours l\u2019id\u00e9e d\u2019un cessez-le-feu durable en Ukraine, qu\u2019il voit comme un cadeau fait aux troupes de Kiev, malgr\u00e9 la frustration exprim\u00e9e par Donald Trump face \u00e0 ce refus. L\u2019Ukraine r\u00e9clame de son c\u00f4t\u00e9 des syst\u00e8mes de d\u00e9fense antia\u00e9rienne \u00e0 ses alli\u00e9s europ\u00e9ens et esp\u00e8re notamment pouvoir obtenir des batteries modernes Patriot.<\/p>\n","protected":false},"excerpt":{"rendered":"Le pantin du Kremlin a-t-il fait d\u00e9railler Donald Trump\u00a0? Vendredi, le pr\u00e9sident am\u00e9ricain a annonc\u00e9 sur son r\u00e9seau&hellip;\n","protected":false},"author":2,"featured_media":291950,"comment_status":"","ping_status":"","sticky":false,"template":"","format":"standard","meta":{"footnotes":""},"categories":[1591],"tags":[11,3206,1887,107,329,12,316,1885,1886,132,220],"class_list":{"0":"post-291949","1":"post","2":"type-post","3":"status-publish","4":"format-standard","5":"has-post-thumbnail","7":"category-russie","8":"tag-actualites","9":"tag-defense-guerre-conflit","10":"tag-federation-de-russie","11":"tag-fil-info","12":"tag-france-monde","13":"tag-news","14":"tag-politique","15":"tag-russia","16":"tag-russian-federation","17":"tag-russie","18":"tag-ukraine"},"share_on_mastodon":{"url":"https:\/\/pubeurope.com\/@fr\/114960614374704346","error":""},"_links":{"self":[{"href":"https:\/\/www.europesays.com\/fr\/wp-json\/wp\/v2\/posts\/291949","targetHints":{"allow":["GET"]}}],"collection":[{"href":"https:\/\/www.europesays.com\/fr\/wp-json\/wp\/v2\/posts"}],"about":[{"href":"https:\/\/www.europesays.com\/fr\/wp-json\/wp\/v2\/types\/post"}],"author":[{"embeddable":true,"href":"https:\/\/www.europesays.com\/fr\/wp-json\/wp\/v2\/users\/2"}],"replies":[{"embeddable":true,"href":"https:\/\/www.europesays.com\/fr\/wp-json\/wp\/v2\/comments?post=291949"}],"version-history":[{"count":0,"href":"https:\/\/www.europesays.com\/fr\/wp-json\/wp\/v2\/posts\/291949\/revisions"}],"wp:featuredmedia":[{"embeddable":true,"href":"https:\/\/www.europesays.com\/fr\/wp-json\/wp\/v2\/media\/291950"}],"wp:attachment":[{"href":"https:\/\/www.europesays.com\/fr\/wp-json\/wp\/v2\/media?parent=291949"}],"wp:term":[{"taxonomy":"category","embeddable":true,"href":"https:\/\/www.europesays.com\/fr\/wp-json\/wp\/v2\/categories?post=291949"},{"taxonomy":"post_tag","embeddable":true,"href":"https:\/\/www.europesays.com\/fr\/wp-json\/wp\/v2\/tags?post=291949"}],"curies":[{"name":"wp","href":"https:\/\/api.w.org\/{rel}","templated":true}]}}