{"id":291953,"date":"2025-08-02T18:36:12","date_gmt":"2025-08-02T18:36:12","guid":{"rendered":"https:\/\/www.europesays.com\/fr\/291953\/"},"modified":"2025-08-02T18:36:12","modified_gmt":"2025-08-02T18:36:12","slug":"donald-trump-reaffirme-la-reconnaissance-par-les-usa-de-la-souverainete-marocaine-sur-le-sahara","status":"publish","type":"post","link":"https:\/\/www.europesays.com\/fr\/291953\/","title":{"rendered":"Donald Trump r\u00e9affirme la reconnaissance par les USA de la souverainet\u00e9 marocaine sur le Sahara"},"content":{"rendered":"<p><strong>Dans un message adress\u00e9 au Roi Mohammed VI \u00e0 l\u2019occasion de la F\u00eate du Tr\u00f4ne, le Pr\u00e9sident des Etats-Unis d\u2019Am\u00e9rique, Donald J. Trump, a r\u00e9affirm\u00e9 la reconnaissance par les \u00c9tats-Unis d\u2019Am\u00e9rique de la souverainet\u00e9 marocaine sur le Sahara et leur soutien \u00e0 la proposition d\u2019autonomie marocaine \u00ab\u00a0comme seule base pour un r\u00e8glement juste et durable de ce diff\u00e9rend\u00a0\u00bb.<\/strong><\/p>\n<p>\u00ab\u00a0Je tiens \u00e9galement \u00e0 r\u00e9affirmer que les \u00c9tats-Unis d\u2019Am\u00e9rique reconnaissent la souverainet\u00e9 marocaine sur le Sahara occidental, et qu\u2019ils soutiennent la Proposition d\u2019Autonomie marocaine, s\u00e9rieuse, cr\u00e9dible et r\u00e9aliste, comme seule base pour un r\u00e8glement juste et durable de ce diff\u00e9rend\u00a0\u00bb, a soulign\u00e9\u00a0 Trump dans son message.<\/p>\n<p>Exprimant ses f\u00e9licitations au nom des Etats-Unis d\u2019Am\u00e9rique au Roi et au peuple marocain, Donald Trump a affirm\u00e9 que \u00ab\u00a0les \u00c9tats-Unis d\u2019Am\u00e9rique attachent un grand prix au partenariat fort et durable qui nous lie au Maroc\u00a0\u00bb. <\/p>\n<p>Ensemble, a-t-il dit, \u00ab\u00a0nous \u0153uvrons \u00e0 faire avancer nos priorit\u00e9s communes en faveur de la paix et de la s\u00e9curit\u00e9 dans la r\u00e9gion, notamment en nous appuyant sur les Accords d\u2019Abraham, en luttant contre le terrorisme et en \u00e9largissant le champ de la coop\u00e9ration commerciale qui profite \u00e0 la fois aux Am\u00e9ricains et aux Marocains\u201d.<\/p>\n<p>Pour conclure : \u00ab\u00a0Je me r\u00e9jouis d\u2019avance de pouvoir poursuivre notre collaboration pour la promotion de la stabilit\u00e9, de la s\u00e9curit\u00e9 et de la paix r\u00e9gionales\u00a0\u00bb.<\/p>\n","protected":false},"excerpt":{"rendered":"Dans un message adress\u00e9 au Roi Mohammed VI \u00e0 l\u2019occasion de la F\u00eate du Tr\u00f4ne, le Pr\u00e9sident des&hellip;\n","protected":false},"author":2,"featured_media":291954,"comment_status":"","ping_status":"","sticky":false,"template":"","format":"standard","meta":{"footnotes":""},"categories":[1589],"tags":[11,73,1866,12,1864,1865,1863,308],"class_list":{"0":"post-291953","1":"post","2":"type-post","3":"status-publish","4":"format-standard","5":"has-post-thumbnail","7":"category-etats-unis","8":"tag-actualites","9":"tag-etats-unis","10":"tag-etats-unis-damerique","11":"tag-news","12":"tag-united-states","13":"tag-united-states-of-america","14":"tag-us","15":"tag-usa"},"share_on_mastodon":{"url":"https:\/\/pubeurope.com\/@fr\/114960622248927301","error":""},"_links":{"self":[{"href":"https:\/\/www.europesays.com\/fr\/wp-json\/wp\/v2\/posts\/291953","targetHints":{"allow":["GET"]}}],"collection":[{"href":"https:\/\/www.europesays.com\/fr\/wp-json\/wp\/v2\/posts"}],"about":[{"href":"https:\/\/www.europesays.com\/fr\/wp-json\/wp\/v2\/types\/post"}],"author":[{"embeddable":true,"href":"https:\/\/www.europesays.com\/fr\/wp-json\/wp\/v2\/users\/2"}],"replies":[{"embeddable":true,"href":"https:\/\/www.europesays.com\/fr\/wp-json\/wp\/v2\/comments?post=291953"}],"version-history":[{"count":0,"href":"https:\/\/www.europesays.com\/fr\/wp-json\/wp\/v2\/posts\/291953\/revisions"}],"wp:featuredmedia":[{"embeddable":true,"href":"https:\/\/www.europesays.com\/fr\/wp-json\/wp\/v2\/media\/291954"}],"wp:attachment":[{"href":"https:\/\/www.europesays.com\/fr\/wp-json\/wp\/v2\/media?parent=291953"}],"wp:term":[{"taxonomy":"category","embeddable":true,"href":"https:\/\/www.europesays.com\/fr\/wp-json\/wp\/v2\/categories?post=291953"},{"taxonomy":"post_tag","embeddable":true,"href":"https:\/\/www.europesays.com\/fr\/wp-json\/wp\/v2\/tags?post=291953"}],"curies":[{"name":"wp","href":"https:\/\/api.w.org\/{rel}","templated":true}]}}