{"id":291955,"date":"2025-08-02T18:37:19","date_gmt":"2025-08-02T18:37:19","guid":{"rendered":"https:\/\/www.europesays.com\/fr\/291955\/"},"modified":"2025-08-02T18:37:19","modified_gmt":"2025-08-02T18:37:19","slug":"apres-la-france-et-le-royaume-uni-le-canada-annonce-son-intention-de-reconnaitre-letat-de-palestine","status":"publish","type":"post","link":"https:\/\/www.europesays.com\/fr\/291955\/","title":{"rendered":"Apr\u00e8s la France et le Royaume-Uni, le Canada annonce son intention de reconna\u00eetre l\u2019Etat de Palestine"},"content":{"rendered":"<p class=\"authors latino-300b text-grey-600\">\n<p>  Par\u00a0<br \/>\nLe Nouvel Obs avec AFP<\/p>\n<p class=\"latino-300r text-grey-600 pe-10  border-end-lg\">\n<p>    Publi\u00e9 le\u00a031 juillet 2025 \u00e0 8h13  <\/p>\n<p>      , mis \u00e0 jour le\u00a031 juillet 2025 \u00e0 8h42\n  <\/p>\n<p>              Lecture\u00a0:\u00a02\u00a0min.<\/p>\n<p>      <img fetchpriority=\"high\" decoding=\"async\" class=\"mx-auto\" src=\"data:image\/svg+xml,%3Csvg%20xmlns%3D%27http%3A%2F%2Fwww.w3.org%2F2000%2Fsvg%27%20fill%3D%22%23e4e4e4%22%20viewBox%3D%270%200%20510%20340%27%20width%3D%22510%22%20height%3D%22340%22%3E%3Cpath%20d%3D%27M0%200h510v340H0z%27%2F%3E%3C%2Fsvg%3E\"  loading=\"eager\" width=\"510\" height=\"340\" data-oncrawl-image-size=\"510x340\" alt=\"Le Premier ministre canadien Mark Carney lors d\u2019une conf\u00e9rence de presse \u00e0 Ottawa, le 30\u00a0juillet 2025.\"\/>      <\/p>\n<p class=\"latino-100m text-grey-600\">\n            Le Premier ministre canadien Mark Carney lors d\u2019une conf\u00e9rence de presse \u00e0 Ottawa, le 30\u00a0juillet 2025.\u00a0ADRIAN WYLD\/AP\/SIPA        <\/p>\n<p>        Lire\u00a0plus\u00a0tard      <\/p>\n<p><a aria-label=\"Nous suivre sur Google News\" href=\"https:\/\/news.google.com\/publications\/CAAqBwgKMJe4nQkw3dFs?hl=fr&amp;gl=FR&amp;ceid=FR%3Afr\" target=\"_blank\" data-piano=\"Page_Article,Sous_date_publi,Nous_suivre_sur_google_news,1er_clic,action\" class=\"btn btn--small btn--tertiary btn--icon-only\" rel=\"noopener\"><\/p>\n<p>      Google Actualit\u00e9s<br \/>\n  <\/a><\/p>\n<p>  Partager<\/p>\n<p>        Facebook<\/p>\n<p>        Bluesky<\/p>\n<p>        E-mail<\/p>\n<p>        Copier le lien<\/p>\n<p>      Envoyer<\/p>\n<p>      S\u2019abonner    <\/p>\n<p class=\"node__paragraphe antonia-750r text-grey-800 pb-24 pb-md-30\">\nLe Canada pr\u00e9voit de reconna\u00eetre l\u2019Etat de Palestine en septembre \u00e0 l\u2019ONU, a annonc\u00e9 mercredi 30\u00a0juillet <a href=\"https:\/\/www.nouvelobs.com\/monde\/20250309.OBS101249\/10-choses-a-savoir-sur-mark-carney-l-ancien-banquier-central-pressenti-pour-succeder-au-canadien-justin-trudeau.html\" target=\"_blank\" rel=\"noopener\">le Premier ministre canadien, Mark Carney<\/a>. Un changement de politique aussit\u00f4t condamn\u00e9 vigoureusement par Isra\u00ebl.<\/p>\n<p class=\"latino-500b text-grey-600 pb-16\">A lire aussi<\/p>\n<p><a href=\"https:\/\/www.nouvelobs.com\/monde\/20250725.OBS106213\/en-reconnaissant-la-palestine-macron-casse-plafond-de-verre-et-met-la-pression-sur-ses-partenaires.html\" data-article-key=\"20250725.OBS106213\" class=\"link--box flex-grow-1\" data-piano=\"Page_Article,Lire_aussi,,Lien1,navigation\" target=\"_blank\" rel=\"noopener\"><\/p>\n<p>                <img decoding=\"async\" src=\"data:image\/svg+xml,%3Csvg%20xmlns%3D%27http%3A%2F%2Fwww.w3.org%2F2000%2Fsvg%27%20fill%3D%22%23e4e4e4%22%20viewBox%3D%270%200%20120%2080%27%20width%3D%22120%22%20height%3D%2280%22%3E%3Cpath%20d%3D%27M0%200h120v80H0z%27%2F%3E%3C%2Fsvg%3E\"  width=\"120\" height=\"80\" loading=\"lazy\" alt=\"Mahmoud Abbas et Emmanuel Macron, \u00e0 New York en septembre 2024.\"\/><\/p>\n<p class=\"latino-300r latino-lg-600m text-grey-800\">\n                      <strong class=\"latino-300b latino-lg-600m text-grey-500\">Analyse\u00a0<\/strong><br \/>\n                    En reconnaissant la Palestine, Macron casse un plafond de verre\u2026 et \u00ab\u00a0met la pression\u00a0\u00bb \u00e0 ses partenaires        <\/p>\n<p><\/a><\/p>\n<p class=\"node__paragraphe antonia-750r text-grey-800 pb-24 pb-md-30\">\n\u00ab\u00a0Le Canada a l\u2019intention de reconna\u00eetre l\u2019Etat de Palestine lors de la 80e session de l\u2019Assembl\u00e9e g\u00e9n\u00e9rale des Nations unies en septembre\u00a02025\u00a0\u00bb, a d\u00e9clar\u00e9 Mark Carney lors d\u2019une conf\u00e9rence de presse \u00e0 Ottawa, soulignant que \u00ab\u00a0le niveau de souffrance humaine \u00e0 Gaza est intol\u00e9rable\u00a0\u00bb.<\/p>\n<p class=\"node__paragraphe antonia-750r text-grey-800 pb-24 pb-md-30\">\nEn franchissant le pas de la reconnaissance, le Canada est motiv\u00e9 par une conviction \u00ab\u00a0de longue date\u00a0\u00bb en faveur d\u2019une solution \u00e0 deux Etats pour mettre fin au conflit isra\u00e9lo-palestinien, qui dure depuis des d\u00e9cennies, a justifi\u00e9 son Premier ministre. \u00ab\u00a0Cette possibilit\u00e9 d\u2019une solution \u00e0 deux Etats s\u2019\u00e9rode sous nos yeux\u00a0\u00bb, a d\u00e9clar\u00e9 Mark Carney.<\/p>\n<p>\u00ab\u00a0Dynamique collective\u00a0\u00bb port\u00e9e avec la France<\/p>\n<p class=\"node__paragraphe antonia-750r text-grey-800 pb-24 pb-md-30\">\nAvec cette d\u00e9cision, le Canada devient le troisi\u00e8me pays membre du G7, apr\u00e8s les r\u00e9centes annonces de la France et du Royaume-Uni, \u00e0 signaler son intention de reconna\u00eetre l\u2019\u00c9tat palestinien en septembre.<\/p>\n<p class=\"node__paragraphe antonia-750r text-grey-800 pb-24 pb-md-30\">\nParis, qui a r\u00e9cemment annonc\u00e9 <a href=\"https:\/\/www.nouvelobs.com\/monde\/20250724.OBS106192\/emmanuel-macron-annonce-que-la-france-va-reconnaitre-l-etat-de-palestine-en-septembre.html\" target=\"_blank\" rel=\"noopener\">son intention de reconna\u00eetre l\u2019Etat de Palestine<\/a> \u00e0 l\u2019Assembl\u00e9e g\u00e9n\u00e9rale des Nations unies, esp\u00e9rait cr\u00e9er une dynamique collective en ce sens.<\/p>\n<p class=\"node__paragraphe antonia-750r text-grey-800 pb-24 pb-md-30\">\nLa pr\u00e9sidence fran\u00e7aise a salu\u00e9 mercredi l\u2019annonce du Premier ministre canadien et s\u2019est r\u00e9jouie \u00ab\u00a0de pouvoir travailler de concert avec le Canada pour relancer une perspective de paix dans la r\u00e9gion\u00a0\u00bb, pr\u00e9cisant qu\u2019Emmanuel Macron s\u2019est entretenu avec Mark Carney \u00ab\u00a0un peu plus t\u00f4t dans la journ\u00e9e\u00a0\u00bb \u00e0 ce sujet.<\/p>\n<p class=\"node__paragraphe antonia-750r text-grey-800 pb-24 pb-md-30\">\nLe Premier ministre britannique Keir Starmer a \u00e9galement annonc\u00e9 mardi que <a href=\"https:\/\/www.nouvelobs.com\/monde\/20250729.OBS106335\/le-royaume-uni-reconnaitra-l-etat-de-palestine-en-septembre-sauf-si-israel-prend-certains-engagements.html\" target=\"_blank\" rel=\"noopener\">son pays reconna\u00eetrait l\u2019Etat de Palestine en septembre<\/a>, sauf si Isra\u00ebl prenait une s\u00e9rie d\u2019engagements, dont celui d\u2019un cessez-le-feu dans la bande de Gaza.<\/p>\n<p>Isra\u00ebl condamne, Trump menace<\/p>\n<p class=\"node__paragraphe antonia-750r text-grey-800 pb-24 pb-md-30\">\nL\u2019intention du Canada \u00ab\u00a0repose sur la volont\u00e9 de l\u2019Autorit\u00e9 palestinienne de mener des r\u00e9formes essentielles\u00a0\u00bb, a expliqu\u00e9 le Premier ministre, citant l\u2019engagement pris par le pr\u00e9sident Mahmoud Abbas d\u2019organiser des \u00e9lections g\u00e9n\u00e9rales en\u00a02026 et de ne pas militariser l\u2019Etat palestinien.<\/p>\n<p class=\"node__paragraphe antonia-750r text-grey-800 pb-24 pb-md-30\">\nCe dernier a salu\u00e9 mercredi la d\u00e9cision \u00ab\u00a0courageuse\u00a0\u00bb du Canada, qui \u00ab\u00a0intervient \u00e0 un moment historique critique pour sauver la solution \u00e0 deux Etats\u00a0\u00bb.<\/p>\n<p class=\"latino-500b text-grey-600 pb-16\">A lire aussi<\/p>\n<p><a href=\"https:\/\/www.nouvelobs.com\/monde\/20250725.OBS106202\/reconnaissance-de-la-palestine-notre-carte-qui-resume-la-situation-dans-le-monde.html\" data-article-key=\"20250725.OBS106202\" class=\"link--box flex-grow-1\" data-piano=\"Page_Article,Lire_aussi,,Lien2,navigation\" target=\"_blank\" rel=\"noopener\"><\/p>\n<p>                <img decoding=\"async\" src=\"data:image\/svg+xml,%3Csvg%20xmlns%3D%27http%3A%2F%2Fwww.w3.org%2F2000%2Fsvg%27%20fill%3D%22%23e4e4e4%22%20viewBox%3D%270%200%20120%2080%27%20width%3D%22120%22%20height%3D%2280%22%3E%3Cpath%20d%3D%27M0%200h120v80H0z%27%2F%3E%3C%2Fsvg%3E\"  width=\"120\" height=\"79\" loading=\"lazy\" alt=\"Un drapeau lors du d\u00e9placement du ministre des Affaires \u00e9trang\u00e8res de l\u2019Autorit\u00e9 palestinienne, Riyad al-Maliki, en Allemagne, le 13\u00a0f\u00e9vrier 2024.\"\/><\/p>\n<p class=\"latino-300r latino-lg-600m text-grey-800\">\n                      <strong class=\"latino-300b latino-lg-600m text-grey-500\">Data\u00a0<\/strong><br \/>\n                    Reconnaissance de la Palestine\u00a0: notre carte qui r\u00e9sume la situation dans le monde        <\/p>\n<p><\/a><\/p>\n<p class=\"node__paragraphe antonia-750r text-grey-800 pb-24 pb-md-30\">\nIsra\u00ebl a imm\u00e9diatement d\u00e9cri\u00e9 cette annonce et a d\u00e9nonc\u00e9 une \u00ab\u00a0campagne de pression internationale d\u00e9form\u00e9e\u00a0\u00bb venant \u00ab\u00a0durcir la position du Hamas \u00e0 la table des n\u00e9gociations \u00e0 un moment critique\u00a0\u00bb, a r\u00e9agi l\u2019ambassade d\u2019Isra\u00ebl \u00e0 Ottawa dans un communiqu\u00e9.<\/p>\n<p class=\"node__paragraphe antonia-750r text-grey-800 pb-24 pb-md-30\">\nLe minist\u00e8re isra\u00e9lien des Affaires \u00e9trang\u00e8res a de son c\u00f4t\u00e9 fustig\u00e9 dans une publication sur le r\u00e9seau social X le changement de position du gouvernement canadien, affirmant que cela \u00ab\u00a0r\u00e9compense le Hamas et nuit aux efforts visant \u00e0 obtenir un cessez-le-feu \u00e0 Gaza et un cadre pour la lib\u00e9ration des otages\u00a0\u00bb.<\/p>\n<p class=\"node__paragraphe antonia-750r text-grey-800 pb-24 pb-md-30\">\nDonald Trump a \u00e9galement critiqu\u00e9 la d\u00e9cision de Mark Carney et averti qu\u2019elle compliquerait les n\u00e9gociations avec Ottawa au sujet des droits de douane. \u00ab\u00a0Wow\u00a0! Le Canada vient d\u2019annoncer qu\u2019il soutient un Etat palestinien. Cela va devenir tr\u00e8s difficile pour nous de conclure un accord commercial avec eux\u00a0\u00bb, a \u00e9crit le pr\u00e9sident am\u00e9ricain sur son r\u00e9seau Truth Social.<\/p>\n<p>Une approche qui \u00ab\u00a0n\u2019est plus tenable\u00a0\u00bb<\/p>\n<p class=\"node__paragraphe antonia-750r text-grey-800 pb-24 pb-md-30\">\nCette annonce du Canada intervient alors qu\u2019un organisme international de surveillance de la faim soutenu par l\u2019ONU a affirm\u00e9 mardi que le \u00ab\u00a0pire sc\u00e9nario de famine\u00a0\u00bb \u00e9tait \u00ab\u00a0en cours \u00e0 Gaza\u00a0\u00bb.<\/p>\n<p class=\"node__paragraphe antonia-750r text-grey-800 pb-24 pb-md-30\">\nMark Carney a par ailleurs ajout\u00e9 que son pays a toujours \u00e9t\u00e9 un membre ind\u00e9fectible du groupe de nations qui esp\u00e9raient qu\u2019une solution \u00e0 deux Etats \u00ab\u00a0serait r\u00e9alis\u00e9e dans le cadre d\u2019un processus de paix fond\u00e9 sur un accord n\u00e9goci\u00e9 entre le gouvernement isra\u00e9lien et l\u2019Autorit\u00e9 palestinienne\u00a0\u00bb.<\/p>\n<p class=\"latino-500b text-grey-600 pb-16\">A lire aussi<\/p>\n<p><a href=\"https:\/\/www.nouvelobs.com\/monde\/20250729.OBS106323\/des-familles-entieres-crevent-sans-temoin-a-gaza-le-supplice-de-la-faim-est-devenu-une-arme-de-guerre.html\" data-article-key=\"20250729.OBS106323\" class=\"link--box flex-grow-1\" data-piano=\"Page_Article,Lire_aussi,,Lien3,navigation\" target=\"_blank\" rel=\"noopener\"><\/p>\n<p>                <img decoding=\"async\" src=\"data:image\/svg+xml,%3Csvg%20xmlns%3D%27http%3A%2F%2Fwww.w3.org%2F2000%2Fsvg%27%20fill%3D%22%23e4e4e4%22%20viewBox%3D%270%200%20120%2080%27%20width%3D%22120%22%20height%3D%2280%22%3E%3Cpath%20d%3D%27M0%200h120v80H0z%27%2F%3E%3C%2Fsvg%3E\"  width=\"120\" height=\"80\" loading=\"lazy\" alt=\"Devant une cantine caritative dans l\u2019ouest de la ville de Gaza, le 23\u00a0juillet 2025.\"\/><\/p>\n<p class=\"latino-300r latino-lg-600m text-grey-800\">\n                      <strong class=\"latino-300b latino-lg-600m text-grey-500\">R\u00e9cit\u00a0<\/strong><br \/>\n                    \u00ab\u00a0Des familles enti\u00e8res cr\u00e8vent sans t\u00e9moin\u00a0\u00bb\u00a0: \u00e0 Gaza, le supplice de la faim est devenu une arme de guerre        <\/p>\n<p><\/a><\/p>\n<p class=\"node__paragraphe antonia-750r text-grey-800 pb-24 pb-md-30\">\n\u00ab\u00a0Malheureusement, cette approche n\u2019est plus tenable\u00a0\u00bb, a-t-il dit, s\u2019en prenant au \u00ab\u00a0terrorisme du Hamas\u00a0\u00bb et \u00ab\u00a0le rejet violent et de longue date par le groupe du droit d\u2019Isra\u00ebl \u00e0 exister\u00a0\u00bb. Il a \u00e9galement critiqu\u00e9 \u00ab\u00a0l\u2019incapacit\u00e9 persistante\u00a0\u00bb d\u2019Isra\u00ebl \u00e0 emp\u00eacher une catastrophe humanitaire \u00e0 Gaza, ainsi que l\u2019expansion des colonies en Cisjordanie occup\u00e9e et \u00e0 J\u00e9rusalem-Est annex\u00e9e par Isra\u00ebl, consid\u00e9r\u00e9es comme ill\u00e9gales au regard du droit international.<\/p>\n<p class=\"node__paragraphe antonia-750r text-grey-800 pb-24 pb-md-30\">\nQuelque 2,4\u00a0millions de Palestiniens sont assi\u00e9g\u00e9s \u00e0 Gaza par Isra\u00ebl depuis le d\u00e9but de la guerre, d\u00e9clench\u00e9e par une attaque du Hamas le 7\u00a0octobre 2023 sur le sol isra\u00e9lien.<\/p>\n<p class=\"authors latino-600m text-grey-800\">\n<p>  Par\u00a0<br \/>\nLe Nouvel Obs avec AFP<\/p>\n","protected":false},"excerpt":{"rendered":"Par\u00a0 Le Nouvel Obs avec AFP Publi\u00e9 le\u00a031 juillet 2025 \u00e0 8h13 , mis \u00e0 jour le\u00a031 juillet&hellip;\n","protected":false},"author":2,"featured_media":291956,"comment_status":"","ping_status":"","sticky":false,"template":"","format":"standard","meta":{"footnotes":""},"categories":[1588],"tags":[17,11,2562,574,3259,1777,674,27,31088,74,12,22211,11279,473,1853,1851,21315,1850,1852],"class_list":{"0":"post-291955","1":"post","2":"type-post","3":"status-publish","4":"format-standard","5":"has-post-thumbnail","7":"category-royaume-uni","8":"tag-17","9":"tag-actualites","10":"tag-annonce","11":"tag-canada","12":"tag-conflit-israelo-palestinien","13":"tag-eu","14":"tag-europe","15":"tag-france","16":"tag-intention","17":"tag-monde","18":"tag-news","19":"tag-reconnaitre","20":"tag-royaume","21":"tag-royaume-uni","22":"tag-royaume-uni-de-grande-bretagne-et-dirlande-du-nord","23":"tag-uk","24":"tag-uni","25":"tag-united-kingdom","26":"tag-united-kingdom-of-great-britain-and-northern-ireland"},"share_on_mastodon":{"url":"https:\/\/pubeurope.com\/@fr\/114960626071426901","error":""},"_links":{"self":[{"href":"https:\/\/www.europesays.com\/fr\/wp-json\/wp\/v2\/posts\/291955","targetHints":{"allow":["GET"]}}],"collection":[{"href":"https:\/\/www.europesays.com\/fr\/wp-json\/wp\/v2\/posts"}],"about":[{"href":"https:\/\/www.europesays.com\/fr\/wp-json\/wp\/v2\/types\/post"}],"author":[{"embeddable":true,"href":"https:\/\/www.europesays.com\/fr\/wp-json\/wp\/v2\/users\/2"}],"replies":[{"embeddable":true,"href":"https:\/\/www.europesays.com\/fr\/wp-json\/wp\/v2\/comments?post=291955"}],"version-history":[{"count":0,"href":"https:\/\/www.europesays.com\/fr\/wp-json\/wp\/v2\/posts\/291955\/revisions"}],"wp:featuredmedia":[{"embeddable":true,"href":"https:\/\/www.europesays.com\/fr\/wp-json\/wp\/v2\/media\/291956"}],"wp:attachment":[{"href":"https:\/\/www.europesays.com\/fr\/wp-json\/wp\/v2\/media?parent=291955"}],"wp:term":[{"taxonomy":"category","embeddable":true,"href":"https:\/\/www.europesays.com\/fr\/wp-json\/wp\/v2\/categories?post=291955"},{"taxonomy":"post_tag","embeddable":true,"href":"https:\/\/www.europesays.com\/fr\/wp-json\/wp\/v2\/tags?post=291955"}],"curies":[{"name":"wp","href":"https:\/\/api.w.org\/{rel}","templated":true}]}}