{"id":291966,"date":"2025-08-02T18:43:22","date_gmt":"2025-08-02T18:43:22","guid":{"rendered":"https:\/\/www.europesays.com\/fr\/291966\/"},"modified":"2025-08-02T18:43:22","modified_gmt":"2025-08-02T18:43:22","slug":"pauline-ferrand-prevot-seule-au-monde-le-classement-general-apres-la-8e-etape","status":"publish","type":"post","link":"https:\/\/www.europesays.com\/fr\/291966\/","title":{"rendered":"Pauline Ferrand-Pr\u00e9vot seule au monde, le classement g\u00e9n\u00e9ral apr\u00e8s la 8e \u00e9tape"},"content":{"rendered":"<p>Vainqueure de la huiti\u00e8me \u00e9tape ce samedi, la Fran\u00e7aise dispose d\u2019une confortable avance au classement g\u00e9n\u00e9ral \u00e0 la veille de la derni\u00e8re \u00e9tape du Tour de France f\u00e9minin.<\/p>\n<p class=\"fig-paragraph\">Seule au monde. Deuxi\u00e8me au classement g\u00e9n\u00e9ral au d\u00e9part de la huiti\u00e8me \u00e9tape, ce samedi,\u00a0<a href=\"http:\/\/www.lefigaro.fr\/sports\/cyclisme\/tour-de-france\/cyclisme-historique-et-heroique-pauline-ferrand-prevot-assomme-le-tour-de-france-feminin-20250802\" data-fig-type=\"NewsFlash\" data-gtm-custom-categorie=\"navigation\" data-gtm-custom-action=\"crossclick\" data-gtm-custom-label=\"Contextuel\" data-gtm-event=\"customEventSPE\" data-fig-domain=\"LEFIGARO\" rel=\"nofollow noopener\" target=\"_blank\">Pauline Ferrand-Pr\u00e9vot a pris les commandes \u00e0 la faveur de son succ\u00e8s en forme de triomphe<\/a>. La Fran\u00e7aise dispose m\u00eame d\u2019une avance confortable en t\u00eate, sa dauphine australienne affichant un retard de 2\u201937 \u00e0 la veille de la derni\u00e8re \u00e9tape du Tour de France f\u00e9minin.<\/p>\n<p class=\"fig-paragraph\"><strong>Classement g\u00e9n\u00e9ral du Tour de France Femmes apr\u00e8s la 8e \u00e9tape, courue samedi entre Chamb\u00e9ry et Col de la Madeleine<\/strong> :<\/p>\n<p>                                    <a class=\"fig-a11y-skip a11y-hidden\" href=\"#fig-a11y-skip-main-inarticle\"><br \/>\n        Passer la publicit\u00e9<br \/>\n    <\/a><\/p>\n<p class=\"fig-paragraph\">1. <strong>Pauline Ferrand-Pr\u00e9vot (FRA\/TVL)<\/strong> 26 h 16:11.<\/p>\n<p class=\"fig-paragraph\">2. Sarah Gigante (AUS\/AGS) \u00e0 2:37.<\/p>\n<p class=\"fig-paragraph\">3. Demi Vollering (NED\/FDJ &#8211; SUEZ) 3:18.<\/p>\n<p class=\"fig-paragraph\">4. Katarzyna Niewiadoma (POL\/CSR) 3:40.<\/p>\n<p class=\"fig-paragraph\">5. <strong>C\u00e9drine Kerbaol (FRA\/EFC)<\/strong> 4:11.<\/p>\n<p>                                    <a class=\"fig-a11y-skip a11y-hidden\" href=\"#fig-a11y-skip-main-inarticle_mtf\"><br \/>\n        Passer la publicit\u00e9<br \/>\n    <\/a><\/p>\n<p class=\"fig-paragraph\">6. Pauliena Rooijakkers (NED\/FED) 4:26.<\/p>\n<p class=\"fig-paragraph\">7. Dominika Wlodarczyk (POL\/ALE) 5:02.<\/p>\n<p class=\"fig-paragraph\">8. Niamh Fisher-Black (NZL\/TFS) 5:52.<\/p>\n<p class=\"fig-paragraph\">9. <strong>\u00c9vita Muzic (FRA\/FDJ &#8211; SUEZ)<\/strong> 5:58.<\/p>\n<p class=\"fig-paragraph\">10. <strong>Juliette Labous (FRA\/FDJ &#8211; SUEZ)<\/strong> 7:14.<\/p>\n<p>                                    <a class=\"fig-a11y-skip a11y-hidden\" href=\"#fig-a11y-skip-main-inarticle_btf\"><br \/>\n        Passer la publicit\u00e9<br \/>\n    <\/a><\/p>\n<p class=\"fig-paragraph\">&#8230;<\/p>\n","protected":false},"excerpt":{"rendered":"Vainqueure de la huiti\u00e8me \u00e9tape ce samedi, la Fran\u00e7aise dispose d\u2019une confortable avance au classement g\u00e9n\u00e9ral \u00e0 la&hellip;\n","protected":false},"author":2,"featured_media":291967,"comment_status":"","ping_status":"","sticky":false,"template":"","format":"standard","meta":{"footnotes":""},"categories":[4],"tags":[11,1011,27,12,25,210],"class_list":{"0":"post-291966","1":"post","2":"type-post","3":"status-publish","4":"format-standard","5":"has-post-thumbnail","7":"category-france","8":"tag-actualites","9":"tag-fr","10":"tag-france","11":"tag-news","12":"tag-republique-francaise","13":"tag-tour-de-france"},"share_on_mastodon":{"url":"https:\/\/pubeurope.com\/@fr\/114960649662393456","error":""},"_links":{"self":[{"href":"https:\/\/www.europesays.com\/fr\/wp-json\/wp\/v2\/posts\/291966","targetHints":{"allow":["GET"]}}],"collection":[{"href":"https:\/\/www.europesays.com\/fr\/wp-json\/wp\/v2\/posts"}],"about":[{"href":"https:\/\/www.europesays.com\/fr\/wp-json\/wp\/v2\/types\/post"}],"author":[{"embeddable":true,"href":"https:\/\/www.europesays.com\/fr\/wp-json\/wp\/v2\/users\/2"}],"replies":[{"embeddable":true,"href":"https:\/\/www.europesays.com\/fr\/wp-json\/wp\/v2\/comments?post=291966"}],"version-history":[{"count":0,"href":"https:\/\/www.europesays.com\/fr\/wp-json\/wp\/v2\/posts\/291966\/revisions"}],"wp:featuredmedia":[{"embeddable":true,"href":"https:\/\/www.europesays.com\/fr\/wp-json\/wp\/v2\/media\/291967"}],"wp:attachment":[{"href":"https:\/\/www.europesays.com\/fr\/wp-json\/wp\/v2\/media?parent=291966"}],"wp:term":[{"taxonomy":"category","embeddable":true,"href":"https:\/\/www.europesays.com\/fr\/wp-json\/wp\/v2\/categories?post=291966"},{"taxonomy":"post_tag","embeddable":true,"href":"https:\/\/www.europesays.com\/fr\/wp-json\/wp\/v2\/tags?post=291966"}],"curies":[{"name":"wp","href":"https:\/\/api.w.org\/{rel}","templated":true}]}}