{"id":291970,"date":"2025-08-02T18:45:15","date_gmt":"2025-08-02T18:45:15","guid":{"rendered":"https:\/\/www.europesays.com\/fr\/291970\/"},"modified":"2025-08-02T18:45:15","modified_gmt":"2025-08-02T18:45:15","slug":"fensco-2025-beach-volley-garcons-tambacounda-sadjuge-la-medaille-dor","status":"publish","type":"post","link":"https:\/\/www.europesays.com\/fr\/291970\/","title":{"rendered":"FENSCO 2025 &#8211; Beach Volley (Gar\u00e7ons) : Tambacounda s\u2019adjuge la m\u00e9daille d\u2019or !"},"content":{"rendered":"<p class=\"p1\">Tambacounda a remport\u00e9 la m\u00e9daille d\u2019or du FENSC0 2025 dans la discipline du Beach Volley \u2013 Gar\u00e7ons apr\u00e8s sa victoire devant Pikine \u2013 Gu\u00e9diawaye.<\/p>\n<p class=\"p1\">Si chez les Filles, Tambacounda a termin\u00e9 \u00e0 la troisi\u00e8me marche du podium, chez les Gar\u00e7ons ladite inspection d\u2019acad\u00e9mie a remport\u00e9 l\u2019or en s\u2019imposant sur le score de 2 sets \u00e0 0 devant Pikine \u2013 Gu\u00e9diawaye. <\/p>\n<p class=\"p1\">Tambacounda cl\u00f4ture ainsi en beaut\u00e9 un tournoi r\u00e9ussi de bout en bout puisqu\u2019apr\u00e8s avoir r\u00e9ussi le carton plein en phase de poules, l\u2019\u00e9quipe a \u00e9limin\u00e9 tour \u00e0 tour Kolda (2 sets \u00e0 0) et Ziguinchor (2 sets \u00e0 1) en demi-finale. <\/p>\n<p class=\"p1\">\u00c0 noter que Ziguinchor a battu Saint-Louis dans le match pour la troisi\u00e8me place.<\/p>\n<p class=\"p1\"><strong>Podium Beach Volley (Filles)<\/strong><\/p>\n<p class=\"p1\">1- Tambacounda<\/p>\n<p class=\"p1\">2- Pikine \u2013 Gu\u00e9diawaye <\/p>\n<p class=\"p1\">3- Ziguinchor<\/p>\n<p class=\"p1\">Wiwsport.com<\/p>\n","protected":false},"excerpt":{"rendered":"Tambacounda a remport\u00e9 la m\u00e9daille d\u2019or du FENSC0 2025 dans la discipline du Beach Volley \u2013 Gar\u00e7ons apr\u00e8s&hellip;\n","protected":false},"author":2,"featured_media":291971,"comment_status":"","ping_status":"","sticky":false,"template":"","format":"standard","meta":{"footnotes":""},"categories":[1417],"tags":[1011,27,60,1470,1469],"class_list":{"0":"post-291970","1":"post","2":"type-post","3":"status-publish","4":"format-standard","5":"has-post-thumbnail","7":"category-volley","8":"tag-fr","9":"tag-france","10":"tag-sports","11":"tag-volley","12":"tag-volleyball"},"share_on_mastodon":{"url":"https:\/\/pubeurope.com\/@fr\/114960657496779180","error":""},"_links":{"self":[{"href":"https:\/\/www.europesays.com\/fr\/wp-json\/wp\/v2\/posts\/291970","targetHints":{"allow":["GET"]}}],"collection":[{"href":"https:\/\/www.europesays.com\/fr\/wp-json\/wp\/v2\/posts"}],"about":[{"href":"https:\/\/www.europesays.com\/fr\/wp-json\/wp\/v2\/types\/post"}],"author":[{"embeddable":true,"href":"https:\/\/www.europesays.com\/fr\/wp-json\/wp\/v2\/users\/2"}],"replies":[{"embeddable":true,"href":"https:\/\/www.europesays.com\/fr\/wp-json\/wp\/v2\/comments?post=291970"}],"version-history":[{"count":0,"href":"https:\/\/www.europesays.com\/fr\/wp-json\/wp\/v2\/posts\/291970\/revisions"}],"wp:featuredmedia":[{"embeddable":true,"href":"https:\/\/www.europesays.com\/fr\/wp-json\/wp\/v2\/media\/291971"}],"wp:attachment":[{"href":"https:\/\/www.europesays.com\/fr\/wp-json\/wp\/v2\/media?parent=291970"}],"wp:term":[{"taxonomy":"category","embeddable":true,"href":"https:\/\/www.europesays.com\/fr\/wp-json\/wp\/v2\/categories?post=291970"},{"taxonomy":"post_tag","embeddable":true,"href":"https:\/\/www.europesays.com\/fr\/wp-json\/wp\/v2\/tags?post=291970"}],"curies":[{"name":"wp","href":"https:\/\/api.w.org\/{rel}","templated":true}]}}