{"id":291974,"date":"2025-08-02T18:47:15","date_gmt":"2025-08-02T18:47:15","guid":{"rendered":"https:\/\/www.europesays.com\/fr\/291974\/"},"modified":"2025-08-02T18:47:15","modified_gmt":"2025-08-02T18:47:15","slug":"atp-stefanos-tsitsipas-a-propos-de-roger-federer-je-naurais-jamais-imagine-pleurer-pour-quelquun-dautre-que-moi-dans-le-monde-du-tennis","status":"publish","type":"post","link":"https:\/\/www.europesays.com\/fr\/291974\/","title":{"rendered":"ATP > Stefanos Tsitsipas, \u00e0 propos de Roger Federer : \u00ab\u00a0Je n&rsquo;aurais jamais imagin\u00e9 pleurer pour quelqu\u2019un d&rsquo;autre que moi dans le monde du tennis\u00a0\u00bb"},"content":{"rendered":"<p>Au cours d\u2019une inter\u00adview r\u00e9alis\u00e9e avec nos confr\u00e8res de <a href=\"https:\/\/www.tennis365.com\/tennis-news\/stefanos-tsitsipas-cried-roger-federer-farewell\" data-wpel-link=\"external\" target=\"_blank\" rel=\"nofollow external noopener\">Tennis 365<\/a> avant Wimbledon, Stefanos Tsitsipas est revenu sur la retraite de Roger Federer lors de la fameuse soir\u00e9e de la Laver Cup, le 15 septembre 2022. Un moment \u00e9mou\u00advant pour tout le monde et notam\u00adment pour le Grec, qui s\u2019est surpris lui\u2010m\u00eame.\u00a0<\/p>\n<p><strong>\u00ab\u202fC\u2019\u00e9tait une semaine incroyable. C\u2019\u00e9tait une semaine pleine d\u2019\u00e9mo\u00adtions. J\u2019ai d\u2019ailleurs pleur\u00e9 cette lors de cette soir\u00e9e. Je n\u2019au\u00adrais jamais imagin\u00e9 pleurer pour quelqu\u2019un d\u2019autre que moi dans le monde du tennis. J\u2019ai donc r\u00e9fl\u00e9chi ce soir\u2010l\u00e0 \u00e0 la fa\u00e7on dont mon r\u00eave a commenc\u00e9, \u00e0 la fa\u00e7on dont j\u2019ai admir\u00e9 Roger. Puis j\u2019\u00e9tais l\u00e0 quand il a pris sa retraite. Je le savais. Cela m\u2019a donc rendu \u00e9motif.\u202f\u00bb<\/strong><\/p>\n<p class=\"post-published-date\" style=\"color: silver; font-size: 75%; text-align: left;\">Publi\u00e9 le samedi 2 ao\u00fbt 2025 \u00e0 18:18<\/p>\n","protected":false},"excerpt":{"rendered":"Au cours d\u2019une inter\u00adview r\u00e9alis\u00e9e avec nos confr\u00e8res de Tennis 365 avant Wimbledon, Stefanos Tsitsipas est revenu sur&hellip;\n","protected":false},"author":2,"featured_media":291975,"comment_status":"","ping_status":"","sticky":false,"template":"","format":"standard","meta":{"footnotes":""},"categories":[1415],"tags":[2199,1011,27,60,1467,5443],"class_list":{"0":"post-291974","1":"post","2":"type-post","3":"status-publish","4":"format-standard","5":"has-post-thumbnail","7":"category-tennis","8":"tag-federer","9":"tag-fr","10":"tag-france","11":"tag-sports","12":"tag-tennis","13":"tag-tsitsipas"},"share_on_mastodon":{"url":"https:\/\/pubeurope.com\/@fr\/114960665335771277","error":""},"_links":{"self":[{"href":"https:\/\/www.europesays.com\/fr\/wp-json\/wp\/v2\/posts\/291974","targetHints":{"allow":["GET"]}}],"collection":[{"href":"https:\/\/www.europesays.com\/fr\/wp-json\/wp\/v2\/posts"}],"about":[{"href":"https:\/\/www.europesays.com\/fr\/wp-json\/wp\/v2\/types\/post"}],"author":[{"embeddable":true,"href":"https:\/\/www.europesays.com\/fr\/wp-json\/wp\/v2\/users\/2"}],"replies":[{"embeddable":true,"href":"https:\/\/www.europesays.com\/fr\/wp-json\/wp\/v2\/comments?post=291974"}],"version-history":[{"count":0,"href":"https:\/\/www.europesays.com\/fr\/wp-json\/wp\/v2\/posts\/291974\/revisions"}],"wp:featuredmedia":[{"embeddable":true,"href":"https:\/\/www.europesays.com\/fr\/wp-json\/wp\/v2\/media\/291975"}],"wp:attachment":[{"href":"https:\/\/www.europesays.com\/fr\/wp-json\/wp\/v2\/media?parent=291974"}],"wp:term":[{"taxonomy":"category","embeddable":true,"href":"https:\/\/www.europesays.com\/fr\/wp-json\/wp\/v2\/categories?post=291974"},{"taxonomy":"post_tag","embeddable":true,"href":"https:\/\/www.europesays.com\/fr\/wp-json\/wp\/v2\/tags?post=291974"}],"curies":[{"name":"wp","href":"https:\/\/api.w.org\/{rel}","templated":true}]}}