{"id":291976,"date":"2025-08-02T18:49:28","date_gmt":"2025-08-02T18:49:28","guid":{"rendered":"https:\/\/www.europesays.com\/fr\/291976\/"},"modified":"2025-08-02T18:49:28","modified_gmt":"2025-08-02T18:49:28","slug":"grand-prix-de-la-motogp-ditalie-a-quelle-heure-et-sur-quelle-chaine-regarder-la-course-en-direct","status":"publish","type":"post","link":"https:\/\/www.europesays.com\/fr\/291976\/","title":{"rendered":"Grand Prix\u2122 de la MotoGP\u2122 d\u2019Italie : \u00e0 quelle heure et sur quelle cha\u00eene regarder la course en direct ?"},"content":{"rendered":"<p class=\"paragraph text_align_left lp-f-body-02\">Ce dimanche, les pilotes en lice s\u2019affrontent sur l\u2019autodromo internazionale del Mugello, une piste qui s\u2019\u00e9tend sur 5, 25 kilom\u00e8tres. Le trac\u00e9, l\u2019un des plus longs de la saison, dispose de quinze virages et d\u2019une ligne droite de 1 141 m\u00e8tres. Les encha\u00eenements de courbes rapides et de secteurs lents mettent \u00e0 rude \u00e9preuve les concurrents et les motos. En 2024, Jorge Martin a \u00e9tabli le record du circuit et la meilleure pole. De son c\u00f4t\u00e9, Pol Espargaro est parvenu \u00e0 franchir les 366 km\/h sur le circuit. Au classement 2025, on retrouve Marc Marquez sur la plus haute marche du podium (233 points). L\u2019Espagnol devance Alex Marquez (201 points) et Francesco Bagnaia (140 points). Quant aux Fran\u00e7ais Johann Zarco et Fabio Quartararo, ils occupent respectivement la sixi\u00e8me et la dixi\u00e8me position. En Italie, le pilote CASTROL Honda LCR va tout faire pour d\u00e9crocher une seconde victoire, et se rapprocher du trio de t\u00eate. Dans ces lignes, on vous dit \u00e0 quelle heure et sur quelle cha\u00eene regarder le Grand Prix\u2122 de la MotoGP\u2122 d\u2019Italie, en direct ce dimanche apr\u00e8s-midi.<\/p>\n<p class=\"paragraph text_align_left lp-f-body-02\">Le Grand Prix\u2122 de la MotoGP\u2122 d\u2019Italie est diffus\u00e9 ce dimanche 22 juin, en direct sur <a href=\"https:\/\/bit.ly\/3PyYcNS\" target=\"_blank\" rel=\"sponsored nofollow noopener\">la cha\u00eene CANAL+<\/a>. Le d\u00e9part de la course est pr\u00e9vu \u00e0 14 heures, sur l\u2019autodromo internazionale del Mugello. Les commentateurs vous donnent rendez-vous quelques minutes avant le coup d\u2019envoi pour faire le point sur les forces en vigueur et les derni\u00e8res actualit\u00e9s du championnat. Ils d\u00e9cryptent ensuite les performances des pilotes et analysent les r\u00e9sultats. \u00c0 l\u2019issue de la course, vous assistez \u00e0 la remise des troph\u00e9es et au d\u00e9brief.<\/p>\n","protected":false},"excerpt":{"rendered":"Ce dimanche, les pilotes en lice s\u2019affrontent sur l\u2019autodromo internazionale del Mugello, une piste qui s\u2019\u00e9tend sur 5,&hellip;\n","protected":false},"author":2,"featured_media":291977,"comment_status":"","ping_status":"","sticky":false,"template":"","format":"standard","meta":{"footnotes":""},"categories":[1413],"tags":[1011,27,1982,749,1457,1456,1458,60,6718],"class_list":{"0":"post-291976","1":"post","2":"type-post","3":"status-publish","4":"format-standard","5":"has-post-thumbnail","7":"category-moto","8":"tag-fr","9":"tag-france","10":"tag-grand-prix","11":"tag-guide-shopping","12":"tag-moto","13":"tag-motocycle","14":"tag-motogp","15":"tag-sports","16":"tag-tv-streaming"},"share_on_mastodon":{"url":"https:\/\/pubeurope.com\/@fr\/114960673213068337","error":""},"_links":{"self":[{"href":"https:\/\/www.europesays.com\/fr\/wp-json\/wp\/v2\/posts\/291976","targetHints":{"allow":["GET"]}}],"collection":[{"href":"https:\/\/www.europesays.com\/fr\/wp-json\/wp\/v2\/posts"}],"about":[{"href":"https:\/\/www.europesays.com\/fr\/wp-json\/wp\/v2\/types\/post"}],"author":[{"embeddable":true,"href":"https:\/\/www.europesays.com\/fr\/wp-json\/wp\/v2\/users\/2"}],"replies":[{"embeddable":true,"href":"https:\/\/www.europesays.com\/fr\/wp-json\/wp\/v2\/comments?post=291976"}],"version-history":[{"count":0,"href":"https:\/\/www.europesays.com\/fr\/wp-json\/wp\/v2\/posts\/291976\/revisions"}],"wp:featuredmedia":[{"embeddable":true,"href":"https:\/\/www.europesays.com\/fr\/wp-json\/wp\/v2\/media\/291977"}],"wp:attachment":[{"href":"https:\/\/www.europesays.com\/fr\/wp-json\/wp\/v2\/media?parent=291976"}],"wp:term":[{"taxonomy":"category","embeddable":true,"href":"https:\/\/www.europesays.com\/fr\/wp-json\/wp\/v2\/categories?post=291976"},{"taxonomy":"post_tag","embeddable":true,"href":"https:\/\/www.europesays.com\/fr\/wp-json\/wp\/v2\/tags?post=291976"}],"curies":[{"name":"wp","href":"https:\/\/api.w.org\/{rel}","templated":true}]}}