{"id":291987,"date":"2025-08-02T18:55:21","date_gmt":"2025-08-02T18:55:21","guid":{"rendered":"https:\/\/www.europesays.com\/fr\/291987\/"},"modified":"2025-08-02T18:55:21","modified_gmt":"2025-08-02T18:55:21","slug":"le-top-5-des-livres-a-mettre-dans-sa-valise-cet-ete-selon-actu-fr","status":"publish","type":"post","link":"https:\/\/www.europesays.com\/fr\/291987\/","title":{"rendered":"le top 5 des livres \u00e0 mettre dans sa valise cet \u00e9t\u00e9, selon actu.fr"},"content":{"rendered":"<p>            Par<br \/>\n        <strong><br \/>\n            <a href=\"https:\/\/actu.fr\/auteur\/alexandra-segond\" title=\"Consulter tous les articles de Alexandra Segond\" rel=\"nofollow noopener\" target=\"_blank\">Alexandra Segond<\/a><br \/>\n        <\/strong><\/p>\n<p>        Publi\u00e9 le<\/p>\n<p>            2 ao\u00fbt 2025 \u00e0 19h02        <\/p>\n<p>Entre les cours, le travail, les <a href=\"https:\/\/actu.fr\/loisirs-culture\" rel=\"nofollow noopener\" target=\"_blank\">loisirs<\/a> ou encore la vie de <a href=\"https:\/\/actu.fr\/tag\/famille\" rel=\"nofollow noopener\" target=\"_blank\">famille<\/a>, il n\u2019est pas toujours simple de se<strong> d\u00e9gager du temps pour lire<\/strong>. Raison pour laquelle, d\u2019apr\u00e8s\u00a0<a href=\"https:\/\/www.ipsos.com\/fr-fr\/35-des-francais-lisent-davantage-durant-leurs-vacances-dete\" rel=\"nofollow noopener\" target=\"_blank\">un sondage Ipsos pour la Fondation Vinci Autoroutes<\/a>, plus d\u2019un tiers des Fran\u00e7ais profitent de leurs vacances d\u2019\u00e9t\u00e9 pour bouquiner davantage.<\/p>\n<p class=\" wall-content\">Et vous, si vous deviez recommander <strong>LE livre \u00e0 prendre dans sa valise cet \u00e9t\u00e9<\/strong>\u2009? Pas simple de choisir\u2026 Si vous cherchez des id\u00e9es pour les <a href=\"https:\/\/actu.fr\/tag\/vacances-scolaires\" rel=\"nofollow noopener\" target=\"_blank\">vacances<\/a>, \u00e7a tombe bien\u2009: la r\u00e9dac\u2019 d\u2019actu.fr a choisi ses cinq livres incontournables.<\/p>\n<p>L\u00e9a\u2009: Loin d\u2019Alexis Michalik<\/p>\n<p class=\" wall-content\">Si quand les beaux jours arrivent, vous \u00eates particuli\u00e8rement friand de bouquins sans prise de t\u00eate, dont l\u2019histoire vous embarque imm\u00e9diatement, vous allez adorer Loin d\u2019Alexis Michalik. On conna\u00eet plut\u00f4t les pi\u00e8ces de th\u00e9\u00e2tre du metteur en sc\u00e8ne \u00e0 succ\u00e8s, et pourtant, Alexis Michalik a aussi une \u00e2me de romancier.<\/p>\n<p class=\" wall-content\"><a href=\"https:\/\/www.instagram.com\/p\/CXgvJC2o8B6\/embed\" title=\"Ouvrir le lien sur Instagram\" rel=\"nofollow noopener\" target=\"_blank\">Visualiser le contenu sur Instagram<\/a><\/p>\n<p class=\" wall-content\">Dans ce premier roman, il raconte <strong>avec humour et une plume<\/strong> ac\u00e9r\u00e9e la qu\u00eate g\u00e9n\u00e9alogique d\u2019Antoine, qui n\u2019a jamais connu son p\u00e8re. Loin, c\u2019est donc un road-movie captivant qui raconte le p\u00e9riple du h\u00e9ros sur les routes de l\u2019ex-Allemagne de l\u2019Est jusqu\u2019\u00e0 la Turquie, en passant par la G\u00e9orgie, accompagn\u00e9 de son meilleur pote (tr\u00e8s dr\u00f4le) et de sa s\u0153ur (compl\u00e8tement barr\u00e9e).<\/p>\n<p class=\" wall-content\">Loin a tout pour \u00eatre le roman d\u2019\u00e9t\u00e9 parfait\u2009: <strong>on rit, on laisse tomber une larmichette, on est suspendus aux pages suivantes<\/strong> tant le suspens est amen\u00e9 finement\u2026 Bref, on ne l\u00e2che pas ce bouquin hyper rafra\u00eechissant\u2009!<\/p>\n<p>Cl\u00e9mence\u2009: Sur la route, le rouleau original de Jack Kerouac<br \/>\n    <img   decoding=\"async\" loading=\"lazy\" src=\"https:\/\/www.europesays.com\/fr\/wp-content\/uploads\/2025\/08\/clemence-recommandations-lecture-top-5-livre-ete-redaction-redac-actufr-960x640.jpeg\" alt=\"\" width=\"960\" height=\"640\"\/><br \/>\n    \u00ab\u2009Sur la route\u2009\u00bb de Jack Kerouac, c\u2019est l\u2019un des livres pr\u00e9f\u00e9r\u00e9s de Cl\u00e9mence \u2013 et sa recommandation pour cet \u00e9t\u00e9. (\u00a9CP \/ actu.fr)<\/p>\n<p class=\" wall-content\">Ma rencontre avec Sur la route a commenc\u00e9 par l\u2019adaptation cin\u00e9matographique r\u00e9alis\u00e9e par Walter Salles, que j\u2019ai vue \u00e0 14\u00a0ans. L\u2019histoire de ces personnages <strong>un peu perdus dans leur vie, en qu\u00eate d\u2019aventures et accro \u00e0 la route<\/strong>, m\u2019a donn\u00e9 envie d\u2019en savoir plus et de d\u00e9couvrir le roman qui l\u2019a inspir\u00e9.<\/p>\n<p class=\" wall-content\">Alors, \u00e0 15\u00a0ans, j\u2019ai jet\u00e9 mon d\u00e9volu sur le livre de Jack Kerouac. Depuis, il ne m\u2019a plus jamais quitt\u00e9. Pour l\u2019anecdote, l\u2019\u00e9dition que j\u2019ai \u2013 parue en 2010 \u2013 reprend la premi\u00e8re version du roman \u00e9crite par l\u2019auteur en 1951. La l\u00e9gende raconte qu\u2019il l\u2019a r\u00e9dig\u00e9e en trois semaines, durant une p\u00e9riode de convalescence.<\/p>\n<p class=\" wall-content\">Pour ne pas interrompre le flot de ses pens\u00e9es et de son inspiration, Jack Kerouac a scotch\u00e9 plusieurs feuilles les unes aux autres pour cr\u00e9er un rouleau, lui \u00e9vitant ainsi de remettre du papier dans sa machine \u00e0 \u00e9crire. Le r\u00e9sultat\u2009? Un tapuscrit de 36\u00a0m\u00e8tres de long et <strong>une \u00e9criture fr\u00e9n\u00e9tique, parfois po\u00e9tique<\/strong>. Un livre \u00e0 d\u00e9vorer sans mod\u00e9ration\u2009!<\/p>\n<p>Martin\u2009: Les aventures de Picsou, Donald et compagnie<br \/>\n    <img   decoding=\"async\" loading=\"lazy\" src=\"https:\/\/www.europesays.com\/fr\/wp-content\/uploads\/2025\/08\/super-picsou-geant-martin-livre-lecture-magazine-ete-recommandations-top-5-redaction-redac-actufr-96.png\" alt=\"Des exemplaires de Super Picsou G\u00e9ant, la lecture de l'\u00e9t\u00e9 recommand\u00e9e par Martin.\" width=\"960\" height=\"640\"\/><br \/>\n    Des exemplaires de Super Picsou G\u00e9ant, la lecture de l\u2019\u00e9t\u00e9 recommand\u00e9e par Martin. (\u00a9ML \/ actu.fr)<\/p>\n<p class=\" wall-content\">Pour certains, l\u2019\u00e9t\u00e9 rime avec <a href=\"https:\/\/actu.fr\/loisirs-culture\/comment-le-sudoku-est-devenu-plus-populaire-que-les-mots-croises-et-fleches_44189419.html\" rel=\"nofollow noopener\" target=\"_blank\">mots crois\u00e9s<\/a> ou grand thriller bourr\u00e9 de suspense. Pour moi, le soleil et la plage, c\u2019est synonyme de lecture d\u2019un Super Picsou G\u00e9ant\u00a0ou d\u2019un <a href=\"https:\/\/www.instagram.com\/p\/DKNU-ZstE4Y\/\" rel=\"nofollow noopener\" target=\"_blank\">Journal de Mickey<\/a>.<\/p>\n<p class=\" wall-content\">Chaque ann\u00e9e, je replonge dans les aventures des habitants de Donaldville et (re) d\u00e9couvre les frasques de Donald, de ses neveux Riri, Fifi et Loulou, de son <a href=\"https:\/\/actu.fr\/ile-de-france\/pontoise_95500\/pontoise-arnaud-fait-partie-bande-picsou_13400110.html\" rel=\"nofollow noopener\" target=\"_blank\">oncle Picsou<\/a> et de tous les autres\u2009: Daisy, Geo Trouvetou, Powerduck (l\u2019alias super h\u00e9ro\u00efque de Donald), Gontran le chanceux ou encore Popop le gros dormeur.<\/p>\n<p class=\" wall-content\">Lire un Picsou, c\u2019est l\u2019assurance d\u2019\u00eatre transport\u00e9 dans <strong>une aventure loufoque, un brin facile, mais \u00f4 combien divertissante<\/strong>. Et en plus, comme ils contiennent chacun plusieurs histoires, \u00e7a se divise sans probl\u00e8me en plusieurs lectures. Parfait pour l\u2019\u00e9t\u00e9, non\u2009?<\/p>\n<p>Sophie\u2009: Indian Creek de Pete Fromm<br \/>\n    <img   decoding=\"async\" loading=\"lazy\" src=\"https:\/\/www.europesays.com\/fr\/wp-content\/uploads\/2025\/08\/sophie-recommandation-lecture-livres-top-5-redaction-actufr-redac-lire-ete-vacances-960x640.jpg\" alt=\"Pour Sophie, le livre \u00e0 mettre absolument dans sa valise cet \u00e9t\u00e9 est un roman de Pete Fromm.\" width=\"960\" height=\"640\"\/><br \/>\n    Pour Sophie, le livre \u00e0 mettre absolument dans sa valise cet \u00e9t\u00e9 est un roman de Pete Fromm. (\u00a9SP \/ actu.fr)<\/p>\n<p class=\" wall-content\">La <strong>libert\u00e9 \u00e0 l\u2019\u00e9tat pur<\/strong>, qui n\u2019en a jamais r\u00eav\u00e9\u2009? Pete Fromm a une vingtaine d\u2019ann\u00e9es lorsqu\u2019il accepte un poste, un peu par hasard, dans les montagnes de l\u2019Idaho. Pendant sept mois, il devra vivre en solitaire dans une tente, afin de surveiller les saumons d\u2019une rivi\u00e8re pour l\u2019Organisme am\u00e9ricain de r\u00e9glementation de la <a href=\"https:\/\/actu.fr\/tag\/chasse\" rel=\"nofollow noopener\" target=\"_blank\">chasse<\/a> et de la <a href=\"https:\/\/actu.fr\/tag\/peche\" rel=\"nofollow noopener\" target=\"_blank\">p\u00eache<\/a>.<\/p>\n<p class=\" wall-content\">Lui qui a soif d\u2019aventures saute sur l\u2019occasion, sans vraiment r\u00e9fl\u00e9chir \u00e0 ce long hiver qu\u2019il s\u2019appr\u00eate \u00e0 passer seul dans un milieu souvent hostile. Jour apr\u00e8s jour, on suit dans Indian Creek <strong>son apprentissage de la vie en pleine nature<\/strong>, \u00e9maill\u00e9 de r\u00e9ussites et d\u2019\u00e9checs.<\/p>\n<p class=\" wall-content\">Avec beaucoup d\u2019humour, Pete Fromm relate cette exp\u00e9rience qui a marqu\u00e9 un tournant dans sa vie. On la suit avec beaucoup de plaisir, encore plus confortablement install\u00e9 dans son canap\u00e9 ou sur un transat.<\/p>\n<p>Alexandra\u2009: Le Proph\u00e8te de Khalil Gibran<br \/>\n    <img   decoding=\"async\" loading=\"lazy\" src=\"https:\/\/www.europesays.com\/fr\/wp-content\/uploads\/2025\/08\/le-prophete-khalil-gibran-lovre-livres-lecture-recommandations-bouquins-top-5-redaction-redac-actufr.jpeg\" alt=\"Pour appr\u00e9cier la beaut\u00e9 des mots (je vous conseille une seconde lecture \u00e0 voix haute d'ailleurs), je vous recommande Le Proph\u00e8te de Khalil Gibran.\" width=\"960\" height=\"640\"\/><br \/>\n    Pour appr\u00e9cier la beaut\u00e9 des mots (je vous conseille une seconde lecture \u00e0 voix haute d\u2019ailleurs), je vous recommande Le Proph\u00e8te de Khalil Gibran. (\u00a9AS \/ actu.fr)<\/p>\n<p class=\" wall-content\">Je ne sais pas si je pourrais qualifier ce livre de \u00ab\u2009feel good\u2009\u00bb mais une chose est s\u00fbre\u2009: j\u2019y reviens chaque ann\u00e9e et, \u00e0 chaque lecture du <a href=\"https:\/\/www.instagram.com\/reel\/DLUmtGIOKsd\/\" rel=\"nofollow noopener\" target=\"_blank\">Proph\u00e8te de Khalil Gibran<\/a>, il se passe quelque chose. En fait, <strong>c\u2019est un livre qui se lit trois fois<\/strong>.<\/p>\n<p class=\" wall-content\">La premi\u00e8re lecture, \u00ab\u2009normalement\u2009\u00bb, permet de se plonger dans l\u2019histoire pleine de moralit\u00e9s et de sagesse de ce conte philosophique. La seconde, \u00e0 voix haute, permet d\u2019appr\u00e9cier la beaut\u00e9 des mots et le son des phrases. La troisi\u00e8me, enfin, sert \u00e0 d\u00e9battre sur les le\u00e7ons donn\u00e9es par Khalil Gibran il y a plus de 80\u00a0ans maintenant.<\/p>\n<p class=\" wall-content\">On ne peut pas \u00eatre d\u2019accord avec tout ce qui se dit, mais c\u2019est un petit livre facile \u00e0 glisser dans sa valise, facile \u00e0 balader dans son sac de plage ou de rando, facile et rapide \u00e0 lire, mais surtout facile \u00e0 partager. Id\u00e9al pour les vacances, non\u2009?<\/p>\n<p class=\" wall-content\">Suivez toute l\u2019actualit\u00e9 de vos villes et m\u00e9dias favoris en vous inscrivant \u00e0 <a href=\"https:\/\/moncompte.actu.fr\" title=\"D\u00e9couvez Mon Actu\" rel=\"nofollow noopener\" data-trk=\"{&quot;cta&quot;:{&quot;action&quot;:&quot;https:\\\/\\\/moncompte.actu.fr&quot;,&quot;category&quot;:&quot;mon compte&quot;,&quot;from&quot;:&quot;article footer&quot;,&quot;name&quot;:&quot;Mon actu&quot;,&quot;type&quot;:&quot;cta&quot;}}\" target=\"_blank\">Mon Actu<\/a>.<\/p>\n<p>                    <script async src=\"\/\/www.instagram.com\/embed.js\"><\/script><\/p>\n","protected":false},"excerpt":{"rendered":"Par Alexandra Segond Publi\u00e9 le 2 ao\u00fbt 2025 \u00e0 19h02 Entre les cours, le travail, les loisirs ou&hellip;\n","protected":false},"author":2,"featured_media":167997,"comment_status":"","ping_status":"","sticky":false,"template":"","format":"standard","meta":{"footnotes":""},"categories":[1357],"tags":[13153,1379,58,59,1011,27,1380,1652,3176],"class_list":{"0":"post-291987","1":"post","2":"type-post","3":"status-publish","4":"format-standard","5":"has-post-thumbnail","7":"category-livres","8":"tag-bande-dessinee","9":"tag-books","10":"tag-divertissement","11":"tag-entertainment","12":"tag-fr","13":"tag-france","14":"tag-livres","15":"tag-loisirs-culture","16":"tag-vacances-scolaires"},"share_on_mastodon":{"url":"https:\/\/pubeurope.com\/@fr\/114960696939491528","error":""},"_links":{"self":[{"href":"https:\/\/www.europesays.com\/fr\/wp-json\/wp\/v2\/posts\/291987","targetHints":{"allow":["GET"]}}],"collection":[{"href":"https:\/\/www.europesays.com\/fr\/wp-json\/wp\/v2\/posts"}],"about":[{"href":"https:\/\/www.europesays.com\/fr\/wp-json\/wp\/v2\/types\/post"}],"author":[{"embeddable":true,"href":"https:\/\/www.europesays.com\/fr\/wp-json\/wp\/v2\/users\/2"}],"replies":[{"embeddable":true,"href":"https:\/\/www.europesays.com\/fr\/wp-json\/wp\/v2\/comments?post=291987"}],"version-history":[{"count":0,"href":"https:\/\/www.europesays.com\/fr\/wp-json\/wp\/v2\/posts\/291987\/revisions"}],"wp:featuredmedia":[{"embeddable":true,"href":"https:\/\/www.europesays.com\/fr\/wp-json\/wp\/v2\/media\/167997"}],"wp:attachment":[{"href":"https:\/\/www.europesays.com\/fr\/wp-json\/wp\/v2\/media?parent=291987"}],"wp:term":[{"taxonomy":"category","embeddable":true,"href":"https:\/\/www.europesays.com\/fr\/wp-json\/wp\/v2\/categories?post=291987"},{"taxonomy":"post_tag","embeddable":true,"href":"https:\/\/www.europesays.com\/fr\/wp-json\/wp\/v2\/tags?post=291987"}],"curies":[{"name":"wp","href":"https:\/\/api.w.org\/{rel}","templated":true}]}}