{"id":291989,"date":"2025-08-02T18:57:17","date_gmt":"2025-08-02T18:57:17","guid":{"rendered":"https:\/\/www.europesays.com\/fr\/291989\/"},"modified":"2025-08-02T18:57:17","modified_gmt":"2025-08-02T18:57:17","slug":"tas-grandi-dans-les-annees-2000-si-tu-reconnais-ces-5-chansons-des-la-premiere-phrase","status":"publish","type":"post","link":"https:\/\/www.europesays.com\/fr\/291989\/","title":{"rendered":"t&rsquo;as grandi dans les ann\u00e9es 2000 si tu reconnais ces 5 chansons d\u00e8s la premi\u00e8re phrase"},"content":{"rendered":"<p><p><a href=\"https:\/\/www.serieously.com\" rel=\"nofollow noopener\" target=\"_blank\">Accueil<\/a> &gt; <a href=\"https:\/\/www.serieously.com\/quiz\/\" rel=\"nofollow noopener\" target=\"_blank\">Quiz<\/a> &gt; Quiz : t\u2019as grandi dans les ann\u00e9es 2000 si tu reconnais ces 5 chansons d\u00e8s la premi\u00e8re phrase<\/p>\n<\/p>\n<p class=\"o-article__published-by o-article__bullets\">\n            Publi\u00e9 le<br \/>\n                        2 ao\u00fbt 2025 \u00e0 12 h 00<\/p>\n<p>             Par<br \/>\n                <a href=\"https:\/\/www.serieously.com\/author\/alexis\/\" rel=\"nofollow noopener\" target=\"_blank\">Alexis<br \/>\n                    Savona<\/a><\/p>\n<p><strong>Il est temps de plonger en plein coeur des ann\u00e9es 2000 et de r\u00e9\u00e9couter les tubes de cette d\u00e9cennie. Dans ce quiz, tu dois deviner 5 chansons gr\u00e2ce \u00e0 leur premi\u00e8re phrase. Prends ton micro et donne tout !<\/strong><\/p>\n<p>Quel tube des ann\u00e9es 2000 commence avec cette phrase ?<\/p>\n<p>\t\t\t\t\t<img decoding=\"async\" src=\"https:\/\/www.europesays.com\/fr\/wp-content\/uploads\/2025\/08\/paroles-mika-annees-2000.jpg\" alt=\"\u00a9 Canva\" width=\"400\" height=\"225\" loading=\"lazy\" style=\"aspect-ratio: 16\/9; object-fit: cover;\"\/><\/p>\n<p>\u00a9 Canva<\/p>\n<p>Ce sont les premi\u00e8res paroles du tube Relax (Take It Easy) de Mika.<\/p>\n<p>Quel tube des ann\u00e9es 2000 commence avec cette phrase ?<\/p>\n<p>\t\t\t\t\t<img decoding=\"async\" src=\"https:\/\/www.europesays.com\/fr\/wp-content\/uploads\/2025\/08\/paroles-calogero-passi-face-a-la-mer-annees-2000.jpg\" alt=\"\u00a9 Canva\" width=\"400\" height=\"225\" loading=\"lazy\" style=\"aspect-ratio: 16\/9; object-fit: cover;\"\/><\/p>\n<p>\u00a9 Canva<\/p>\n<p>Ce sont les premi\u00e8res paroles du tube Face \u00e0 la mer de Calogero et Passi.<\/p>\n<p>Quel tube des ann\u00e9es 2000 commence avec cette phrase ?<\/p>\n<p>\t\t\t\t\t<img decoding=\"async\" src=\"https:\/\/www.europesays.com\/fr\/wp-content\/uploads\/2025\/08\/paroles-taylor-swift-love-story-annees-2000.jpg\" alt=\"\u00a9 Canva\" width=\"400\" height=\"225\" loading=\"lazy\" style=\"aspect-ratio: 16\/9; object-fit: cover;\"\/><\/p>\n<p>\u00a9 Canva<\/p>\n<p>Ce sont les premi\u00e8res paroles de Love Story, sign\u00e9 Taylor Swift !<\/p>\n<p>Quel tube des ann\u00e9es 2000 commence avec cette phrase ?<\/p>\n<p>\t\t\t\t\t<img decoding=\"async\" src=\"https:\/\/www.europesays.com\/fr\/wp-content\/uploads\/2025\/08\/paroles-l5-toutes-les-femmes-de-ta-vie-annees-2000.jpg\" alt=\"\u00a9 Canva\" width=\"400\" height=\"225\" loading=\"lazy\" style=\"aspect-ratio: 16\/9; object-fit: cover;\"\/><\/p>\n<p>\u00a9 Canva<\/p>\n<p>Ce sont les paroles du tombe Toutes les femmes de ta vie des L5.<\/p>\n<p>Quel tube des ann\u00e9es 2000 commence avec cette phrase ?<\/p>\n<p>\t\t\t\t\t<img decoding=\"async\" src=\"https:\/\/www.europesays.com\/fr\/wp-content\/uploads\/2025\/08\/paroles-hot-n-cold-katy-perry-annees-2000.jpg\" alt=\"\u00a9 Canva\" width=\"400\" height=\"225\" loading=\"lazy\" style=\"aspect-ratio: 16\/9; object-fit: cover;\"\/><\/p>\n<p>\u00a9 Canva<\/p>\n<p>Ce sont les paroles de Hot N Cold de Katy Perry.<\/p>\n<p class=\"o-quiz__result-title\">T&rsquo;as grandi dans les ann\u00e9es 2000<\/p>\n<p class=\"o-quiz__result-subtitle\">Tu as obtenu un score de [[ score ]]\/[[ questions ]]<\/p>\n<p>\t\t\t\t\t\t\t\t\t<img decoding=\"async\" src=\"https:\/\/www.europesays.com\/fr\/wp-content\/uploads\/2025\/04\/resultat-quiz-bravo.jpg\" alt=\"T'as grandi dans les ann\u00e9es 2000\" width=\"768\" height=\"432\" loading=\"lazy\"\/><\/p>\n<p>Tes musiques pr\u00e9f\u00e9r\u00e9es sont issues des ann\u00e9es 2000. Tu les connais tellement que t\u2019es capable de les reconna\u00eetre d\u00e8s la premi\u00e8re phrase. M\u00eame d\u00e8s la premi\u00e8re note !<\/p>\n<p>On te propose maintenant de faire nos autres quiz sur les <a href=\"https:\/\/www.serieously.com\/tag\/annees-2000\/\" target=\"_blank\" rel=\"noopener nofollow\" aria-label=\"\">ann\u00e9es 2000<\/a>.<\/p>\n<p class=\"o-quiz__result-title\">T&rsquo;adores les tubes des ann\u00e9es 2000<\/p>\n<p class=\"o-quiz__result-subtitle\">Tu as obtenu un score de [[ score ]]\/[[ questions ]]<\/p>\n<p>\t\t\t\t\t\t\t\t\t<img decoding=\"async\" src=\"https:\/\/www.europesays.com\/fr\/wp-content\/uploads\/2025\/04\/resultat-quiz-pas-mal.jpg\" alt=\"T'adores les tubes des ann\u00e9es 2000\" width=\"768\" height=\"432\" loading=\"lazy\"\/><\/p>\n<p>Tu adores les musiques des ann\u00e9es 2000. Lorsque tu les entends, une vague de nostalgie s\u2019empare de toi. Ce n\u2019est pas un sans-faute, mais sois fier de ton score !<\/p>\n<p>On te propose maintenant de faire nos autres quiz sur les <a href=\"https:\/\/www.serieously.com\/tag\/annees-2000\/\" target=\"_blank\" rel=\"noopener nofollow\" aria-label=\"\">ann\u00e9es 2000<\/a>.<\/p>\n<p class=\"o-quiz__result-title\">Revois tes classiques&#8230;<\/p>\n<p class=\"o-quiz__result-subtitle\">Tu as obtenu un score de [[ score ]]\/[[ questions ]]<\/p>\n<p>\t\t\t\t\t\t\t\t\t<img decoding=\"async\" src=\"https:\/\/www.europesays.com\/fr\/wp-content\/uploads\/2025\/04\/resultat-quiz-rate.jpg\" alt=\"Revois tes classiques...\" width=\"768\" height=\"432\" loading=\"lazy\"\/><\/p>\n<p>Tu connais sans doute les tubes issus des ann\u00e9es 2000, mais ce ne sont pas tes chansons pr\u00e9f\u00e9r\u00e9es. Du moins, pas au point de les reconna\u00eetre d\u00e8s la premi\u00e8re phrase.<\/p>\n<p>On te propose maintenant de faire nos autres quiz sur les <a href=\"https:\/\/www.serieously.com\/tag\/annees-2000\/\" target=\"_blank\" rel=\"noopener nofollow\" aria-label=\"\">ann\u00e9es 2000<\/a>.<\/p>\n<p>\t\tRecommencer le quiz<\/p>\n<p>\t\t\t<img decoding=\"async\" src=\"https:\/\/www.europesays.com\/fr\/wp-content\/uploads\/2025\/08\/alexis-savona-serieously.jpg\" alt=\"Alexis Savona\" width=\"70\" height=\"70\" loading=\"lazy\"\/><\/p>\n<p class=\"m-user__name\">Alexis Savona<\/p>\n<p class=\"m-user__job\">R\u00e9dacteur en chef adjoint <\/p>\n<p class=\"m-user__description\">R\u00e9dacteur en chef adjoint chez Serieously, je suis un tr\u00e8s grand fan de films et s\u00e9ries depuis mon plus jeune \u00e2ge. J&rsquo;ai grandi avec Retour Vers le Futur, qui est aujourd&rsquo;hui mon film pr\u00e9f\u00e9r\u00e9, mais aussi les Disney et Jumanji. Je voue aussi une grande passion pour How I Met Your Mother.<\/p>\n<p>\n\t\t\t\t\t\t\t\t\t\t\t\t@alexisanovas<br \/>\n\t\t\t\t\t\t\t\t\t\t\t\t\t\t\t\t\t\t\tContacter<br \/>\n\t\t\t\t\t\tAlexis\n\t\t\t\t\t\t\t\t\t<\/p>\n<p>Lundi&rsquo;spensable<\/p>\n<p class=\"mt-4 mb-4 text-xl text-center\">Le meilleur de <\/p>\n<p> dans ta boite mail<\/p>\n","protected":false},"excerpt":{"rendered":"Accueil &gt; Quiz &gt; Quiz : t\u2019as grandi dans les ann\u00e9es 2000 si tu reconnais ces 5 chansons&hellip;\n","protected":false},"author":2,"featured_media":291990,"comment_status":"","ping_status":"","sticky":false,"template":"","format":"standard","meta":{"footnotes":""},"categories":[1355],"tags":[58,59,1011,27,1361,873],"class_list":{"0":"post-291989","1":"post","2":"type-post","3":"status-publish","4":"format-standard","5":"has-post-thumbnail","7":"category-musique","8":"tag-divertissement","9":"tag-entertainment","10":"tag-fr","11":"tag-france","12":"tag-music","13":"tag-musique"},"share_on_mastodon":{"url":"https:\/\/pubeurope.com\/@fr\/114960705083278421","error":""},"_links":{"self":[{"href":"https:\/\/www.europesays.com\/fr\/wp-json\/wp\/v2\/posts\/291989","targetHints":{"allow":["GET"]}}],"collection":[{"href":"https:\/\/www.europesays.com\/fr\/wp-json\/wp\/v2\/posts"}],"about":[{"href":"https:\/\/www.europesays.com\/fr\/wp-json\/wp\/v2\/types\/post"}],"author":[{"embeddable":true,"href":"https:\/\/www.europesays.com\/fr\/wp-json\/wp\/v2\/users\/2"}],"replies":[{"embeddable":true,"href":"https:\/\/www.europesays.com\/fr\/wp-json\/wp\/v2\/comments?post=291989"}],"version-history":[{"count":0,"href":"https:\/\/www.europesays.com\/fr\/wp-json\/wp\/v2\/posts\/291989\/revisions"}],"wp:featuredmedia":[{"embeddable":true,"href":"https:\/\/www.europesays.com\/fr\/wp-json\/wp\/v2\/media\/291990"}],"wp:attachment":[{"href":"https:\/\/www.europesays.com\/fr\/wp-json\/wp\/v2\/media?parent=291989"}],"wp:term":[{"taxonomy":"category","embeddable":true,"href":"https:\/\/www.europesays.com\/fr\/wp-json\/wp\/v2\/categories?post=291989"},{"taxonomy":"post_tag","embeddable":true,"href":"https:\/\/www.europesays.com\/fr\/wp-json\/wp\/v2\/tags?post=291989"}],"curies":[{"name":"wp","href":"https:\/\/api.w.org\/{rel}","templated":true}]}}