{"id":291993,"date":"2025-08-02T18:59:10","date_gmt":"2025-08-02T18:59:10","guid":{"rendered":"https:\/\/www.europesays.com\/fr\/291993\/"},"modified":"2025-08-02T18:59:10","modified_gmt":"2025-08-02T18:59:10","slug":"ces-trois-conseils-peuvent-vous-permettre-deloigner-les-moustiques-dapres-une-experte-la-libre-be","status":"publish","type":"post","link":"https:\/\/www.europesays.com\/fr\/291993\/","title":{"rendered":"Ces trois conseils peuvent vous permettre d&#039;\u00e9loigner les moustiques, d&#039;apr\u00e8s une experte &#8211; La Libre.be"},"content":{"rendered":"<ol>\n<li><a href=\"https:\/\/news.google.com\/rss\/articles\/CBMi-gFBVV95cUxQdE41UjRtOXVuWDlrUGpLRVRpcGpreWFSdGV1U1NnejVURkhvX1BvWkZrTjU2aUJNQUNRZ2JLellKbEswUjJWTlhYUUJsbnI5RXkxYVExcFAySEN0aXhCT3hRR1RRbXhJRmZwR2xwM19XWDBGbWU4S0lsYVlFUEx6TWotT1FJLXRGRlNOVW9lLXZmLVd0bTVDemhIelUyUzM0ekFaUmVmREI0MFRUazVjTXIyeG50YmFDSVFOVGxlWnJ5VUZLWVp3dU8xUGI3bHRnUWdtbEZsVGhiOWJtd21TUndDdllXeUI0MHR3LTZKa0E2dWRHVFhsOE5n?oc=5\" target=\"_blank\" rel=\"nofollow noopener\">Ces trois conseils peuvent vous permettre d&rsquo;\u00e9loigner les moustiques, d&rsquo;apr\u00e8s une experte<\/a>&nbsp;&nbsp;La Libre.be<\/li>\n<li><a href=\"https:\/\/news.google.com\/rss\/articles\/CBMi7wFBVV95cUxNd2thS1RaTFc1NGlZZlRBTG9MWVVBa2tlVHRfLUJvQklKQlJUcTh6T0VDNUs4em1TelI5WEE1OWl5eE51RlpYYWppSXhmMDBPQmhFUEd6eDFlY0h6Qi1VUFFTSzBTc3E4anVWa25COWJvbnFDOGt6ZU05OTJfMS1QTDNvZTcyRk9rYXl3V3lubU83NjQxenZfcThVUzV6MXFGM0VaTTJld1RPQ0ZSeUZIS2FPWUEzRVZwLUtkWmFIc2E5bFF0c0J5UTR1U25oREtTRWpyUlRXVEN0bGc5VGRTSF9CMm1OMEJyX3diRHdCbw?oc=5\" target=\"_blank\" rel=\"nofollow noopener\">\u00ab Ils me piquent toujours moi, pas les autres \u00bb : ce que dit la science sur le choix des moustiques<\/a>&nbsp;&nbsp;Charente Libre<\/li>\n<li><a href=\"https:\/\/news.google.com\/rss\/articles\/CBMiuAFBVV95cUxPeVM4Ul9NZXo4djlMMDdvdjZ5b3AtaFl4ellXQ2ZDdWdUc0F6SjBIaW1RTENOS3p0a3RPN1BMMnVUeW9IRDhkUjJCNGdSR29Cb1V5R3NCYnpUbHQ1MjlBdFAxUm9xWjMxQnMzTEJOeHhETWIwRld4M0tZeXdfdFAxSEVDRV9DbE92WW02R3VvWkdIRnhYTC0tWGdBU1ZSYzdrcFZ4OW1JSXVuNG1oc1hfdFU3M1BtcXVJ?oc=5\" target=\"_blank\" rel=\"nofollow noopener\">Sant\u00e9: pourquoi les piq\u00fbres de moustiques nous d\u00e9mangent autant ?<\/a>&nbsp;&nbsp;BFMTV<\/li>\n<li><a href=\"https:\/\/news.google.com\/rss\/articles\/CBMihgJBVV95cUxNY3VFYmZpdU52Rmd4d1JpamJfbmNXMGZoeHNnMERjUnZRcWNfSFVHOVlvSUxnUDRCWEpTWEZ3ZFU3XzZiV3ZWTGZlclpERG1BZWhfZWt0ZjNiUGh3QmdmdGJYRkw1ZU1FMDFwaWRUXzVCd0cxV2FPYlhMb0RqSktLaXNzejBKWGlvdWtWTzQ5T1I1V19iNnFHdHpjdE9CbG1kc3VKMHFkMWNvcXc5Qko0TmdyeVU0Y0hWU0pnaFVvWURPUVBMaUtIZFEyeTd0R1BtTFgyWS1qSzdBNjgxQU11U1ZCV3VILVNtLTZLcVMtNXJ4NHdseFJTQUU4bjFzSy16enE4SXdn?oc=5\" target=\"_blank\" rel=\"nofollow noopener\">Vous allez enfin manger dehors cet \u00e9t\u00e9 sans vous faire piquer par les moustiques gr\u00e2ce \u00e0 l&rsquo;astuce de la bouteille d&rsquo;eau<\/a>&nbsp;&nbsp;Marmiton<\/li>\n<li><a href=\"https:\/\/news.google.com\/rss\/articles\/CBMingFBVV95cUxOWFhzVmNNRzNSazl2QnV1bDNZMU4zOG82aHowNWFMOHNRenpqMXlFWGUtcUt4TnFJb3JKTFJ6SVhWeEExd1NCamhhU0lmUmd4VElhdjB0TVZfOXpKb2pET3BtLURsYWJVTEd5dEwtd3F6clFPeU9WdTRTcGEzdTZaR1VyRkQ4c08xS0FiOHNjb3ZFSG5URUtzbDlodVZXUQ?oc=5\" target=\"_blank\" rel=\"nofollow noopener\">Incroyables petites b\u00eates : le pipiens qui pique<\/a>&nbsp;&nbsp;Sud Ouest<\/li>\n<\/ol>\n","protected":false},"excerpt":{"rendered":"Ces trois conseils peuvent vous permettre d&rsquo;\u00e9loigner les moustiques, d&rsquo;apr\u00e8s une experte&nbsp;&nbsp;La Libre.be \u00ab Ils me piquent toujours&hellip;\n","protected":false},"author":2,"featured_media":1445,"comment_status":"","ping_status":"","sticky":false,"template":"","format":"standard","meta":{"footnotes":""},"categories":[10],"tags":[1011,27,72,71],"class_list":{"0":"post-291993","1":"post","2":"type-post","3":"status-publish","4":"format-standard","5":"has-post-thumbnail","7":"category-sante","8":"tag-fr","9":"tag-france","10":"tag-health","11":"tag-sante"},"share_on_mastodon":{"url":"https:\/\/pubeurope.com\/@fr\/114960712560810922","error":""},"_links":{"self":[{"href":"https:\/\/www.europesays.com\/fr\/wp-json\/wp\/v2\/posts\/291993","targetHints":{"allow":["GET"]}}],"collection":[{"href":"https:\/\/www.europesays.com\/fr\/wp-json\/wp\/v2\/posts"}],"about":[{"href":"https:\/\/www.europesays.com\/fr\/wp-json\/wp\/v2\/types\/post"}],"author":[{"embeddable":true,"href":"https:\/\/www.europesays.com\/fr\/wp-json\/wp\/v2\/users\/2"}],"replies":[{"embeddable":true,"href":"https:\/\/www.europesays.com\/fr\/wp-json\/wp\/v2\/comments?post=291993"}],"version-history":[{"count":0,"href":"https:\/\/www.europesays.com\/fr\/wp-json\/wp\/v2\/posts\/291993\/revisions"}],"wp:featuredmedia":[{"embeddable":true,"href":"https:\/\/www.europesays.com\/fr\/wp-json\/wp\/v2\/media\/1445"}],"wp:attachment":[{"href":"https:\/\/www.europesays.com\/fr\/wp-json\/wp\/v2\/media?parent=291993"}],"wp:term":[{"taxonomy":"category","embeddable":true,"href":"https:\/\/www.europesays.com\/fr\/wp-json\/wp\/v2\/categories?post=291993"},{"taxonomy":"post_tag","embeddable":true,"href":"https:\/\/www.europesays.com\/fr\/wp-json\/wp\/v2\/tags?post=291993"}],"curies":[{"name":"wp","href":"https:\/\/api.w.org\/{rel}","templated":true}]}}