{"id":291994,"date":"2025-08-02T19:00:13","date_gmt":"2025-08-02T19:00:13","guid":{"rendered":"https:\/\/www.europesays.com\/fr\/291994\/"},"modified":"2025-08-02T19:00:13","modified_gmt":"2025-08-02T19:00:13","slug":"en-direct-football-suivez-cagliari","status":"publish","type":"post","link":"https:\/\/www.europesays.com\/fr\/291994\/","title":{"rendered":"En direct Football. Suivez Cagliari"},"content":{"rendered":"<p>&#13;<br \/>\n                                                    En direct&#13;<br \/>\n                        &#13;\n                                            <\/p>\n<p>Pour son dernier match de pr\u00e9paration, l&rsquo;ASSE se rend en Italie pour d\u00e9fier Cagliari. L&rsquo;occasion pour les Verts de peaufiner les derniers r\u00e9glages avant la reprise du championnat \u00e0 Laval samedi prochain (20h). Et d&rsquo;esp\u00e9rer repartir de Sardaigne avec un troph\u00e9e. Cette rencontre fait office de\u00a0finale du troph\u00e9e Gigi Riva, figure du football italien. Cagliari a ainsi d\u00e9cid\u00e9 d&rsquo;inviter l&rsquo;ASSE pour cette premi\u00e8re \u00e9dition, en souvenir \u00e0 son match europ\u00e9en face aux St\u00e9phanois en 1970\/1971, le premier de l&rsquo;histoire du club sarde.<\/p>\n<p>&#13;<br \/>\n              Arthur Collot &#8211; &#13;<br \/>\n        &#13;<br \/>\n          Aujourd&rsquo;hui \u00e0 20:00&#13;<br \/>\n    &#13;<br \/>\n                  | mis \u00e0 jour aujourd&rsquo;hui \u00e0 20:52&#13;<br \/>\n              &#8211; Temps de lecture : &#13;<br \/>\n  &#13;\n<\/p>\n<p>                        &#13;<br \/>\n    &#13;<br \/>\n    &#13;<br \/>\n    <a href=\"https:\/\/cdn-s-www.leprogres.fr\/images\/715E7F90-F0DD-413D-920E-9A4446162124\/NW_raw\/buteur-en-fin-de-rencontre-face-au-servette-fc-augustine-boakye-est-pour-l-heure-le-dernier-buteur-stephanois-de-cette-preparation-photo-charly-jurine-1754150171.jpg\" title=\"Buteur en fin de rencontre face au Servette FC, Augustine Boakye est, pour l&#039;heure, le dernier buteur st\u00e9phanois de cette pr\u00e9paration. Photo Charly Jurine\" class=\"chocolat-image GA-tracking\" data-ga_type=\"click\" data-ga_category=\"D\u00e9tail\" data-ga_action=\"zoomer\" data-ga_label=\"aggrandir image\" target=\"_blank\" rel=\"noopener\">&#13;<br \/>\n        <img src=\"https:\/\/www.europesays.com\/fr\/wp-content\/uploads\/2025\/08\/buteur-en-fin-de-rencontre-face-au-servette-fc-augustine-boakye-est-pour-l-heure-le-dernier-buteur-s.jpeg\"   alt=\"Buteur en fin de rencontre face au Servette FC, Augustine Boakye est, pour l'heure, le dernier buteur st\u00e9phanois de cette pr\u00e9paration. Photo Charly Jurine\" fetchpriority=\"high\" decoding=\"async\" data-mobile=\"NW_detail_M|1754150171\" data-base=\"NW_detail|1754150171\"\/>&#13;<br \/>\n    <\/a>&#13;<\/p>\n<p>Buteur en fin de rencontre face au Servette FC, Augustine Boakye est, pour l&rsquo;heure, le dernier buteur st\u00e9phanois de cette pr\u00e9paration. Photo Charly Jurine<\/p>\n","protected":false},"excerpt":{"rendered":"&#13; En direct&#13; &#13; Pour son dernier match de pr\u00e9paration, l&rsquo;ASSE se rend en Italie pour d\u00e9fier Cagliari.&hellip;\n","protected":false},"author":2,"featured_media":291995,"comment_status":"","ping_status":"","sticky":false,"template":"","format":"standard","meta":{"footnotes":""},"categories":[9],"tags":[4000,7539,107,63,1011,27,4002,3367,4001,517,60],"class_list":{"0":"post-291994","1":"post","2":"type-post","3":"status-publish","4":"format-standard","5":"has-post-thumbnail","7":"category-sports","8":"tag-asse-as-saint-etienne-football","9":"tag-edition-loire-sud","10":"tag-fil-info","11":"tag-football","12":"tag-fr","13":"tag-france","14":"tag-haute-loire","15":"tag-loire","16":"tag-saint-etienne","17":"tag-sport","18":"tag-sports"},"share_on_mastodon":{"url":"https:\/\/pubeurope.com\/@fr\/114960716525419392","error":""},"_links":{"self":[{"href":"https:\/\/www.europesays.com\/fr\/wp-json\/wp\/v2\/posts\/291994","targetHints":{"allow":["GET"]}}],"collection":[{"href":"https:\/\/www.europesays.com\/fr\/wp-json\/wp\/v2\/posts"}],"about":[{"href":"https:\/\/www.europesays.com\/fr\/wp-json\/wp\/v2\/types\/post"}],"author":[{"embeddable":true,"href":"https:\/\/www.europesays.com\/fr\/wp-json\/wp\/v2\/users\/2"}],"replies":[{"embeddable":true,"href":"https:\/\/www.europesays.com\/fr\/wp-json\/wp\/v2\/comments?post=291994"}],"version-history":[{"count":0,"href":"https:\/\/www.europesays.com\/fr\/wp-json\/wp\/v2\/posts\/291994\/revisions"}],"wp:featuredmedia":[{"embeddable":true,"href":"https:\/\/www.europesays.com\/fr\/wp-json\/wp\/v2\/media\/291995"}],"wp:attachment":[{"href":"https:\/\/www.europesays.com\/fr\/wp-json\/wp\/v2\/media?parent=291994"}],"wp:term":[{"taxonomy":"category","embeddable":true,"href":"https:\/\/www.europesays.com\/fr\/wp-json\/wp\/v2\/categories?post=291994"},{"taxonomy":"post_tag","embeddable":true,"href":"https:\/\/www.europesays.com\/fr\/wp-json\/wp\/v2\/tags?post=291994"}],"curies":[{"name":"wp","href":"https:\/\/api.w.org\/{rel}","templated":true}]}}