{"id":291996,"date":"2025-08-02T19:01:09","date_gmt":"2025-08-02T19:01:09","guid":{"rendered":"https:\/\/www.europesays.com\/fr\/291996\/"},"modified":"2025-08-02T19:01:09","modified_gmt":"2025-08-02T19:01:09","slug":"apres-leviction-de-caroline-ithurbide-et-albert-spano-de-la-matinale-de-rfm-et-apres-avoir-fait-passer-de-nombreux-castings-cest-finalement-un-comedien-tres-connu-qui-va-reprendre-le-7h-10h-de-la-s","status":"publish","type":"post","link":"https:\/\/www.europesays.com\/fr\/291996\/","title":{"rendered":"Apr\u00e8s l&rsquo;\u00e9viction de Caroline Ithurbide et Albert Spano de la matinale de RFM et apr\u00e8s avoir fait passer de nombreux castings, c&rsquo;est finalement un com\u00e9dien tr\u00e8s connu qui va reprendre le 7h\/10h de la station en septembre !"},"content":{"rendered":"<p>La direction de RFM avait fait savoir au mois de juin dernier \u00e0 Caroline Ithurbide et Albert Spano qu&rsquo;elle ne souhaitait pas poursuivre avec eux la matinale de la station du Groupe Lagard\u00e8re et s&rsquo;\u00e9tait mis en chasse depuis pour trouver l&rsquo;oiseau rare qui allait pouvoir animer la matinale de la station.\u00a0<\/p>\n<p>Plusieurs personnalit\u00e9s ont donc fait des tests pour cette matinale de RFM et plusieurs noms sont d&rsquo;ailleurs sortis dans la presse comme ceux de\u00a0\u00a0\u00c9lisa Tovati, Vincent Cerutti, Pascale de la Tour du Pin et Cartman.<\/p>\n<p>A noter \u00e9galement que la matinale avait \u00e9t\u00e9 propos\u00e9e \u00e0 Jean-Luc Reichmann, mais <strong>selon nos informations<\/strong>, celui-ci avait refus\u00e9, selon nos informations exclusives, en raison de son emploi qui l&rsquo;oblige a enregistrer son jeu de TF1 plusieurs jours par mois, mais \u00e9galement en raison du tournage de la s\u00e9rie L\u00e9o Mattei qui l&rsquo;oblige \u00e0 vivre \u00e0 Marseille au moins 4 mois dans l&rsquo;ann\u00e9e de septembre \u00e0 d\u00e9cembre.<\/p>\n<p>Ai final, c&rsquo;est donc <strong>Philippe Lellouche<\/strong> qui a \u00e9t\u00e9 choisi pour animer ce rendez clef dans une station de radio, selon les informations r\u00e9v\u00e9l\u00e9es par nos confr\u00e8res de Voici et confirm\u00e9es par plusieurs m\u00e9dias.\u00a0\u00a0<\/p>\n<p>Philippe Lellouche, 59 ans, avait d\u00e9marr\u00e9 sa carri\u00e8re apr\u00e8s des \u00e9tudes de journalisme, en pr\u00e9sentant une \u00e9mission humoristique sur France Inter en 1992. On l&rsquo;avait vu \u00e9galement comme\u00a0animateur \u00e0 la t\u00e9l\u00e9vision, pr\u00e9sentant l\u2019\u00e9mission \u00ab Top Gear France \u00bb sur RMC D\u00e9couverte pendant huit saisons de 2015 \u00e0 2022 avec de tr\u00e8s beaux succ\u00e8s d&rsquo;audiences.<\/p>\n<p>A noter que le Groupe Lagard\u00e8re avait \u00e9galement modifi\u00e9 sa matinale sur son autre radio musicale, Europe 2, il y a quelques semaines, en \u00e9cartant Benjamin Castaldi et en recrutant Cauet dont les r\u00e9sultats, au dernier sondage m\u00e9diam\u00e9trie sont en nette hausse.<\/p>\n<p>Souhaitons le m\u00eame succ\u00e8s \u00e0 Philippe Lellouche.<\/p>\n<p>\u00a0<\/p>\n<p>\u00a0<\/p>\n","protected":false},"excerpt":{"rendered":"La direction de RFM avait fait savoir au mois de juin dernier \u00e0 Caroline Ithurbide et Albert Spano&hellip;\n","protected":false},"author":2,"featured_media":291997,"comment_status":"","ping_status":"","sticky":false,"template":"","format":"standard","meta":{"footnotes":""},"categories":[8],"tags":[58,59,1011,27,43220,34518,1825,8106],"class_list":{"0":"post-291996","1":"post","2":"type-post","3":"status-publish","4":"format-standard","5":"has-post-thumbnail","7":"category-divertissement","8":"tag-divertissement","9":"tag-entertainment","10":"tag-fr","11":"tag-france","12":"tag-lagardere-active","13":"tag-matinale","14":"tag-radio","15":"tag-rfm"},"share_on_mastodon":{"url":"https:\/\/pubeurope.com\/@fr\/114960720445069840","error":""},"_links":{"self":[{"href":"https:\/\/www.europesays.com\/fr\/wp-json\/wp\/v2\/posts\/291996","targetHints":{"allow":["GET"]}}],"collection":[{"href":"https:\/\/www.europesays.com\/fr\/wp-json\/wp\/v2\/posts"}],"about":[{"href":"https:\/\/www.europesays.com\/fr\/wp-json\/wp\/v2\/types\/post"}],"author":[{"embeddable":true,"href":"https:\/\/www.europesays.com\/fr\/wp-json\/wp\/v2\/users\/2"}],"replies":[{"embeddable":true,"href":"https:\/\/www.europesays.com\/fr\/wp-json\/wp\/v2\/comments?post=291996"}],"version-history":[{"count":0,"href":"https:\/\/www.europesays.com\/fr\/wp-json\/wp\/v2\/posts\/291996\/revisions"}],"wp:featuredmedia":[{"embeddable":true,"href":"https:\/\/www.europesays.com\/fr\/wp-json\/wp\/v2\/media\/291997"}],"wp:attachment":[{"href":"https:\/\/www.europesays.com\/fr\/wp-json\/wp\/v2\/media?parent=291996"}],"wp:term":[{"taxonomy":"category","embeddable":true,"href":"https:\/\/www.europesays.com\/fr\/wp-json\/wp\/v2\/categories?post=291996"},{"taxonomy":"post_tag","embeddable":true,"href":"https:\/\/www.europesays.com\/fr\/wp-json\/wp\/v2\/tags?post=291996"}],"curies":[{"name":"wp","href":"https:\/\/api.w.org\/{rel}","templated":true}]}}