{"id":292041,"date":"2025-08-02T19:34:20","date_gmt":"2025-08-02T19:34:20","guid":{"rendered":"https:\/\/www.europesays.com\/fr\/292041\/"},"modified":"2025-08-02T19:34:20","modified_gmt":"2025-08-02T19:34:20","slug":"lille3000-fiesta-exposition-baile-funk-un-cri-de-liberte-a-la-maison-folie-wazemmes-jusquau-21-septembre-2025","status":"publish","type":"post","link":"https:\/\/www.europesays.com\/fr\/292041\/","title":{"rendered":"[lille3000 &#8211; Fiesta] Exposition \u00ab\u00a0Baile Funk &#8211; Un cri de libert\u00e9\u00a0\u00bb \u00e0 la Maison Folie Wazemmes jusqu&rsquo;au 21 septembre 2025"},"content":{"rendered":"<p style=\"text-align: justify;\"><strong>Jusqu\u2019au dimanche 21 septembre 2025,<\/strong> <strong>la Maison Folie Wazemmes <\/strong>propose <strong>l\u2019exposition<\/strong> <strong>\u00ab\u00a0Baile Funk \u2013 Un cri de libert\u00e9\u00a0\u00bb.<\/strong><\/p>\n<p style=\"text-align: justify;\">Expo \u00ab\u00a0Baile Funk \u2013 Un cri de libert\u00e9\u00a0\u00bb\u00a0<br \/><strong>L\u2019exposition phare<\/strong> du <strong>Museu de Arte de Rio<\/strong> fait escale \u00e0 la <strong>Maison Folie Wazemmes de Lille<\/strong> pour <strong>mettre en lumi\u00e8re l\u2019histoire du funk en explorant ses sonorit\u00e9s, ses compositeurs<\/strong> et<strong> son \u00e9volution perp\u00e9tuelle.<\/strong><\/p>\n<tr>\n<td class=\"has-text-align-center\" data-align=\"center\"><a href=\"https:\/\/www.europesays.com\/fr\/wp-content\/uploads\/2025\/08\/art_baile_funk_02-scaled.jpg\" target=\"_blank\" rel=\"noreferrer noopener\"><img loading=\"lazy\" decoding=\"async\" width=\"2560\" height=\"1708\" class=\"wp-image-86317\" style=\"width: 500px;\" src=\"https:\/\/www.europesays.com\/fr\/wp-content\/uploads\/2025\/08\/art_baile_funk_02-scaled.jpg\" alt=\"\"  \/><\/a><\/td>\n<td><a href=\"https:\/\/www.europesays.com\/fr\/wp-content\/uploads\/2025\/08\/art_baile_funk_04-scaled.jpg\" target=\"_blank\" rel=\"noreferrer noopener\"><img loading=\"lazy\" decoding=\"async\" width=\"2560\" height=\"1708\" class=\"wp-image-86319\" style=\"width: 500px;\" src=\"https:\/\/www.europesays.com\/fr\/wp-content\/uploads\/2025\/08\/art_baile_funk_04-scaled.jpg\" alt=\"\"  \/><\/a><\/td>\n<\/tr>\n<p style=\"text-align: justify;\">Cette exposition retrace la <strong>gen\u00e8se du funk carioca, <\/strong>non seulement <strong>\u00e0 travers sa musique,<\/strong> mais aussi en d\u00e9voilant ses <strong>racines culturelles urbaines<\/strong> et <strong>p\u00e9riph\u00e9riques.<\/strong> Elle s\u2019int\u00e9resse \u00e0 la <strong>richesse des dimensions sociales<\/strong> et <strong>communautaires, <\/strong>tout <strong>en analysant ses \u00e9volutions esth\u00e9tiques, politiques<\/strong> et<strong> \u00e9conomiques. <\/strong>L\u2019exposition interroge \u00e9galement l\u2019imaginaire collectif forg\u00e9 autour de ce <strong>genre musical embl\u00e9matique.<\/strong><\/p>\n<tr>\n<td class=\"has-text-align-center\" data-align=\"center\"><a href=\"https:\/\/www.europesays.com\/fr\/wp-content\/uploads\/2025\/08\/art_baile_funk_03-scaled.jpg\" target=\"_blank\" rel=\"noreferrer noopener\"><img decoding=\"async\" loading=\"lazy\" width=\"2560\" height=\"1708\" class=\"wp-image-86318\" style=\"width: 500px;\" src=\"https:\/\/www.europesays.com\/fr\/wp-content\/uploads\/2025\/08\/art_baile_funk_03-scaled.jpg\" alt=\"\"  \/><\/a><\/td>\n<td class=\"has-text-align-center\" data-align=\"center\"><a href=\"https:\/\/www.europesays.com\/fr\/wp-content\/uploads\/2025\/08\/art_baile_funk_06-scaled.jpg\" target=\"_blank\" rel=\"noreferrer noopener\"><img decoding=\"async\" loading=\"lazy\" width=\"2560\" height=\"1708\" class=\"wp-image-86321\" style=\"width: 500px;\" src=\"https:\/\/www.europesays.com\/fr\/wp-content\/uploads\/2025\/08\/art_baile_funk_06-scaled.jpg\" alt=\"\"  \/><\/a><\/td>\n<\/tr>\n<p style=\"text-align: justify;\">Le<strong> public plonge au c\u0153ur de l\u2019histoire du funk<\/strong> en revenant sur les <strong>influences de la soul,<\/strong> <strong>import\u00e9e au Br\u00e9sil dans les ann\u00e9es 1970-1980, <\/strong>ou encore des <strong>bailes de favela, f\u00eates populaires des quartiers, <\/strong>aujourd\u2019hui <strong>l\u2019un des plus grands moteurs de la production artistique au Br\u00e9sil.<\/strong><\/p>\n<tr>\n<td class=\"has-text-align-center\" data-align=\"center\"><a href=\"https:\/\/www.europesays.com\/fr\/wp-content\/uploads\/2025\/08\/art_baile_funk_05-scaled.jpg\" target=\"_blank\" rel=\"noreferrer noopener\"><img decoding=\"async\" loading=\"lazy\" width=\"2560\" height=\"1708\" class=\"wp-image-86320\" style=\"width: 500px;\" src=\"https:\/\/www.europesays.com\/fr\/wp-content\/uploads\/2025\/08\/art_baile_funk_05-scaled.jpg\" alt=\"\"  \/><\/a><\/td>\n<td><a href=\"https:\/\/www.europesays.com\/fr\/wp-content\/uploads\/2025\/08\/art_baile_funk_07-scaled.jpg\" target=\"_blank\" rel=\"noreferrer noopener\"><img decoding=\"async\" loading=\"lazy\" width=\"2560\" height=\"1708\" class=\"wp-image-86322\" style=\"width: 500px;\" src=\"https:\/\/www.europesays.com\/fr\/wp-content\/uploads\/2025\/08\/art_baile_funk_07-scaled.jpg\" alt=\"\"  \/><\/a><\/td>\n<\/tr>\n<p style=\"text-align: justify;\">Cette exposition explore la <strong>pr\u00e9sence du funk dans diverses pratiques culturelles. <\/strong>Plus particuli\u00e8rement dans le <strong>domaine des arts visuels, <\/strong>pour lesquels le <strong>funk <\/strong>a \u00e9t\u00e9<strong> une r\u00e9f\u00e9rence en termes de visibilit\u00e9,<\/strong> de <strong>r\u00e9sistance politique, d\u2019alt\u00e9rit\u00e9<\/strong> et <strong>de forme.<\/strong> Elle pr\u00e9sente <strong>une vari\u00e9t\u00e9 d\u2019objets propres \u00e0 l\u2019histoire du genre musical,<\/strong> associ\u00e9s \u00e0 <strong>une profusion audiovisuelle de sons,<\/strong> de<strong> voix<\/strong> et de <strong>gestes.<\/strong> Ainsi, le <strong>public est invit\u00e9 \u00e0 d\u00e9couvrir l\u2019univers unique du funk<\/strong> <strong>\u00e0 travers toutes ses formes.<\/strong><\/p>\n<p>Photos de l\u2019expo \u00ab\u00a0Baile Funk \u2013 Un cri de libert\u00e9\u00a0\u00bb<\/p>\n<p><strong>Infos pratiques<\/strong><br \/><strong><img decoding=\"async\" loading=\"lazy\" class=\"size-full wp-image-45 lazyloaded tie-appear\" src=\"https:\/\/www.europesays.com\/fr\/wp-content\/uploads\/2025\/04\/arrow.png\" alt=\"\" width=\"9\" height=\"9\" data-lazy-src=\"https:\/\/www.europesays.com\/fr\/wp-content\/uploads\/2025\/04\/arrow.png\"\/><\/strong> <strong>Maison Folie Wazemmes<\/strong><br \/>70, rue de Sarrazins \u2013 Lille<\/p>\n<p><strong><img decoding=\"async\" loading=\"lazy\" class=\"size-full wp-image-45 lazyloaded tie-appear\" src=\"https:\/\/www.europesays.com\/fr\/wp-content\/uploads\/2025\/04\/arrow.png\" alt=\"\" width=\"9\" height=\"9\" data-lazy-src=\"https:\/\/www.europesays.com\/fr\/wp-content\/uploads\/2025\/04\/arrow.png\"\/> Horaires : <br \/><\/strong>\u2013 mercredi au dimanche de 14h \u00e0 18h<\/p>\n<p><strong><img decoding=\"async\" loading=\"lazy\" class=\"size-full wp-image-45 lazyloaded tie-appear\" src=\"https:\/\/www.europesays.com\/fr\/wp-content\/uploads\/2025\/04\/arrow.png\" alt=\"\" width=\"9\" height=\"9\" data-lazy-src=\"https:\/\/www.europesays.com\/fr\/wp-content\/uploads\/2025\/04\/arrow.png\"\/> Tarif : <\/strong>gratuit<\/p>\n<p><strong><b><img decoding=\"async\" loading=\"lazy\" class=\"size-full wp-image-45 lazyloaded tie-appear\" src=\"https:\/\/www.europesays.com\/fr\/wp-content\/uploads\/2025\/04\/1743937991_452_arrow.png\" alt=\"\" width=\"9\" height=\"9\" data-lazy-src=\"https:\/\/www.europesays.com\/fr\/wp-content\/uploads\/2025\/04\/1743937991_452_arrow.png\"\/><\/b><\/strong> <a href=\"https:\/\/lille3000.com\/\" target=\"_blank\" rel=\"noopener\">Site internet de lille3000<\/a><\/p>\n<p><strong><b><img decoding=\"async\" loading=\"lazy\" class=\"size-full wp-image-45 lazyloaded tie-appear\" src=\"https:\/\/www.europesays.com\/fr\/wp-content\/uploads\/2025\/04\/1743937991_452_arrow.png\" alt=\"\" width=\"9\" height=\"9\" data-lazy-src=\"https:\/\/www.europesays.com\/fr\/wp-content\/uploads\/2025\/04\/1743937991_452_arrow.png\"\/><\/b><\/strong> <a href=\"https:\/\/www.zoomsurlille.fr\/tag\/fiesta\" target=\"_blank\" rel=\"noreferrer noopener\">D\u00e9couvrez nos articles sur FIESTA<\/a><\/p>\n<p>\u00a0<\/p>\n<p class=\"has-text-align-right\">Source : lille3000 \u2013 Photos : \u00a9 Zoom Sur Lille<\/p>\n","protected":false},"excerpt":{"rendered":"Jusqu\u2019au dimanche 21 septembre 2025, la Maison Folie Wazemmes propose l\u2019exposition \u00ab\u00a0Baile Funk \u2013 Un cri de libert\u00e9\u00a0\u00bb.&hellip;\n","protected":false},"author":2,"featured_media":292042,"comment_status":"","ping_status":"","sticky":false,"template":"","format":"standard","meta":{"footnotes":""},"categories":[2815],"tags":[1111,11,43223,1777,674,3293,3274,1011,27,811,1307,3276,9714,12,25,43224],"class_list":{"0":"post-292041","1":"post","2":"type-post","3":"status-publish","4":"format-standard","5":"has-post-thumbnail","7":"category-lille","8":"tag-actu","9":"tag-actualites","10":"tag-baile-funk","11":"tag-eu","12":"tag-europe","13":"tag-exposition","14":"tag-fiesta","15":"tag-fr","16":"tag-france","17":"tag-hauts-de-france","18":"tag-lille","19":"tag-lille3000","20":"tag-maison-folie-wazemmes","21":"tag-news","22":"tag-republique-francaise","23":"tag-un-cri-de-liberte"},"share_on_mastodon":{"url":"https:\/\/pubeurope.com\/@fr\/114960850925617679","error":""},"_links":{"self":[{"href":"https:\/\/www.europesays.com\/fr\/wp-json\/wp\/v2\/posts\/292041","targetHints":{"allow":["GET"]}}],"collection":[{"href":"https:\/\/www.europesays.com\/fr\/wp-json\/wp\/v2\/posts"}],"about":[{"href":"https:\/\/www.europesays.com\/fr\/wp-json\/wp\/v2\/types\/post"}],"author":[{"embeddable":true,"href":"https:\/\/www.europesays.com\/fr\/wp-json\/wp\/v2\/users\/2"}],"replies":[{"embeddable":true,"href":"https:\/\/www.europesays.com\/fr\/wp-json\/wp\/v2\/comments?post=292041"}],"version-history":[{"count":0,"href":"https:\/\/www.europesays.com\/fr\/wp-json\/wp\/v2\/posts\/292041\/revisions"}],"wp:featuredmedia":[{"embeddable":true,"href":"https:\/\/www.europesays.com\/fr\/wp-json\/wp\/v2\/media\/292042"}],"wp:attachment":[{"href":"https:\/\/www.europesays.com\/fr\/wp-json\/wp\/v2\/media?parent=292041"}],"wp:term":[{"taxonomy":"category","embeddable":true,"href":"https:\/\/www.europesays.com\/fr\/wp-json\/wp\/v2\/categories?post=292041"},{"taxonomy":"post_tag","embeddable":true,"href":"https:\/\/www.europesays.com\/fr\/wp-json\/wp\/v2\/tags?post=292041"}],"curies":[{"name":"wp","href":"https:\/\/api.w.org\/{rel}","templated":true}]}}