{"id":292047,"date":"2025-08-02T19:37:10","date_gmt":"2025-08-02T19:37:10","guid":{"rendered":"https:\/\/www.europesays.com\/fr\/292047\/"},"modified":"2025-08-02T19:37:10","modified_gmt":"2025-08-02T19:37:10","slug":"mercato-nantes-fait-les-yeux-doux-a-un-indesirable-de-lom","status":"publish","type":"post","link":"https:\/\/www.europesays.com\/fr\/292047\/","title":{"rendered":"Mercato, Nantes fait les yeux doux \u00e0 un ind\u00e9sirable de l&rsquo;OM"},"content":{"rendered":"<p data-testid=\"article-teaser\">Ecart\u00e9 des plans de De Zerbi, un ind\u00e9sirable de l\u2019OM pourrait rebondir \u00e0 Nantes, cet \u00e9t\u00e9. <\/p>\n<p>Le FC Nantes continue de s\u2019agiter en coulisses sur ce mercato estival. Tandis que plusieurs d\u00e9parts majeurs ont d\u00e9j\u00e0 \u00e9t\u00e9 act\u00e9s, d\u2019autres sont \u00e0 craindre dans les prochains jours. Pour se pr\u00e9munir d\u2019un exode en attaque, les Canaris ont d\u00e9j\u00e0 cibl\u00e9 plusieurs profils. L\u2019un d\u2019eux vient de l\u2019Olympique de Marseille et pourrait constituer une solution de repli aussi int\u00e9ressante qu\u2019inattendue.<\/p>\n","protected":false},"excerpt":{"rendered":"Ecart\u00e9 des plans de De Zerbi, un ind\u00e9sirable de l\u2019OM pourrait rebondir \u00e0 Nantes, cet \u00e9t\u00e9. Le FC&hellip;\n","protected":false},"author":2,"featured_media":292048,"comment_status":"","ping_status":"","sticky":false,"template":"","format":"standard","meta":{"footnotes":""},"categories":[2814],"tags":[1111,11,1438,43226,41563,1777,674,43225,22910,1011,27,41561,66,884,43204,43206,1434,766,12,882,25,42914,28401],"class_list":{"0":"post-292047","1":"post","2":"type-post","3":"status-publish","4":"format-standard","5":"has-post-thumbnail","7":"category-marseille","8":"tag-actu","9":"tag-actualites","10":"tag-angers","11":"tag-angers-vs-nantes","12":"tag-club-friendlies","13":"tag-eu","14":"tag-europe","15":"tag-f-moumbagna","16":"tag-fc-seville","17":"tag-fr","18":"tag-france","19":"tag-jeux-damitie-des-clubs","20":"tag-ligue-1","21":"tag-marseille","22":"tag-marseille-vs-fc-seville","23":"tag-marseille-vs-sevilla","24":"tag-mercato","25":"tag-nantes","26":"tag-news","27":"tag-provence-alpes-cote-dazur","28":"tag-republique-francaise","29":"tag-sevilla","30":"tag-transfers"},"share_on_mastodon":{"url":"https:\/\/pubeurope.com\/@fr\/114960861970552479","error":""},"_links":{"self":[{"href":"https:\/\/www.europesays.com\/fr\/wp-json\/wp\/v2\/posts\/292047","targetHints":{"allow":["GET"]}}],"collection":[{"href":"https:\/\/www.europesays.com\/fr\/wp-json\/wp\/v2\/posts"}],"about":[{"href":"https:\/\/www.europesays.com\/fr\/wp-json\/wp\/v2\/types\/post"}],"author":[{"embeddable":true,"href":"https:\/\/www.europesays.com\/fr\/wp-json\/wp\/v2\/users\/2"}],"replies":[{"embeddable":true,"href":"https:\/\/www.europesays.com\/fr\/wp-json\/wp\/v2\/comments?post=292047"}],"version-history":[{"count":0,"href":"https:\/\/www.europesays.com\/fr\/wp-json\/wp\/v2\/posts\/292047\/revisions"}],"wp:featuredmedia":[{"embeddable":true,"href":"https:\/\/www.europesays.com\/fr\/wp-json\/wp\/v2\/media\/292048"}],"wp:attachment":[{"href":"https:\/\/www.europesays.com\/fr\/wp-json\/wp\/v2\/media?parent=292047"}],"wp:term":[{"taxonomy":"category","embeddable":true,"href":"https:\/\/www.europesays.com\/fr\/wp-json\/wp\/v2\/categories?post=292047"},{"taxonomy":"post_tag","embeddable":true,"href":"https:\/\/www.europesays.com\/fr\/wp-json\/wp\/v2\/tags?post=292047"}],"curies":[{"name":"wp","href":"https:\/\/api.w.org\/{rel}","templated":true}]}}