{"id":292050,"date":"2025-08-02T19:39:18","date_gmt":"2025-08-02T19:39:18","guid":{"rendered":"https:\/\/www.europesays.com\/fr\/292050\/"},"modified":"2025-08-02T19:39:18","modified_gmt":"2025-08-02T19:39:18","slug":"apres-deux-cambriolages-le-cafe-associatif-chez-daddy-ferme-temporairement","status":"publish","type":"post","link":"https:\/\/www.europesays.com\/fr\/292050\/","title":{"rendered":"apr\u00e8s deux cambriolages, le caf\u00e9 associatif Chez Daddy ferme temporairement"},"content":{"rendered":"<p>Ferm\u00e9 jusqu\u2019\u00e0 nouvel ordre. Apr\u00e8s avoir \u00e9t\u00e9 victime d\u2019un cambriolage puis d\u2019une tentative de cambriolage en moins d\u2019une semaine, le caf\u00e9 associatif Chez Daddy , inaugur\u00e9 fin janvier, au <a href=\"https:\/\/www.leprogres.fr\/economie\/2023\/10\/20\/pour-maintenir-l-offre-commerciale-la-commune-preempte-deux-locaux\" target=\"_blank\" rel=\"noopener\">centre commercial Carr\u00e9 Montessuy<\/a>, situ\u00e9 dans ce quartier \u00e9ponyme de Caluire-et-Cuire, a d\u00e9cid\u00e9 de baisser le rideau. \u00ab On ferme le caf\u00e9 pour marquer le coup, parce que l\u2019\u00e9quipe est en stress \u00bb, exprime le pr\u00e9sident de l\u2019association, Philippe Albanel.<\/p>\n<p>Un auteur aurait laiss\u00e9 des traces de sang, lors du vol par effraction, survenu dans la nuit du dimanche 20 au lundi 21 juillet. Un suspect a \u00e9t\u00e9 arr\u00eat\u00e9 dans les environs, en marge de la tentative de cambriolage qui a suivi, o\u00f9 une vitre a \u00e9t\u00e9 partiellement cass\u00e9e, dans la nuit du vendredi 25 au samedi 26 juillet.<\/p>\n<p>Plac\u00e9 en garde \u00e0&#8230;<\/p>\n","protected":false},"excerpt":{"rendered":"Ferm\u00e9 jusqu\u2019\u00e0 nouvel ordre. Apr\u00e8s avoir \u00e9t\u00e9 victime d\u2019un cambriolage puis d\u2019une tentative de cambriolage en moins d\u2019une&hellip;\n","protected":false},"author":2,"featured_media":292051,"comment_status":"","ping_status":"","sticky":false,"template":"","format":"standard","meta":{"footnotes":""},"categories":[1889],"tags":[1111,11,2430,15843,15842,4406,271,272,33,2757,1777,674,274,107,1011,27,2428,12,25,2429],"class_list":{"0":"post-292050","1":"post","2":"type-post","3":"status-publish","4":"format-standard","5":"has-post-thumbnail","7":"category-lyon","8":"tag-actu","9":"tag-actualites","10":"tag-auvergne-rhone-alpes","11":"tag-caluire","12":"tag-caluire-et-cuire","13":"tag-commerce-et-services","14":"tag-crime","15":"tag-delit-et-contravention","16":"tag-economie","17":"tag-edition-lyon-villeurbanne","18":"tag-eu","19":"tag-europe","20":"tag-faits-divers-justice","21":"tag-fil-info","22":"tag-fr","23":"tag-france","24":"tag-lyon","25":"tag-news","26":"tag-republique-francaise","27":"tag-rhone"},"share_on_mastodon":{"url":"https:\/\/pubeurope.com\/@fr\/114960869765878940","error":""},"_links":{"self":[{"href":"https:\/\/www.europesays.com\/fr\/wp-json\/wp\/v2\/posts\/292050","targetHints":{"allow":["GET"]}}],"collection":[{"href":"https:\/\/www.europesays.com\/fr\/wp-json\/wp\/v2\/posts"}],"about":[{"href":"https:\/\/www.europesays.com\/fr\/wp-json\/wp\/v2\/types\/post"}],"author":[{"embeddable":true,"href":"https:\/\/www.europesays.com\/fr\/wp-json\/wp\/v2\/users\/2"}],"replies":[{"embeddable":true,"href":"https:\/\/www.europesays.com\/fr\/wp-json\/wp\/v2\/comments?post=292050"}],"version-history":[{"count":0,"href":"https:\/\/www.europesays.com\/fr\/wp-json\/wp\/v2\/posts\/292050\/revisions"}],"wp:featuredmedia":[{"embeddable":true,"href":"https:\/\/www.europesays.com\/fr\/wp-json\/wp\/v2\/media\/292051"}],"wp:attachment":[{"href":"https:\/\/www.europesays.com\/fr\/wp-json\/wp\/v2\/media?parent=292050"}],"wp:term":[{"taxonomy":"category","embeddable":true,"href":"https:\/\/www.europesays.com\/fr\/wp-json\/wp\/v2\/categories?post=292050"},{"taxonomy":"post_tag","embeddable":true,"href":"https:\/\/www.europesays.com\/fr\/wp-json\/wp\/v2\/tags?post=292050"}],"curies":[{"name":"wp","href":"https:\/\/api.w.org\/{rel}","templated":true}]}}