{"id":292052,"date":"2025-08-02T19:42:12","date_gmt":"2025-08-02T19:42:12","guid":{"rendered":"https:\/\/www.europesays.com\/fr\/292052\/"},"modified":"2025-08-02T19:42:12","modified_gmt":"2025-08-02T19:42:12","slug":"lallemagne-confrontee-a-une-vague-dincendies-sur-ses-lignes-ferroviaires-2","status":"publish","type":"post","link":"https:\/\/www.europesays.com\/fr\/292052\/","title":{"rendered":"L&rsquo;Allemagne confront\u00e9e \u00e0 une vague d&rsquo;incendies sur ses lignes ferroviaires"},"content":{"rendered":"\n<p class=\"c-chapo \">\n  Un nouvel incendie de c\u00e2bles, le troisi\u00e8me en quelques jours, s&rsquo;est d\u00e9clar\u00e9 sur une voie ferr\u00e9e vendredi soir, a annonc\u00e9 l&rsquo;exploitant du r\u00e9seau dans un communiqu\u00e9. La piste criminelle est privil\u00e9gi\u00e9e.\n<\/p>\n<p>            lire plus tard<\/p>\n<p id=\"dialog__title\" class=\"dialog__title\">Pour sauvegarder cet article, connectez-vous ou cr\u00e9ez un compte franceinfo<\/p>\n<p class=\"dialog__description\">Sans paiement. Sans abonnement.<\/p>\n<p>        Fermer la fen\u00eatre d\u2019activation des notifications France Info<\/p>\n<p>            cr\u00e9er votre compte<\/p>\n<p>            se connecter<\/p>\n<p>        Fermer la fen\u00eatre de pr\u00e9sentation<\/p>\n<p>    <img loading=\"lazy\" decoding=\"async\" class=\"signature__image lazyload\" width=\"100\" height=\"100\" data- alt=\"\" src=\"https:\/\/www.europesays.com\/fr\/wp-content\/uploads\/2025\/05\/64a68815cd1a7_placeholder-36b69ec8.png\"\/><\/p>\n<p>    Publi\u00e9 le 02\/08\/2025 20:23<\/p>\n<p>        Temps de lecture : 2min<\/p>\n<p>    <img decoding=\"async\"  alt=\"Un train passe en gare de Wustermark, en Allemagne, le  2 ao\u00fbt 2025. (MICHAEL BAHLO \/ DPA \/ AFP)\" width=\"432\" height=\"243\" src=\"https:\/\/www.europesays.com\/fr\/wp-content\/uploads\/2025\/08\/043-dpa-pa-250802-99-634595-dpai-688e563a08410975124267.jpg\" fetchpriority=\"high\"\/><\/p>\n<p>      Un train passe en gare de Wustermark, en Allemagne, le  2 ao\u00fbt 2025. (MICHAEL BAHLO \/ DPA \/ AFP)<\/p>\n<p>Des feux qui ont d\u00e9j\u00e0 perturb\u00e9 des \u00ab\u00a0dizaines de milliers de voyageurs\u00a0\u00bb. Un troisi\u00e8me incendie cette semaine a touch\u00e9 <a href=\"https:\/\/www.franceinfo.fr\/economie\/transports\/la-sncf-et-la-deutsche-bahn-s-associent-pour-creer-une-nouvelle-ligne-directe-a-grande-vitesse-entre-paris-et-berlin_6799324.html\" rel=\"nofollow noopener\" target=\"_blank\">une ligne ferroviaire allemande<\/a>, cette fois dans l&rsquo;est du pays, a d\u00e9clar\u00e9 samedi 2 a\u00f4ut, l&rsquo;exploitant du r\u00e9seau Deutsche Bahn, apr\u00e8s deux cas dans l&rsquo;ouest qui ont entra\u00een\u00e9 des perturbations. \u00ab\u00a0Vendredi soir, un nouvel incendie de c\u00e2bles s&rsquo;est d\u00e9clar\u00e9 sur une voie ferr\u00e9e\u00a0\u00bb destin\u00e9e au transport de marchandises, notamment de charbon, \u00e0 Hohenm\u00f6lsen, dans la r\u00e9gion de Saxe-Anhalt, a pr\u00e9cis\u00e9 l&rsquo;op\u00e9rateur dans un communiqu\u00e9.<\/p>\n<p>\u00ab\u00a0Selon les premiers \u00e9l\u00e9ments des enqu\u00eateurs, cet incendie de c\u00e2bles est \u00e9galement un incendie criminel\u00a0\u00bb, a affirm\u00e9 Deutsche Bahn. Dans le m\u00eame temps, l&rsquo;entreprise a d\u00e9clar\u00e9 avoir r\u00e9par\u00e9 les c\u00e2bles endommag\u00e9s par deux autres incendies criminels pr\u00e9sum\u00e9s sur la ligne entre D\u00fcsseldorf et Duisbourg, permettant un r\u00e9tablissement du trafic perturb\u00e9 depuis deux jours. \u00ab\u00a0Cinq c\u00e2bles d&rsquo;environ 20 m\u00e8tres chacun\u00a0\u00bb ont d\u00fb \u00eatre remplac\u00e9s, a-t-elle pr\u00e9cis\u00e9.<\/p>\n<p>Le premier des deux incendies, survenu jeudi sur un poste d&rsquo;aiguillage pr\u00e8s de D\u00fcsseldorf, a engendr\u00e9 d&rsquo;importantes perturbations du trafic ferroviaire sur des lignes tr\u00e8s fr\u00e9quent\u00e9es du bassin industriel de la Ruhr, reliant par exemple le nord de l&rsquo;Europe \u00e0 la Suisse. Le second incendie criminel pr\u00e9sum\u00e9 a eu lieu vendredi \u00e0 environ un kilom\u00e8tre du premier.<\/p>\n<p>\u00ab\u00a0Plusieurs centaines de trains par jour (&#8230;) ont \u00e9t\u00e9 affect\u00e9s\u00a0\u00bb, d\u00e9vi\u00e9s ou supprim\u00e9s, et \u00ab\u00a0des dizaines de milliers de voyageurs\u00a0\u00bb ont subi les cons\u00e9quences de ces incendies, a soulign\u00e9 Deutsche Bahn. Le premier incendie \u00ab\u00a0ressemble \u00e0 du sabotage\u00a0\u00bb, a d\u00e9clar\u00e9 un porte-parole de la police \u00e0 l&rsquo;AFP.<\/p>\n<p>Il a \u00e9t\u00e9 revendiqu\u00e9 par un groupe baptis\u00e9 \u00ab\u00a0Kommando Angry Birds\u00a0\u00bb dans une lettre publi\u00e9e sur la plateforme en ligne d&rsquo;extr\u00eame gauche Indymedia, dont la police a dit v\u00e9rifier l&rsquo;authenticit\u00e9. Ces derni\u00e8res ann\u00e9es, le r\u00e9seau ferroviaire allemand a connu d&rsquo;autres sabotages pr\u00e9sum\u00e9s, comme en octobre 2022 ou septembre 2023.<\/p>\n","protected":false},"excerpt":{"rendered":"Un nouvel incendie de c\u00e2bles, le troisi\u00e8me en quelques jours, s&rsquo;est d\u00e9clar\u00e9 sur une voie ferr\u00e9e vendredi soir,&hellip;\n","protected":false},"author":2,"featured_media":291958,"comment_status":"","ping_status":"","sticky":false,"template":"","format":"standard","meta":{"footnotes":""},"categories":[1888],"tags":[1111,1928,11,1927,1777,674,1011,27,12,1926,626,1925,25],"class_list":{"0":"post-292052","1":"post","2":"type-post","3":"status-publish","4":"format-standard","5":"has-post-thumbnail","7":"category-paris","8":"tag-actu","9":"tag-actu-paris","10":"tag-actualites","11":"tag-actualites-paris","12":"tag-eu","13":"tag-europe","14":"tag-fr","15":"tag-france","16":"tag-news","17":"tag-news-paris","18":"tag-paris","19":"tag-paris-news","20":"tag-republique-francaise"},"share_on_mastodon":{"url":"https:\/\/pubeurope.com\/@fr\/114960881684134289","error":""},"_links":{"self":[{"href":"https:\/\/www.europesays.com\/fr\/wp-json\/wp\/v2\/posts\/292052","targetHints":{"allow":["GET"]}}],"collection":[{"href":"https:\/\/www.europesays.com\/fr\/wp-json\/wp\/v2\/posts"}],"about":[{"href":"https:\/\/www.europesays.com\/fr\/wp-json\/wp\/v2\/types\/post"}],"author":[{"embeddable":true,"href":"https:\/\/www.europesays.com\/fr\/wp-json\/wp\/v2\/users\/2"}],"replies":[{"embeddable":true,"href":"https:\/\/www.europesays.com\/fr\/wp-json\/wp\/v2\/comments?post=292052"}],"version-history":[{"count":0,"href":"https:\/\/www.europesays.com\/fr\/wp-json\/wp\/v2\/posts\/292052\/revisions"}],"wp:featuredmedia":[{"embeddable":true,"href":"https:\/\/www.europesays.com\/fr\/wp-json\/wp\/v2\/media\/291958"}],"wp:attachment":[{"href":"https:\/\/www.europesays.com\/fr\/wp-json\/wp\/v2\/media?parent=292052"}],"wp:term":[{"taxonomy":"category","embeddable":true,"href":"https:\/\/www.europesays.com\/fr\/wp-json\/wp\/v2\/categories?post=292052"},{"taxonomy":"post_tag","embeddable":true,"href":"https:\/\/www.europesays.com\/fr\/wp-json\/wp\/v2\/tags?post=292052"}],"curies":[{"name":"wp","href":"https:\/\/api.w.org\/{rel}","templated":true}]}}