{"id":292053,"date":"2025-08-02T19:43:13","date_gmt":"2025-08-02T19:43:13","guid":{"rendered":"https:\/\/www.europesays.com\/fr\/292053\/"},"modified":"2025-08-02T19:43:13","modified_gmt":"2025-08-02T19:43:13","slug":"le-paris-fc-interesse-par-sikou-niakate-et-par-un-buteur-convoite-par-le-stade-rennais","status":"publish","type":"post","link":"https:\/\/www.europesays.com\/fr\/292053\/","title":{"rendered":"Le Paris FC int\u00e9ress\u00e9 par Sikou Niakat\u00e9 et par un buteur convoit\u00e9 par le Stade Rennais !"},"content":{"rendered":"<p>\t\t\t\t\t Le Paris FC ne compte pas faire de la figuration pour son retour en Ligue 1. Fort d&rsquo;un nouveau propri\u00e9taire qui est l&rsquo;un des plus riches au monde, le club parisien ne compte pas pour autant d\u00e9penser \u00e0 tout va, m\u00eame si le PFC n&rsquo;a pas h\u00e9sit\u00e9 \u00e0 l\u00e2cher 17 millions d&rsquo;euros pour Otavio, 9.5M\u20ac pour Nhoa Sangui et 7M\u20ac pour Moses Simon.\u00a0 <\/p>\n<p>Souhaitant b\u00e2tir une \u00e9quipe plus solide et ambitieuse, le Paris FC ne compte pas en rester l\u00e0, et pourrait encore l\u00e2cher un gros ch\u00e8que pour un d\u00e9fenseur. Selon le journaliste Patrick Juillard, le PFC est tr\u00e8s int\u00e9ress\u00e9 par Sikou Niakit\u00e9. \u00c0 26 ans, le d\u00e9fenseur central international malien apporterait l\u2019exp\u00e9rience europ\u00e9enne acquise \u00e0 Braga, o\u00f9 il s\u2019est impos\u00e9 comme un \u00e9l\u00e9ment incontournable au Portugal. <\/p>\n<p>Form\u00e9 \u00e0 Valenciennes, pass\u00e9 par Guingamp puis Metz, Niakat\u00e9 s\u00e9duit par sa polyvalence, sa capacit\u00e9 d\u2019anticipation et sa rigueur dans les duels. Un temps annonc\u00e9 du c\u00f4t\u00e9 de l\u2019OM et de l&rsquo;AS Monaco au d\u00e9but du mercato, il susciterait d\u00e9sormais l\u2019int\u00e9r\u00eat du Paris FC. <\/p>\n<p>Valoris\u00e9 autour des 15 millions d&rsquo;euros par Braga, Niakat\u00e9 repr\u00e9senterait \u00e0 coup s\u00fbr une recrue de choix pour le club parisien, m\u00eame s&rsquo;il est gaucher comme Otavio. Une crit\u00e8re qui peut paraitre bateau, mais de nombreux entra\u00eeneurs n&rsquo;aiment pas faire jouer deux gauchers ensemble en d\u00e9fense centrale. <\/p>\n<p>Toujours est-il que hormis cette s\u00e9duisante piste, le Paris FC souhaite encore recruter un gardien, un ou deux milieux de terrain, et surtout un num\u00e9ro 9 de haut niveau. Parmi les pistes \u00e0 l&rsquo;\u00e9tude, il y a notamment celle menant au <a class=\"liens\" href=\"https:\/\/www.jeunesfooteux.com\/Franculino-la-surprise-mercato-du-Stade-Rennais-pour-remplacer-Kalimuendo_a76944.html\" rel=\"nofollow noopener\" target=\"_blank\">buteur du\u00a0FC Midtjylland, Franculino, qui est \u00e9galement convoit\u00e9 par le Stade Rennais<\/a>.\u00a0 <\/p>\n<p>Ag\u00e9 de 21 ans,\u00a0le buteur bissau-guin\u00e9en auteur de 16 buts et 6 passes d\u00e9cisives lors de la saison 2024-2025, et qui a d\u00e9marr\u00e9 l\u2019exercice 2025-2026 en fanfare avec 5 buts en 3 rencontres, et valoris\u00e9 entre 15 et 20 millions d&rsquo;euros.\n\t\t\t\t <\/p>\n","protected":false},"excerpt":{"rendered":"Le Paris FC ne compte pas faire de la figuration pour son retour en Ligue 1. Fort d&rsquo;un&hellip;\n","protected":false},"author":2,"featured_media":292054,"comment_status":"","ping_status":"","sticky":false,"template":"","format":"standard","meta":{"footnotes":""},"categories":[1888],"tags":[1111,1928,11,1927,1777,674,1011,27,12,1926,626,1925,25],"class_list":{"0":"post-292053","1":"post","2":"type-post","3":"status-publish","4":"format-standard","5":"has-post-thumbnail","7":"category-paris","8":"tag-actu","9":"tag-actu-paris","10":"tag-actualites","11":"tag-actualites-paris","12":"tag-eu","13":"tag-europe","14":"tag-fr","15":"tag-france","16":"tag-news","17":"tag-news-paris","18":"tag-paris","19":"tag-paris-news","20":"tag-republique-francaise"},"share_on_mastodon":{"url":"https:\/\/pubeurope.com\/@fr\/114960885561004885","error":""},"_links":{"self":[{"href":"https:\/\/www.europesays.com\/fr\/wp-json\/wp\/v2\/posts\/292053","targetHints":{"allow":["GET"]}}],"collection":[{"href":"https:\/\/www.europesays.com\/fr\/wp-json\/wp\/v2\/posts"}],"about":[{"href":"https:\/\/www.europesays.com\/fr\/wp-json\/wp\/v2\/types\/post"}],"author":[{"embeddable":true,"href":"https:\/\/www.europesays.com\/fr\/wp-json\/wp\/v2\/users\/2"}],"replies":[{"embeddable":true,"href":"https:\/\/www.europesays.com\/fr\/wp-json\/wp\/v2\/comments?post=292053"}],"version-history":[{"count":0,"href":"https:\/\/www.europesays.com\/fr\/wp-json\/wp\/v2\/posts\/292053\/revisions"}],"wp:featuredmedia":[{"embeddable":true,"href":"https:\/\/www.europesays.com\/fr\/wp-json\/wp\/v2\/media\/292054"}],"wp:attachment":[{"href":"https:\/\/www.europesays.com\/fr\/wp-json\/wp\/v2\/media?parent=292053"}],"wp:term":[{"taxonomy":"category","embeddable":true,"href":"https:\/\/www.europesays.com\/fr\/wp-json\/wp\/v2\/categories?post=292053"},{"taxonomy":"post_tag","embeddable":true,"href":"https:\/\/www.europesays.com\/fr\/wp-json\/wp\/v2\/tags?post=292053"}],"curies":[{"name":"wp","href":"https:\/\/api.w.org\/{rel}","templated":true}]}}