{"id":292055,"date":"2025-08-02T19:44:09","date_gmt":"2025-08-02T19:44:09","guid":{"rendered":"https:\/\/www.europesays.com\/fr\/292055\/"},"modified":"2025-08-02T19:44:09","modified_gmt":"2025-08-02T19:44:09","slug":"hopital-de-montreuil-une-infirmiere-et-son-compagnon-mis-en-examen-pour-des-faits-dagressions-sexuelles-sur-des-bebes","status":"publish","type":"post","link":"https:\/\/www.europesays.com\/fr\/292055\/","title":{"rendered":"H\u00f4pital de Montreuil\u00a0: une infirmi\u00e8re et son compagnon mis en examen pour des faits d\u2019agressions sexuelles sur des b\u00e9b\u00e9s"},"content":{"rendered":"<p class=\"paragraph text_align_left lp-f-body-02\">Elle \u00e9tait soup\u00e7onn\u00e9e de violences et d\u2019abus sexuels sur des b\u00e9b\u00e9s \u00e0 l\u2019h\u00f4pital Andr\u00e9 Gr\u00e9goire de <a href=\"https:\/\/www.leparisien.fr\/seine-saint-denis-93\/montreuil-93100\/\" rel=\"nofollow noopener\" target=\"_blank\">Montreuil (Seine-Saint-Denis)<\/a>. L\u2019infirmi\u00e8re de 26 ans, qui s\u2019\u00e9tait rendue au commissariat de Clichy-Montfermeil ce mercredi pour se d\u00e9noncer, a \u00e9t\u00e9 mise en examen ce samedi pour agression sexuelle sur mineur de moins de 15 ans. Son compagnon, tout comme elle, l\u2019est lui aussi pour complicit\u00e9 d\u2019agression sexuelle, d\u00e9tention, captation et transmissions d\u2019images \u00e0 caract\u00e8re p\u00e9dopornographiques.<\/p>\n<p class=\"paragraph text_align_left lp-f-body-02\">Les deux mis en cause ont \u00e9t\u00e9 remis en libert\u00e9 sous contr\u00f4le judiciaire, avec interdiction d\u2019entrer en contact l\u2019un avec l\u2019autre, interdiction d\u2019entrer \u00e0 l\u2019h\u00f4pital et interdiction d\u2019exercer un m\u00e9tier en lien avec des mineurs. Les investigations se poursuivent.<\/p>\n<p class=\"paragraph text_align_left lp-f-body-02\">Apr\u00e8s les aveux de la jeune femme, une enqu\u00eate avait \u00e9t\u00e9 ouverte par les policiers. Elle aurait indiqu\u00e9 avoir film\u00e9 les attouchements pour les envoyer \u00e0 son conjoint \u00e9galement plac\u00e9 en garde \u00e0 vue, jeudi midi. Elle avait alors expliqu\u00e9 aux enqu\u00eateurs se trouver dans une situation d\u2019emprise vis-\u00e0-vis de cet homme.<\/p>\n<p>Deux suspects, un couple<\/p>\n<p class=\"paragraph text_align_left lp-f-body-02\">Le couple aurait \u00e9chang\u00e9 des images des abus qui auraient fuit\u00e9 sur les r\u00e9seaux sociaux. Ce samedi matin, le parquet de Bobigny indiquait au Parisien que les deux suspects avaient \u00e9t\u00e9 d\u00e9f\u00e9r\u00e9s \u00e0 l\u2019issue de leur garde \u00e0 vue.<\/p>\n<p class=\"paragraph text_align_left lp-f-body-02\">Ils ont \u00e9t\u00e9 pr\u00e9sent\u00e9s \u00e0 un juge d\u2019instruction d\u2019ici la fin de journ\u00e9e. Le parquet pr\u00e9cise \u00e9galement avoir ouvert une information judiciaire. Le couple est soup\u00e7onn\u00e9 d\u2019agressions ou de complicit\u00e9 d\u2019agressions sexuelles sur mineurs de 15 ans et de d\u00e9tention, enregistrement et transmission d\u2019images p\u00e9dopornographiques.<\/p>\n<p>L\u2019infirmi\u00e8re suspendue \u00e0 titre conservatoire<\/p>\n<p class=\"paragraph text_align_left lp-f-body-02\">Peu d\u2019\u00e9l\u00e9ments avaient filtr\u00e9 sur le profil des deux auteurs pr\u00e9sum\u00e9s de ces abus. Cependant, \u00ab apr\u00e8s v\u00e9rifications \u00bb, la direction du groupement hospitalier de territoire (GHT) Grand Paris Nord-Est \u2014 qui regroupe l\u2019h\u00f4pital Andr\u00e9 Gr\u00e9goire, l\u2019h\u00f4pital Robert-Ballanger \u00e0 Aulnay-sous-Bois et celui du Raincy-Montfermeil &#8211; a fait savoir dans un second communiqu\u00e9 que l\u2019infirmi\u00e8re plac\u00e9e en garde \u00e0 vue <a href=\"https:\/\/www.leparisien.fr\/seine-saint-denis-93\/une-grave-derive-personnelle-linfirmiere-qui-saccuse-dabus-sur-des-bebes-travaille-bien-a-lhopital-de-montreuil-01-08-2025-AQTC3CP5T5HMBMQ6OPIVWEEFWE.php\" rel=\"nofollow noopener\" target=\"_blank\">exer\u00e7ait bien \u00e0 l\u2019h\u00f4pital de Montreuil<\/a>, mais \u00ab exclusivement dans le service de r\u00e9animation n\u00e9onatale \u00bb, et non pas \u00e0 la maternit\u00e9. Quant \u00e0 son compagnon, Redouane E., il ne travaille pas \u00e0 l\u2019h\u00f4pital de Montreuil.<\/p>\n<p class=\"paragraph text_align_left lp-f-body-02\">Selon la direction de l\u2019\u00e9tablissement, l\u2019infirmi\u00e8re a \u00e9t\u00e9 suspendue \u00e0 titre conservatoire en attendant les conclusions de l\u2019enqu\u00eate. L\u2019h\u00f4pital a \u00e9galement pr\u00e9cis\u00e9 qu\u2019il se \u00ab constituerait partie civile dans le cadre des poursuites judiciaires \u00e0 venir \u00bb.<\/p>\n","protected":false},"excerpt":{"rendered":"Elle \u00e9tait soup\u00e7onn\u00e9e de violences et d\u2019abus sexuels sur des b\u00e9b\u00e9s \u00e0 l\u2019h\u00f4pital Andr\u00e9 Gr\u00e9goire de Montreuil (Seine-Saint-Denis).&hellip;\n","protected":false},"author":2,"featured_media":292056,"comment_status":"","ping_status":"","sticky":false,"template":"","format":"standard","meta":{"footnotes":""},"categories":[1888],"tags":[11,1777,674,118,1011,27,1944,12,626,25,1945],"class_list":{"0":"post-292055","1":"post","2":"type-post","3":"status-publish","4":"format-standard","5":"has-post-thumbnail","7":"category-paris","8":"tag-actualites","9":"tag-eu","10":"tag-europe","11":"tag-faits-divers","12":"tag-fr","13":"tag-france","14":"tag-ma-ville","15":"tag-news","16":"tag-paris","17":"tag-republique-francaise","18":"tag-seine-saint-denis"},"share_on_mastodon":{"url":"https:\/\/pubeurope.com\/@fr\/114960889732255120","error":""},"_links":{"self":[{"href":"https:\/\/www.europesays.com\/fr\/wp-json\/wp\/v2\/posts\/292055","targetHints":{"allow":["GET"]}}],"collection":[{"href":"https:\/\/www.europesays.com\/fr\/wp-json\/wp\/v2\/posts"}],"about":[{"href":"https:\/\/www.europesays.com\/fr\/wp-json\/wp\/v2\/types\/post"}],"author":[{"embeddable":true,"href":"https:\/\/www.europesays.com\/fr\/wp-json\/wp\/v2\/users\/2"}],"replies":[{"embeddable":true,"href":"https:\/\/www.europesays.com\/fr\/wp-json\/wp\/v2\/comments?post=292055"}],"version-history":[{"count":0,"href":"https:\/\/www.europesays.com\/fr\/wp-json\/wp\/v2\/posts\/292055\/revisions"}],"wp:featuredmedia":[{"embeddable":true,"href":"https:\/\/www.europesays.com\/fr\/wp-json\/wp\/v2\/media\/292056"}],"wp:attachment":[{"href":"https:\/\/www.europesays.com\/fr\/wp-json\/wp\/v2\/media?parent=292055"}],"wp:term":[{"taxonomy":"category","embeddable":true,"href":"https:\/\/www.europesays.com\/fr\/wp-json\/wp\/v2\/categories?post=292055"},{"taxonomy":"post_tag","embeddable":true,"href":"https:\/\/www.europesays.com\/fr\/wp-json\/wp\/v2\/tags?post=292055"}],"curies":[{"name":"wp","href":"https:\/\/api.w.org\/{rel}","templated":true}]}}