{"id":292057,"date":"2025-08-02T19:45:13","date_gmt":"2025-08-02T19:45:13","guid":{"rendered":"https:\/\/www.europesays.com\/fr\/292057\/"},"modified":"2025-08-02T19:45:13","modified_gmt":"2025-08-02T19:45:13","slug":"paris-fc-le-havre-1-1-meme-en-manque-de-recrues-les-parisiens-prets-a-deux-semaines-de-la-reprise","status":"publish","type":"post","link":"https:\/\/www.europesays.com\/fr\/292057\/","title":{"rendered":"Paris FC &#8211; Le Havre (1-1) : m\u00eame en manque de recrues, les Parisiens pr\u00eats \u00e0 deux semaines de la reprise"},"content":{"rendered":"<p class=\"paragraph text_align_left lp-f-body-02\">A deux semaines de son retour en <a href=\"https:\/\/www.leparisien.fr\/sports\/football\/ligue-1\/\" target=\"_blank\" rel=\"noreferrer nofollow noopener\">Ligue 1 <\/a>apr\u00e8s 46 ans d\u2019attente, le <a href=\"https:\/\/www.leparisien.fr\/sports\/football\/paris-fc\/\" target=\"_blank\" rel=\"noreferrer nofollow noopener\">Paris FC<\/a> poursuit sa bonne pr\u00e9paration. Pour son 4e match amical (2V, 1N, 1D), le club de la capitale a conc\u00e9d\u00e9 le match nul (1-1) face au Havre (L1) ce samedi \u00e0 huis clos dans son centre d\u2019entra\u00eenement \u00e0 Orly. <\/p>\n<p class=\"paragraph text_align_left lp-f-body-02\">\u00c0 l\u2019instar de la saison pass\u00e9e en L2, les Parisiens ont d\u00e9ploy\u00e9 leur philosophie de jeu bas\u00e9 sur du pressing haut et de possession du ballon. Et cela a plut\u00f4t bien march\u00e9 face \u00e0 une formation normande sauv\u00e9e de la rel\u00e9gation lors de la derni\u00e8re minute de la derni\u00e8re journ\u00e9e. <\/p>\n<p class=\"paragraph text_align_left lp-f-body-02\">Apr\u00e8s avoir conc\u00e9d\u00e9 une ouverture du score pr\u00e9coce sign\u00e9e Soumar\u00e9, les hommes de St\u00e9phane Gilli ont concr\u00e9tis\u00e9 leur domination \u00e0 la suite d\u2019un corner repris en deux temps par Pierre-Yves Hamel juste avant la pause. \u00ab Il y a eu beaucoup de bonnes choses, appr\u00e9cie l\u2019entra\u00eeneur St\u00e9phane Gilli. On est mont\u00e9 en intensit\u00e9 et en ma\u00eetrise collective par rapport \u00e0 nos principes de jeu. Il y a des matchs o\u00f9 on pourra avoir la possession et d\u2019autres o\u00f9 on ne pourra pas car les \u00e9quipes vont nous priver de ballon. Nous avons bien travaill\u00e9 notre syst\u00e8me depuis 2 ans et encore au stage (\u00e0 Evian). L\u2019avantage de pas avoir trop de recrues permet que les principes soient assimil\u00e9s par les joueurs. \u00bb<\/p>\n<p>Moses Simon d\u00e9j\u00e0 en vue<\/p>\n<p class=\"paragraph text_align_left lp-f-body-02\">Si l\u2019\u00e9quipe \u00e9tait effectivement en grande partie celle qui a brillamment acquis sa mont\u00e9e en L1 la saison pass\u00e9e, les deux recrues pr\u00e9sentes au coup d\u2019envoi se sont illustr\u00e9es sur le c\u00f4t\u00e9 gauche. <a href=\"https:\/\/www.leparisien.fr\/sports\/football\/ligue-1\/mercato-paris-fc-larrivee-de-moses-simon-officialisee-25-06-2025-IKZMX6EDBJEC7MR2K446OBSF2M.php\" target=\"_blank\" rel=\"noreferrer nofollow noopener\">Moses Simon<\/a>, arriv\u00e9 cet \u00e9t\u00e9 de Nantes contre une indemnit\u00e9 de transfert de 7M\u20ac, a multipli\u00e9 les percussions sur son c\u00f4t\u00e9, bien aid\u00e9 \u00e9galement par le lat\u00e9ral Nhoa Sangui, international U19, qui a d\u00e9barqu\u00e9 du Stade de Reims. Les deux ont su cr\u00e9er des automatismes en peu de temps. <\/p>\n<p class=\"paragraph text_align_left lp-f-body-02\">\u00ab On a travaill\u00e9 les connexions mais ce sont surtout des joueurs intelligents, insiste St\u00e9phane Gilli. On fait aussi beaucoup de vid\u00e9os. Noa et Moses doivent bien s\u2019occuper du couloir, apr\u00e8s c\u2019est \u00e0 eux de se d\u00e9brouiller. J\u2019esp\u00e8re qu\u2019ils vont encore progresser. \u00bb<\/p>\n<p><img decoding=\"async\" class=\"image \" loading=\"lazy\" src=\"https:\/\/www.europesays.com\/fr\/wp-content\/uploads\/2025\/08\/ZCQQZQOFU5C4PBT6YF6JETHAXE.jpg\" alt=\"Moses Simon a multipli\u00e9 les percussions c\u00f4t\u00e9 droit. LP \/ Fred Dugit \" align=\"\" data-rubrique-principale=\"\" data-article-type=\"\" fetchpriority=\"auto\"\/>Moses Simon a multipli\u00e9 les percussions c\u00f4t\u00e9 droit. LP \/ Fred Dugit <\/p>\n<p class=\"paragraph text_align_left lp-f-body-02\"><a href=\"https:\/\/www.leparisien.fr\/sports\/football\/ligue-1\/gros-potentiel-physique-dur-dans-les-duels-mais-pas-toujours-fiable-qui-est-otavio-la-recrue-du-paris-fc-23-07-2025-ZBRBZD3ZOZGNDLZ5NUCPFMVLFU.php\" target=\"_blank\" rel=\"noreferrer nofollow noopener\">La recrue br\u00e9silienne Otavio<\/a> en provenance du FC Porto pour un montant record (12 millions d\u2019euros) n\u2019a lui disput\u00e9 que le dernier quart d\u2019heure. \u00ab Il a particip\u00e9 \u00e0 la Coupe du monde des clubs, il est parti en vacances tard puis nous a rejoints au stage donc il n\u2019a pas eu trop de temps de pr\u00e9paration, indique le coach parisien. Il faut faire attention. C\u2019est un joueur avec beaucoup de puissance. Il ne faut pas qu\u2019il se blesse. On l\u2019a fait jouer 30 minutes contre Sion, l\u00e0 15-20 minutes, contre l\u2019UNFP ce mercredi, Otavio aura plus de temps de jeu. Il faut l\u2019amener \u00e0 \u00eatre pr\u00eat physiquement. \u00bb<\/p>\n<p>\u00ab C\u2019est une p\u00e9riode compliqu\u00e9e \u00bb<\/p>\n<p class=\"paragraph text_align_left lp-f-body-02\">Plusieurs joueurs majeurs manquaient \u00e0 l\u2019appel comme Maxime Lopez, victime d\u2019une tendinite. Il fera son retour \u00e0 l\u2019entra\u00eenement ce mardi tout comme son grand fr\u00e8re Julien, Alimami Gory et Vincent Marchetti qui ont eu de petites alertes sur le plan physique. Mais rien de grave. Lamine Gueye, touch\u00e9 aux c\u00f4tes lors du premier match amical contre l\u2019Union Saint-Gilloise (d\u00e9faite 1-0) fera, lui, son retour un peu plus tard.<\/p>\n<p class=\"paragraph text_align_left lp-f-body-02\">C\u00f4t\u00e9 mercato, le PFC peine \u00e0 valider plusieurs pistes et n\u2019a pour le moment que trois renforts. Un quatri\u00e8me devrait arriver rapidement avec le retour d\u2019Hamari Traor\u00e9 (33 ans). Le lat\u00e9ral droit de la Real Sociedad apporterait toute son exp\u00e9rience sur le c\u00f4t\u00e9 droit. \u00ab C\u2019est une p\u00e9riode compliqu\u00e9e. On travaille tr\u00e8s bien, on esp\u00e8re une ou deux arriv\u00e9es dans la semaine \u00bb, l\u00e2che St\u00e9phane Gilli. <\/p>\n<p class=\"paragraph text_align_left lp-f-body-02\">Le PFC cherche toujours un milieu d\u00e9fensif. <a href=\"https:\/\/www.leparisien.fr\/sports\/football\/ligue-1\/de-la-joie-de-la-fierte-aussi-benjamin-andre-prolonge-son-contrat-avec-lille-et-echappe-au-paris-fc-26-07-2025-SBTLX7VQVFA6FKVTN55CXBXUJU.php\" target=\"_blank\" rel=\"noreferrer nofollow noopener\">Apr\u00e8s avoir manqu\u00e9 Benjamin Andr\u00e9<\/a>, qui a r\u00e9sign\u00e9 \u00e0 Lille, les dirigeants pensent \u00e0 Amadou Ha\u00efdara (RB Leipzig) selon L\u2019\u00c9quipe. Un avant-centre et un ailier sont \u00e9galement esp\u00e9r\u00e9s. Mais, \u00e0 part un \u00e9norme coup d\u2019acc\u00e9l\u00e9rateur durant la semaine, il y a de fortes chances que l\u2019ambitieux promu d\u00e9bute sa saison au sein de l\u2019\u00e9lite le 17 ao\u00fbt \u00e0 Angers avec une \u00e9quipe \u00e0 tr\u00e8s forte consonance de celle de l\u2019an pass\u00e9.<\/p>\n<p class=\"paragraph text_align_left lp-f-body-02\"><b>La feuille de match : <\/b><\/p>\n<p class=\"paragraph text_align_left lp-f-body-02\"><b>PARIS FC (L1) &#8211; LE HAVRE (L1) : 1-1 (1-1). <\/b>Arbitre : M. Bucquet. <\/p>\n<p class=\"paragraph text_align_left lp-f-body-02\"><b>Buts. <\/b>Paris FC : Hamel (40e) ; Le Havre : Soumar\u00e9 (8e). <\/p>\n<p class=\"paragraph text_align_left lp-f-body-02\"><b>Paris FC : <\/b>Nkambadio &#8211; Chergui (Tourraine, 62e), Kolodziejczak (cap.) (Otavio, 73e), Mbow (Oliila, 73e), Sangui (De Smet, 73e) &#8211; Kebbal (Manyim, 73e), Camara (Kore, 73e), Doucet (El Kit, 62e), Simon (Gaudin, 73e) &#8211; Hamel (Krasso, 46e), El Hadary (Dicko, 46e).<b> Entr. : <\/b>Gilli. <\/p>\n","protected":false},"excerpt":{"rendered":"A deux semaines de son retour en Ligue 1 apr\u00e8s 46 ans d\u2019attente, le Paris FC poursuit sa&hellip;\n","protected":false},"author":2,"featured_media":292058,"comment_status":"","ping_status":"","sticky":false,"template":"","format":"standard","meta":{"footnotes":""},"categories":[1888],"tags":[11,1777,674,63,1011,27,66,12,626,25,60],"class_list":{"0":"post-292057","1":"post","2":"type-post","3":"status-publish","4":"format-standard","5":"has-post-thumbnail","7":"category-paris","8":"tag-actualites","9":"tag-eu","10":"tag-europe","11":"tag-football","12":"tag-fr","13":"tag-france","14":"tag-ligue-1","15":"tag-news","16":"tag-paris","17":"tag-republique-francaise","18":"tag-sports"},"share_on_mastodon":{"url":"https:\/\/pubeurope.com\/@fr\/114960893540206998","error":""},"_links":{"self":[{"href":"https:\/\/www.europesays.com\/fr\/wp-json\/wp\/v2\/posts\/292057","targetHints":{"allow":["GET"]}}],"collection":[{"href":"https:\/\/www.europesays.com\/fr\/wp-json\/wp\/v2\/posts"}],"about":[{"href":"https:\/\/www.europesays.com\/fr\/wp-json\/wp\/v2\/types\/post"}],"author":[{"embeddable":true,"href":"https:\/\/www.europesays.com\/fr\/wp-json\/wp\/v2\/users\/2"}],"replies":[{"embeddable":true,"href":"https:\/\/www.europesays.com\/fr\/wp-json\/wp\/v2\/comments?post=292057"}],"version-history":[{"count":0,"href":"https:\/\/www.europesays.com\/fr\/wp-json\/wp\/v2\/posts\/292057\/revisions"}],"wp:featuredmedia":[{"embeddable":true,"href":"https:\/\/www.europesays.com\/fr\/wp-json\/wp\/v2\/media\/292058"}],"wp:attachment":[{"href":"https:\/\/www.europesays.com\/fr\/wp-json\/wp\/v2\/media?parent=292057"}],"wp:term":[{"taxonomy":"category","embeddable":true,"href":"https:\/\/www.europesays.com\/fr\/wp-json\/wp\/v2\/categories?post=292057"},{"taxonomy":"post_tag","embeddable":true,"href":"https:\/\/www.europesays.com\/fr\/wp-json\/wp\/v2\/tags?post=292057"}],"curies":[{"name":"wp","href":"https:\/\/api.w.org\/{rel}","templated":true}]}}