{"id":292063,"date":"2025-08-02T19:48:14","date_gmt":"2025-08-02T19:48:14","guid":{"rendered":"https:\/\/www.europesays.com\/fr\/292063\/"},"modified":"2025-08-02T19:48:14","modified_gmt":"2025-08-02T19:48:14","slug":"les-etats-unis-elaborent-un-tres-tres-bon-plan-pour-mettre-fin-a-la-guerre","status":"publish","type":"post","link":"https:\/\/www.europesays.com\/fr\/292063\/","title":{"rendered":"les \u00c9tats-Unis \u00e9laborent \u00ab\u00a0un tr\u00e8s, tr\u00e8s bon plan\u00a0\u00bb pour mettre fin \u00e0 la guerre"},"content":{"rendered":"<blockquote class=\"video-dailymotion-unloaded\" data-playerid=\"x9fof\" data-videoid=\"x9mocnm\" data-ads-params=\"\"\/><p>L&rsquo;\u00e9missaire am\u00e9ricain pour le Moyen-Orient, Steve Witkoff, a d\u00e9clar\u00e9, samedi 2\u00a0ao\u00fbt, travailler avec le gouvernement isra\u00e9lien de Benyamin Netanyahou pour construire un plan visant \u00e0 mettre fin \u00e0 la guerre \u00e0 <a class=\"Link\" href=\"https:\/\/www.lepoint.fr\/tags\/gaza\" rel=\"nofollow noopener\" target=\"_blank\">Gaza<\/a>. \u00ab\u00a0Nous avons un tr\u00e8s, tr\u00e8s bon plan sur lequel nous travaillons collectivement avec le gouvernement isra\u00e9lien [\u2026] pour la reconstruction de Gaza. Cela signifie concr\u00e8tement la fin de la guerre\u00a0\u00bb, a-t-il d\u00e9clar\u00e9 aux familles des otages isra\u00e9liens d\u00e9tenus par le Hamas, selon un enregistrement de la r\u00e9union consult\u00e9 par Reuters.<\/p>\n<p>Il a \u00e9galement affirm\u00e9 que le Hamas \u00e9tait pr\u00eat \u00e0 abandonner les armes afin de mettre fin \u00e0 la guerre. Cependant, ce dernier a fait savoir en r\u00e9ponse \u00e0 ses propos qu&rsquo;il ne pouvait renoncer \u00e0 son droit \u00e0 la \u00ab\u00a0r\u00e9sistance arm\u00e9e\u00a0\u00bb \u00e0 moins qu&rsquo;un \u00ab\u00a0\u00c9tat palestinien ind\u00e9pendant et pleinement souverain avec J\u00e9rusalem pour capitale\u00a0\u00bb ne soit \u00e9tabli.<\/p>\n<p>Par la suite, un haut responsable isra\u00e9lien a d\u00e9clar\u00e9 qu&rsquo;un accord \u00e9tait en train d&rsquo;\u00e9merger entre Isra\u00ebl et Washington visant \u00e0 lib\u00e9rer tous les otages, \u00e0 d\u00e9sarmer le Hamas et \u00e0 d\u00e9militariser la bande de Gaza. Contact\u00e9e par Reuters, la Maison-Blanche n&rsquo;a pas r\u00e9pondu \u00e0 une demande de commentaire dans l&rsquo;imm\u00e9diat.<\/p>\n<p>Steve Witkoff est arriv\u00e9 jeudi en Isra\u00ebl dans un contexte de pression diplomatique accrue sur l&rsquo;\u00c9tat h\u00e9breu, <a class=\"Link\" href=\"https:\/\/www.lepoint.fr\/monde\/france-royaume-uni-canada-tous-ces-pays-qui-ont-fait-un-pas-vers-la-reconnaissance-d-un-etat-palestinien-31-07-2025-2595492_24.php\" title=\"\" data-gtm=\"click:capsule\" data-capsule=\"Lien\" rel=\"nofollow noopener\" target=\"_blank\">le Canada ayant \u00e0 son tour annonc\u00e9, apr\u00e8s la France et le Royaume-Uni,<\/a> qu&rsquo;il envisageait de reconna\u00eetre un \u00c9tat palestinien.<\/p>\n<p>M\u00e9diations pour un cessez-le-feu<\/p>\n<p>Par ailleurs, un nouveau cycle de n\u00e9gociations pour un accord de cessez-le-feu entre le Hamas et Isra\u00ebl a achopp\u00e9 la semaine derni\u00e8re \u00e0 Doha, au Qatar, chaque partie se rejetant la responsabilit\u00e9 de l&rsquo;\u00e9chec des pourparlers. Isra\u00ebl consid\u00e8re le d\u00e9sarmement du Hamas comme une condition essentielle \u00e0 tout accord de cessez-le-feu, mais le groupe islamiste a d\u00e9clar\u00e9 \u00e0 plusieurs reprises qu&rsquo;il n&rsquo;y \u00e9tait pas dispos\u00e9.<\/p>\n<p><a class=\"Link\" href=\"https:\/\/www.lepoint.fr\/monde\/guerre-a-gaza-enfin-une-avancee-pour-les-negociations-entre-le-hamas-et-israel-10-07-2025-2594096_24.php\" title=\"\" data-gtm=\"click:capsule\" data-capsule=\"Lien\" rel=\"nofollow noopener\" target=\"_blank\">Le Qatar et l&rsquo;\u00c9gypte, qui servent de m\u00e9diateurs<\/a> dans les n\u00e9gociations de cessez-le-feu, ont soutenu une d\u00e9claration de la France et de l&rsquo;Arabie saoudite mardi fixant des \u00ab\u00a0mesures tangibles, d\u00e9finies dans le temps et irr\u00e9versibles\u00a0\u00bb vers la mise en \u0153uvre d&rsquo;une solution \u00e0 deux \u00c9tats.<\/p>\n<p>\n\u00c0 D\u00e9couvrir<br \/>\n<strong class=\"discover-kangourou__line\"><br \/>\n<img decoding=\"async\" class=\"discover-kangourou__img\" src=\"https:\/\/static.lpnt.fr\/static\/img\/kangourou\/kangourou_filled.svg\"\/><br \/>\n<strong class=\"discover-kangourou__txt\"><br \/>\n<strong>Le Kangourou du jour<\/strong><br \/>\n<a href=\"https:\/\/kangourou.lepoint.fr\" title=\"kangourou\" data-gtm-cta=\"kangourou_article\" class=\"discover-kangourou__lnk\" rel=\"nofollow noopener\" target=\"_blank\"><br \/>\nR\u00e9pondre<br \/>\n<\/a><br \/>\n<\/strong><br \/>\n<\/strong><br \/>\nLe document pr\u00e9voit comme premi\u00e8re \u00e9tape la fin de la guerre entre Isra\u00ebl et le Hamas dans la bande de Gaza, avant l&rsquo;installation d&rsquo;une commission de transition charg\u00e9e d&rsquo;op\u00e9rer dans l&rsquo;enclave palestinienne sous la tutelle de l&rsquo;Autorit\u00e9 palestinienne. Le Premier ministre isra\u00e9lien Benyamin Netanyahou a rejet\u00e9 tout \u00c9tat palestinien ind\u00e9pendant et revendiqu\u00e9 un pouvoir souverain en mati\u00e8re de s\u00e9curit\u00e9.<\/p>\n<p>Il a \u00e9galement critiqu\u00e9 le Royaume-Uni et le Canada, qui ont annonc\u00e9 leur intention de reconna\u00eetre un \u00c9tat palestinien, qualifiant cette d\u00e9cision de r\u00e9compense pour le Hamas.<\/p>\n<p>Toute l\u2019actualit\u00e9 \u00e0 1\u20ac le premier mois<\/p>\n<p><a href=\"https:\/\/abo.lepoint.fr\/?provenance=21EDI020098\" class=\"btn\" title=\"S&#039;abonner\" data-gtm=\"click:abo|display:abo\" data-campaign=\"paywall_maison\" rel=\"nofollow noopener\" target=\"_blank\">S&rsquo;abonner<\/a><\/p>\n<p>ou<\/p>\n","protected":false},"excerpt":{"rendered":"L&rsquo;\u00e9missaire am\u00e9ricain pour le Moyen-Orient, Steve Witkoff, a d\u00e9clar\u00e9, samedi 2\u00a0ao\u00fbt, travailler avec le gouvernement isra\u00e9lien de Benyamin&hellip;\n","protected":false},"author":2,"featured_media":292064,"comment_status":"","ping_status":"","sticky":false,"template":"","format":"standard","meta":{"footnotes":""},"categories":[1589],"tags":[11,73,1866,12,1864,1865,1863,308],"class_list":{"0":"post-292063","1":"post","2":"type-post","3":"status-publish","4":"format-standard","5":"has-post-thumbnail","7":"category-etats-unis","8":"tag-actualites","9":"tag-etats-unis","10":"tag-etats-unis-damerique","11":"tag-news","12":"tag-united-states","13":"tag-united-states-of-america","14":"tag-us","15":"tag-usa"},"share_on_mastodon":{"url":"https:\/\/pubeurope.com\/@fr\/114960905286731728","error":""},"_links":{"self":[{"href":"https:\/\/www.europesays.com\/fr\/wp-json\/wp\/v2\/posts\/292063","targetHints":{"allow":["GET"]}}],"collection":[{"href":"https:\/\/www.europesays.com\/fr\/wp-json\/wp\/v2\/posts"}],"about":[{"href":"https:\/\/www.europesays.com\/fr\/wp-json\/wp\/v2\/types\/post"}],"author":[{"embeddable":true,"href":"https:\/\/www.europesays.com\/fr\/wp-json\/wp\/v2\/users\/2"}],"replies":[{"embeddable":true,"href":"https:\/\/www.europesays.com\/fr\/wp-json\/wp\/v2\/comments?post=292063"}],"version-history":[{"count":0,"href":"https:\/\/www.europesays.com\/fr\/wp-json\/wp\/v2\/posts\/292063\/revisions"}],"wp:featuredmedia":[{"embeddable":true,"href":"https:\/\/www.europesays.com\/fr\/wp-json\/wp\/v2\/media\/292064"}],"wp:attachment":[{"href":"https:\/\/www.europesays.com\/fr\/wp-json\/wp\/v2\/media?parent=292063"}],"wp:term":[{"taxonomy":"category","embeddable":true,"href":"https:\/\/www.europesays.com\/fr\/wp-json\/wp\/v2\/categories?post=292063"},{"taxonomy":"post_tag","embeddable":true,"href":"https:\/\/www.europesays.com\/fr\/wp-json\/wp\/v2\/tags?post=292063"}],"curies":[{"name":"wp","href":"https:\/\/api.w.org\/{rel}","templated":true}]}}